{"id":54198,"date":"2014-12-16T09:33:08","date_gmt":"2014-12-16T12:33:08","guid":{"rendered":"http:\/\/www.eltrabajo.cl\/portal\/?p=54198"},"modified":"2014-12-16T09:33:08","modified_gmt":"2014-12-16T12:33:08","slug":"dirigenta-de-putaendo-elegida-consejera-regional-de-la-seremi-de-salud","status":"publish","type":"post","link":"https:\/\/eltrabajo.cl\/portal\/dirigenta-de-putaendo-elegida-consejera-regional-de-la-seremi-de-salud\/","title":{"rendered":"Dirigenta de Putaendo elegida Consejera Regional de la Seremi de Salud"},"content":{"rendered":"<figure id=\"attachment_54199\" aria-describedby=\"caption-attachment-54199\" style=\"width: 294px\" class=\"wp-caption alignleft\"><a href=\"https:\/\/i0.wp.com\/www.eltrabajo.cl\/portal\/wp-content\/uploads\/2014\/12\/MARIA-SALINAS.jpg\"><img data-recalc-dims=\"1\" loading=\"lazy\" decoding=\"async\" class=\"wp-image-54199 size-medium\" src=\"https:\/\/i0.wp.com\/www.eltrabajo.cl\/portal\/wp-content\/uploads\/2014\/12\/MARIA-SALINAS-294x300.jpg?resize=294%2C300\" alt=\"La destacada y esforzada dirigente, Mar\u00eda Salinas Garc\u00eda, recientemente fue elegida Consejera Regional de la Seremi de Salud de la V Regi\u00f3n.\" width=\"294\" height=\"300\" srcset=\"https:\/\/i0.wp.com\/eltrabajo.cl\/portal\/wp-content\/uploads\/2014\/12\/MARIA-SALINAS.jpg?resize=294%2C300&amp;ssl=1 294w, https:\/\/i0.wp.com\/eltrabajo.cl\/portal\/wp-content\/uploads\/2014\/12\/MARIA-SALINAS.jpg?resize=147%2C150&amp;ssl=1 147w, https:\/\/i0.wp.com\/eltrabajo.cl\/portal\/wp-content\/uploads\/2014\/12\/MARIA-SALINAS.jpg?w=529&amp;ssl=1 529w\" sizes=\"auto, (max-width: 294px) 100vw, 294px\" \/><\/a><figcaption id=\"caption-attachment-54199\" class=\"wp-caption-text\">La destacada y esforzada dirigente, Mar\u00eda Salinas Garc\u00eda, recientemente fue elegida Consejera Regional de la Seremi de Salud de la V Regi\u00f3n.<\/figcaption><\/figure>\n<p><strong>PUTAENDO<\/strong>.- La destacada y esforzada dirigente, Mar\u00eda Salinas Garc\u00eda, recientemente fue elegida Consejera Regional de la Seremi de Salud de la V Regi\u00f3n, representando a San Felipe, en reconocimiento a su m\u00e9rito y gesti\u00f3n en el \u00e1rea de la salud primaria, en la que se ha desempe\u00f1ado principalmente como presidente de Codelo del Cesfam Valle Los Libertadores de Putaendo, desde donde ha impulsado importantes iniciativas.<br \/>\nSalinas adem\u00e1s es directora de la Federaci\u00f3n de Uniones Comunales V Cordillera y ha desempe\u00f1ado una gran labor en organizaciones como la Junta de Vecinos de El Arenal y Uni\u00f3n Comunal de Juntas de Vecinos Valle de Putaendo.<br \/>\nSalinas se mostr\u00f3 agradecida por esta oportunidad e indic\u00f3 que su nombre hab\u00eda estado en consideraci\u00f3n desde hace bastante tiempo, hasta que le pidieron que postulara al cargo, resultando electa como consejera regional de la Seremi de Salud, representando a nuestra provincia.<br \/>\n\u00abPara m\u00ed este es un nuevo e importante desaf\u00edo, durante bastante tiempo me he desarrollado en el \u00e1rea de la Salud, principalmente en el Cesfam y espero ahora como Consejera Regional de la Seremi de Salud V Regi\u00f3n seguir promoviendo iniciativas que vayan en directo beneficio de la salud y de los usuarios\u00bb. Felicitamos a la dirigente Mar\u00eda Salinas por este importante logro y le deseamos el mejor de los \u00e9xitos en su nueva gesti\u00f3n.<br \/>\nPatricio Gallardo M.<\/p>\n","protected":false},"excerpt":{"rendered":"<p>PUTAENDO.- La destacada y esforzada dirigente, Mar\u00eda Salinas Garc\u00eda, recientemente fue elegida Consejera Regional de la Seremi de Salud de la V Regi\u00f3n, representando a San Felipe, en reconocimiento a su m\u00e9rito&#8230;<\/p>\n","protected":false},"author":482,"featured_media":54199,"comment_status":"open","ping_status":"closed","sticky":false,"template":"","format":"standard","meta":{"advanced_seo_description":"","jetpack_seo_html_title":"","jetpack_seo_noindex":false,"_jetpack_memberships_contains_paid_content":false,"footnotes":""},"categories":[15],"tags":[],"class_list":["post-54198","post","type-post","status-publish","format-standard","has-post-thumbnail","hentry","category-comunidad"],"jetpack_featured_media_url":"https:\/\/i0.wp.com\/eltrabajo.cl\/portal\/wp-content\/uploads\/2014\/12\/MARIA-SALINAS.jpg?fit=529%2C538&ssl=1","jetpack_sharing_enabled":true,"jetpack_likes_enabled":true,"jetpack-related-posts":[],"_links":{"self":[{"href":"https:\/\/eltrabajo.cl\/portal\/wp-json\/wp\/v2\/posts\/54198","targetHints":{"allow":["GET"]}}],"collection":[{"href":"https:\/\/eltrabajo.cl\/portal\/wp-json\/wp\/v2\/posts"}],"about":[{"href":"https:\/\/eltrabajo.cl\/portal\/wp-json\/wp\/v2\/types\/post"}],"author":[{"embeddable":true,"href":"https:\/\/eltrabajo.cl\/portal\/wp-json\/wp\/v2\/users\/482"}],"replies":[{"embeddable":true,"href":"https:\/\/eltrabajo.cl\/portal\/wp-json\/wp\/v2\/comments?post=54198"}],"version-history":[{"count":0,"href":"https:\/\/eltrabajo.cl\/portal\/wp-json\/wp\/v2\/posts\/54198\/revisions"}],"wp:featuredmedia":[{"embeddable":true,"href":"https:\/\/eltrabajo.cl\/portal\/wp-json\/wp\/v2\/media\/54199"}],"wp:attachment":[{"href":"https:\/\/eltrabajo.cl\/portal\/wp-json\/wp\/v2\/media?parent=54198"}],"wp:term":[{"taxonomy":"category","embeddable":true,"href":"https:\/\/eltrabajo.cl\/portal\/wp-json\/wp\/v2\/categories?post=54198"},{"taxonomy":"post_tag","embeddable":true,"href":"https:\/\/eltrabajo.cl\/portal\/wp-json\/wp\/v2\/tags?post=54198"}],"curies":[{"name":"wp","href":"https:\/\/api.w.org\/{rel}","templated":true}]}}