{"id":54201,"date":"2014-12-16T09:33:56","date_gmt":"2014-12-16T12:33:56","guid":{"rendered":"http:\/\/www.eltrabajo.cl\/portal\/?p=54201"},"modified":"2014-12-16T09:33:56","modified_gmt":"2014-12-16T12:33:56","slug":"jardin-enanitos-del-bosque-recibe-444-000-fondo-presidente-de-la-republica","status":"publish","type":"post","link":"https:\/\/eltrabajo.cl\/portal\/jardin-enanitos-del-bosque-recibe-444-000-fondo-presidente-de-la-republica\/","title":{"rendered":"Jard\u00edn Enanitos del Bosque recibe $444.000 Fondo Presidente de la Rep\u00fablica"},"content":{"rendered":"<figure id=\"attachment_54202\" aria-describedby=\"caption-attachment-54202\" style=\"width: 528px\" class=\"wp-caption alignnone\"><a href=\"https:\/\/i0.wp.com\/www.eltrabajo.cl\/portal\/wp-content\/uploads\/2014\/12\/Jardin12.jpg\"><img data-recalc-dims=\"1\" loading=\"lazy\" decoding=\"async\" class=\"size-full wp-image-54202\" src=\"https:\/\/i0.wp.com\/www.eltrabajo.cl\/portal\/wp-content\/uploads\/2014\/12\/Jardin12.jpg?resize=528%2C316\" alt=\"En la ocasi\u00f3n se hizo entrega de un cheque por un monto superior a los $444.000, de manos del Gobernador Eduardo Le\u00f3n.\" width=\"528\" height=\"316\" srcset=\"https:\/\/i0.wp.com\/eltrabajo.cl\/portal\/wp-content\/uploads\/2014\/12\/Jardin12.jpg?w=528&amp;ssl=1 528w, https:\/\/i0.wp.com\/eltrabajo.cl\/portal\/wp-content\/uploads\/2014\/12\/Jardin12.jpg?resize=200%2C119&amp;ssl=1 200w, https:\/\/i0.wp.com\/eltrabajo.cl\/portal\/wp-content\/uploads\/2014\/12\/Jardin12.jpg?resize=300%2C179&amp;ssl=1 300w, https:\/\/i0.wp.com\/eltrabajo.cl\/portal\/wp-content\/uploads\/2014\/12\/Jardin12.jpg?resize=150%2C89&amp;ssl=1 150w, https:\/\/i0.wp.com\/eltrabajo.cl\/portal\/wp-content\/uploads\/2014\/12\/Jardin12.jpg?resize=400%2C239&amp;ssl=1 400w\" sizes=\"auto, (max-width: 528px) 100vw, 528px\" \/><\/a><figcaption id=\"caption-attachment-54202\" class=\"wp-caption-text\">En la ocasi\u00f3n se hizo entrega de un cheque por un monto superior a los $444.000, de manos del Gobernador Eduardo Le\u00f3n.<\/figcaption><\/figure>\n<p>En el gabinete de la Gobernaci\u00f3n Provincial San Felipe de Aconcagua, el Gobernador Eduardo Le\u00f3n encabez\u00f3 la entrega del aporte correspondiente al Fondo Social Presidente de la Rep\u00fablica y que en esta oportunidad recibi\u00f3 un Jard\u00edn VTF de la comuna de Panquehue.<br \/>\nEn la ocasi\u00f3n el Gobernador Le\u00f3n resalt\u00f3 los recursos se\u00f1alando que \u201ca trav\u00e9s de estos recursos a las organizaciones les permite financiar proyectos sociales que apoyen y complementen las pol\u00edticas de inversi\u00f3n social del Gobierno\u201d.<br \/>\nViviana Gonz\u00e1lez, t\u00e9cnico asistente del Jard\u00edn infantil Enanitos del bosque, dijo que \u201cesta es una oportunidad para agradecer al gobierno, ya que gracias al apoyo que hemos recibido nos permite mejorar la calidad de vida de nuestro entorno. Hemos sentido la disposici\u00f3n y apoyo de la gobernaci\u00f3n y de la autoridad, y con este dinero compraremos libreros, rack y ba\u00fal para el Centro de padres del jard\u00edn\u201d, subray\u00f3.<br \/>\nAsimismo para Le\u00f3n, \u201cestos fondos est\u00e1n dirigidos a suplir las necesidades m\u00e1s sentidas de las diferentes organizaciones comunitarias (\u2026) hoy hemos hecho entrega a quienes requer\u00edan de este apoyo, y con esto cobran nueva vida para seguir adelante con sus tareas sociales\u201d, afirm\u00f3 la autoridad. Estos proyectos est\u00e1n orientados a contribuir a superar la extrema pobreza y mejorar la calidad de vida de la Poblaci\u00f3n, adem\u00e1s de prevenir y mitigar las condiciones de vulnerabilidad que las afectan.<\/p>\n","protected":false},"excerpt":{"rendered":"<p>En el gabinete de la Gobernaci\u00f3n Provincial San Felipe de Aconcagua, el Gobernador Eduardo Le\u00f3n encabez\u00f3 la entrega del aporte correspondiente al Fondo Social Presidente de la Rep\u00fablica y que en esta&#8230;<\/p>\n","protected":false},"author":482,"featured_media":54202,"comment_status":"open","ping_status":"closed","sticky":false,"template":"","format":"standard","meta":{"advanced_seo_description":"","jetpack_seo_html_title":"","jetpack_seo_noindex":false,"_jetpack_memberships_contains_paid_content":false,"footnotes":""},"categories":[15],"tags":[],"class_list":["post-54201","post","type-post","status-publish","format-standard","has-post-thumbnail","hentry","category-comunidad"],"jetpack_featured_media_url":"https:\/\/i0.wp.com\/eltrabajo.cl\/portal\/wp-content\/uploads\/2014\/12\/Jardin12.jpg?fit=528%2C316&ssl=1","jetpack_sharing_enabled":true,"jetpack_likes_enabled":true,"jetpack-related-posts":[],"_links":{"self":[{"href":"https:\/\/eltrabajo.cl\/portal\/wp-json\/wp\/v2\/posts\/54201","targetHints":{"allow":["GET"]}}],"collection":[{"href":"https:\/\/eltrabajo.cl\/portal\/wp-json\/wp\/v2\/posts"}],"about":[{"href":"https:\/\/eltrabajo.cl\/portal\/wp-json\/wp\/v2\/types\/post"}],"author":[{"embeddable":true,"href":"https:\/\/eltrabajo.cl\/portal\/wp-json\/wp\/v2\/users\/482"}],"replies":[{"embeddable":true,"href":"https:\/\/eltrabajo.cl\/portal\/wp-json\/wp\/v2\/comments?post=54201"}],"version-history":[{"count":0,"href":"https:\/\/eltrabajo.cl\/portal\/wp-json\/wp\/v2\/posts\/54201\/revisions"}],"wp:featuredmedia":[{"embeddable":true,"href":"https:\/\/eltrabajo.cl\/portal\/wp-json\/wp\/v2\/media\/54202"}],"wp:attachment":[{"href":"https:\/\/eltrabajo.cl\/portal\/wp-json\/wp\/v2\/media?parent=54201"}],"wp:term":[{"taxonomy":"category","embeddable":true,"href":"https:\/\/eltrabajo.cl\/portal\/wp-json\/wp\/v2\/categories?post=54201"},{"taxonomy":"post_tag","embeddable":true,"href":"https:\/\/eltrabajo.cl\/portal\/wp-json\/wp\/v2\/tags?post=54201"}],"curies":[{"name":"wp","href":"https:\/\/api.w.org\/{rel}","templated":true}]}}