{"id":54204,"date":"2014-12-16T09:34:49","date_gmt":"2014-12-16T12:34:49","guid":{"rendered":"http:\/\/www.eltrabajo.cl\/portal\/?p=54204"},"modified":"2014-12-16T09:34:49","modified_gmt":"2014-12-16T12:34:49","slug":"peques-de-pre-kinder-y-kinder-despidieron-su-ano-escolar","status":"publish","type":"post","link":"https:\/\/eltrabajo.cl\/portal\/peques-de-pre-kinder-y-kinder-despidieron-su-ano-escolar\/","title":{"rendered":"Peques de Pre-kinder y Kinder despidieron su a\u00f1o escolar"},"content":{"rendered":"<figure id=\"attachment_54205\" aria-describedby=\"caption-attachment-54205\" style=\"width: 528px\" class=\"wp-caption alignnone\"><a href=\"https:\/\/i0.wp.com\/www.eltrabajo.cl\/portal\/wp-content\/uploads\/2014\/12\/Peques1.jpg\"><img data-recalc-dims=\"1\" loading=\"lazy\" decoding=\"async\" class=\"size-full wp-image-54205\" src=\"https:\/\/i0.wp.com\/www.eltrabajo.cl\/portal\/wp-content\/uploads\/2014\/12\/Peques1.jpg?resize=528%2C332\" alt=\"Los peque\u00f1os del prekinder y kinder de la Escuela Renacer de Quebrada Herrera, despidieron el a\u00f1o escolar con un entretenido paseo.\" width=\"528\" height=\"332\" srcset=\"https:\/\/i0.wp.com\/eltrabajo.cl\/portal\/wp-content\/uploads\/2014\/12\/Peques1.jpg?w=528&amp;ssl=1 528w, https:\/\/i0.wp.com\/eltrabajo.cl\/portal\/wp-content\/uploads\/2014\/12\/Peques1.jpg?resize=200%2C125&amp;ssl=1 200w, https:\/\/i0.wp.com\/eltrabajo.cl\/portal\/wp-content\/uploads\/2014\/12\/Peques1.jpg?resize=300%2C188&amp;ssl=1 300w, https:\/\/i0.wp.com\/eltrabajo.cl\/portal\/wp-content\/uploads\/2014\/12\/Peques1.jpg?resize=150%2C94&amp;ssl=1 150w, https:\/\/i0.wp.com\/eltrabajo.cl\/portal\/wp-content\/uploads\/2014\/12\/Peques1.jpg?resize=400%2C251&amp;ssl=1 400w\" sizes=\"auto, (max-width: 528px) 100vw, 528px\" \/><\/a><figcaption id=\"caption-attachment-54205\" class=\"wp-caption-text\">Los peque\u00f1os del prekinder y kinder de la Escuela Renacer de Quebrada Herrera, despidieron el a\u00f1o escolar con un entretenido paseo.<\/figcaption><\/figure>\n<p><strong>PUTAENDO<\/strong>.- Los peque\u00f1os del prekinder y kinder de la Escuela Renacer de Quebrada Herrera, despidieron el a\u00f1o escolar con un entretenido paseo. En Piscina Los Almendros ubicada en Quebrada Herrera, se reunieron once estudiantes de ambos cursos junto a sus padres y disfrutaron de un almuerzo campestre y un d\u00eda de piscina.<br \/>\nLos peque\u00f1itos eran los m\u00e1s felices por compartir una jornada entre ellos y acompa\u00f1ados de sus padres y por supuesto \u00e9stos tambi\u00e9n disfrutaron este hermoso momento, se\u00f1alando que a pesar de ser pocos estudiantes, lo importante es compartir todos juntos antes de Navidad.<\/p>\n","protected":false},"excerpt":{"rendered":"<p>PUTAENDO.- Los peque\u00f1os del prekinder y kinder de la Escuela Renacer de Quebrada Herrera, despidieron el a\u00f1o escolar con un entretenido paseo. En Piscina Los Almendros ubicada en Quebrada Herrera, se reunieron&#8230;<\/p>\n","protected":false},"author":482,"featured_media":54205,"comment_status":"open","ping_status":"closed","sticky":false,"template":"","format":"standard","meta":{"advanced_seo_description":"","jetpack_seo_html_title":"","jetpack_seo_noindex":false,"_jetpack_memberships_contains_paid_content":false,"footnotes":""},"categories":[15],"tags":[],"class_list":["post-54204","post","type-post","status-publish","format-standard","has-post-thumbnail","hentry","category-comunidad"],"jetpack_featured_media_url":"https:\/\/i0.wp.com\/eltrabajo.cl\/portal\/wp-content\/uploads\/2014\/12\/Peques1.jpg?fit=528%2C332&ssl=1","jetpack_sharing_enabled":true,"jetpack_likes_enabled":true,"jetpack-related-posts":[],"_links":{"self":[{"href":"https:\/\/eltrabajo.cl\/portal\/wp-json\/wp\/v2\/posts\/54204","targetHints":{"allow":["GET"]}}],"collection":[{"href":"https:\/\/eltrabajo.cl\/portal\/wp-json\/wp\/v2\/posts"}],"about":[{"href":"https:\/\/eltrabajo.cl\/portal\/wp-json\/wp\/v2\/types\/post"}],"author":[{"embeddable":true,"href":"https:\/\/eltrabajo.cl\/portal\/wp-json\/wp\/v2\/users\/482"}],"replies":[{"embeddable":true,"href":"https:\/\/eltrabajo.cl\/portal\/wp-json\/wp\/v2\/comments?post=54204"}],"version-history":[{"count":0,"href":"https:\/\/eltrabajo.cl\/portal\/wp-json\/wp\/v2\/posts\/54204\/revisions"}],"wp:featuredmedia":[{"embeddable":true,"href":"https:\/\/eltrabajo.cl\/portal\/wp-json\/wp\/v2\/media\/54205"}],"wp:attachment":[{"href":"https:\/\/eltrabajo.cl\/portal\/wp-json\/wp\/v2\/media?parent=54204"}],"wp:term":[{"taxonomy":"category","embeddable":true,"href":"https:\/\/eltrabajo.cl\/portal\/wp-json\/wp\/v2\/categories?post=54204"},{"taxonomy":"post_tag","embeddable":true,"href":"https:\/\/eltrabajo.cl\/portal\/wp-json\/wp\/v2\/tags?post=54204"}],"curies":[{"name":"wp","href":"https:\/\/api.w.org\/{rel}","templated":true}]}}