{"id":54238,"date":"2014-12-17T09:50:27","date_gmt":"2014-12-17T12:50:27","guid":{"rendered":"http:\/\/www.eltrabajo.cl\/portal\/?p=54238"},"modified":"2014-12-17T09:50:27","modified_gmt":"2014-12-17T12:50:27","slug":"entregan-regalos-navidenos-a-alumnos-de-escuela-sagrado-corazon","status":"publish","type":"post","link":"https:\/\/eltrabajo.cl\/portal\/entregan-regalos-navidenos-a-alumnos-de-escuela-sagrado-corazon\/","title":{"rendered":"Entregan regalos navide\u00f1os a alumnos de Escuela Sagrado Coraz\u00f3n"},"content":{"rendered":"<figure id=\"attachment_54239\" aria-describedby=\"caption-attachment-54239\" style=\"width: 529px\" class=\"wp-caption alignnone\"><a href=\"https:\/\/i0.wp.com\/www.eltrabajo.cl\/portal\/wp-content\/uploads\/2014\/12\/Corazon1.jpg\"><img data-recalc-dims=\"1\" loading=\"lazy\" decoding=\"async\" class=\"size-full wp-image-54239\" src=\"https:\/\/i0.wp.com\/www.eltrabajo.cl\/portal\/wp-content\/uploads\/2014\/12\/Corazon1.jpg?resize=529%2C358\" alt=\"El coro de la escuela celebr\u00f3 con diversos temas musicales, la visita de los profesionales municipales que les hicieron entrega de obsequios con motivo de Navidad.\" width=\"529\" height=\"358\" srcset=\"https:\/\/i0.wp.com\/eltrabajo.cl\/portal\/wp-content\/uploads\/2014\/12\/Corazon1.jpg?w=529&amp;ssl=1 529w, https:\/\/i0.wp.com\/eltrabajo.cl\/portal\/wp-content\/uploads\/2014\/12\/Corazon1.jpg?resize=200%2C135&amp;ssl=1 200w, https:\/\/i0.wp.com\/eltrabajo.cl\/portal\/wp-content\/uploads\/2014\/12\/Corazon1.jpg?resize=300%2C203&amp;ssl=1 300w, https:\/\/i0.wp.com\/eltrabajo.cl\/portal\/wp-content\/uploads\/2014\/12\/Corazon1.jpg?resize=150%2C101&amp;ssl=1 150w, https:\/\/i0.wp.com\/eltrabajo.cl\/portal\/wp-content\/uploads\/2014\/12\/Corazon1.jpg?resize=400%2C270&amp;ssl=1 400w\" sizes=\"auto, (max-width: 529px) 100vw, 529px\" \/><\/a><figcaption id=\"caption-attachment-54239\" class=\"wp-caption-text\">El coro de la escuela celebr\u00f3 con diversos temas musicales, la visita de los profesionales municipales que les hicieron entrega de obsequios con motivo de Navidad.<\/figcaption><\/figure>\n<p>En una emotiva ceremonia, se hizo entrega de obsequios a los alumnos de la Escuela Especial Sagrado Coraz\u00f3n, actividad que estuvo encabezada por el Director de Desarrollo Comunitario de la municipalidad de San Felipe, Pablo Silva, en representaci\u00f3n del Alcalde Patricio Freire y por el Director de la Daem Iv\u00e1n Silva.<\/p>\n<figure id=\"attachment_54240\" aria-describedby=\"caption-attachment-54240\" style=\"width: 400px\" class=\"wp-caption alignright\"><a href=\"https:\/\/i0.wp.com\/www.eltrabajo.cl\/portal\/wp-content\/uploads\/2014\/12\/Corazon2.jpg\"><img data-recalc-dims=\"1\" loading=\"lazy\" decoding=\"async\" class=\"wp-image-54240\" src=\"https:\/\/i0.wp.com\/www.eltrabajo.cl\/portal\/wp-content\/uploads\/2014\/12\/Corazon2.jpg?resize=400%2C271\" alt=\"Los alumnos del Sagrado Coraz\u00f3n se mostraron felices con los regalos que les entregaron.\" width=\"400\" height=\"271\" srcset=\"https:\/\/i0.wp.com\/eltrabajo.cl\/portal\/wp-content\/uploads\/2014\/12\/Corazon2.jpg?w=529&amp;ssl=1 529w, https:\/\/i0.wp.com\/eltrabajo.cl\/portal\/wp-content\/uploads\/2014\/12\/Corazon2.jpg?resize=200%2C135&amp;ssl=1 200w, https:\/\/i0.wp.com\/eltrabajo.cl\/portal\/wp-content\/uploads\/2014\/12\/Corazon2.jpg?resize=300%2C203&amp;ssl=1 300w, https:\/\/i0.wp.com\/eltrabajo.cl\/portal\/wp-content\/uploads\/2014\/12\/Corazon2.jpg?resize=150%2C101&amp;ssl=1 150w, https:\/\/i0.wp.com\/eltrabajo.cl\/portal\/wp-content\/uploads\/2014\/12\/Corazon2.jpg?resize=400%2C270&amp;ssl=1 400w\" sizes=\"auto, (max-width: 400px) 100vw, 400px\" \/><\/a><figcaption id=\"caption-attachment-54240\" class=\"wp-caption-text\">Los alumnos del Sagrado Coraz\u00f3n se mostraron felices con los regalos que les entregaron.<\/figcaption><\/figure>\n<p>La entrega de juguetes se enmarca en el Programa de Navidad, respondiendo a una actividad que es tradicional en el plan de acciones que a\u00f1o a a\u00f1o ejecuta el municipio, incorporando en este caso a los ni\u00f1os y ni\u00f1as de entre cero y seis a\u00f1os de todos los sectores, as\u00ed como a los alumnos de este establecimiento educacional y los internos de la c\u00e1rcel, para que puedan hacer un obsequio a sus hijos.<br \/>\nEn la oportunidad, los alumnos de la Escuela Sagrado Coraz\u00f3n se mostraron felices por esta entrega, que seg\u00fan Pablo Silva, es un compromiso que tiene el Alcalde Patricio Freire con ellos y sus familias.<br \/>\n\u201cNuestro alcalde nos ha encomendado una especial misi\u00f3n en que podamos atender las demandas de los ni\u00f1os de la Escuela Sagrado Coraz\u00f3n, a trav\u00e9s de las cartas que le mandan al Viejito Pascuero. Y en eso estamos hoy. Esta es una actividad muy potente, porque ac\u00e1 vemos no s\u00f3lo participaci\u00f3n ciudadana, sino tambi\u00e9n inclusi\u00f3n, que es un concepto que la administraci\u00f3n municipal quiere fortalecer\u201d, se\u00f1al\u00f3 Silva.<br \/>\nEl Programa de Navidad considera una inversi\u00f3n de $12 millones, favoreciendo a m\u00e1s de 5.000 ni\u00f1os y por estos d\u00edas ya est\u00e1 concluyendo la entrega de las bolsas con juguetes a las comunidades, tanto juntas de vecinos como Escuela Sagrado Coraz\u00f3n y Centro de Cumplimiento Penitenciario.<\/p>\n","protected":false},"excerpt":{"rendered":"<p>En una emotiva ceremonia, se hizo entrega de obsequios a los alumnos de la Escuela Especial Sagrado Coraz\u00f3n, actividad que estuvo encabezada por el Director de Desarrollo Comunitario de la municipalidad de&#8230;<\/p>\n","protected":false},"author":482,"featured_media":54239,"comment_status":"open","ping_status":"closed","sticky":false,"template":"","format":"standard","meta":{"advanced_seo_description":"","jetpack_seo_html_title":"","jetpack_seo_noindex":false,"_jetpack_memberships_contains_paid_content":false,"footnotes":""},"categories":[15],"tags":[],"class_list":["post-54238","post","type-post","status-publish","format-standard","has-post-thumbnail","hentry","category-comunidad"],"jetpack_featured_media_url":"https:\/\/i0.wp.com\/eltrabajo.cl\/portal\/wp-content\/uploads\/2014\/12\/Corazon1.jpg?fit=529%2C358&ssl=1","jetpack_sharing_enabled":true,"jetpack_likes_enabled":true,"jetpack-related-posts":[],"_links":{"self":[{"href":"https:\/\/eltrabajo.cl\/portal\/wp-json\/wp\/v2\/posts\/54238","targetHints":{"allow":["GET"]}}],"collection":[{"href":"https:\/\/eltrabajo.cl\/portal\/wp-json\/wp\/v2\/posts"}],"about":[{"href":"https:\/\/eltrabajo.cl\/portal\/wp-json\/wp\/v2\/types\/post"}],"author":[{"embeddable":true,"href":"https:\/\/eltrabajo.cl\/portal\/wp-json\/wp\/v2\/users\/482"}],"replies":[{"embeddable":true,"href":"https:\/\/eltrabajo.cl\/portal\/wp-json\/wp\/v2\/comments?post=54238"}],"version-history":[{"count":0,"href":"https:\/\/eltrabajo.cl\/portal\/wp-json\/wp\/v2\/posts\/54238\/revisions"}],"wp:featuredmedia":[{"embeddable":true,"href":"https:\/\/eltrabajo.cl\/portal\/wp-json\/wp\/v2\/media\/54239"}],"wp:attachment":[{"href":"https:\/\/eltrabajo.cl\/portal\/wp-json\/wp\/v2\/media?parent=54238"}],"wp:term":[{"taxonomy":"category","embeddable":true,"href":"https:\/\/eltrabajo.cl\/portal\/wp-json\/wp\/v2\/categories?post=54238"},{"taxonomy":"post_tag","embeddable":true,"href":"https:\/\/eltrabajo.cl\/portal\/wp-json\/wp\/v2\/tags?post=54238"}],"curies":[{"name":"wp","href":"https:\/\/api.w.org\/{rel}","templated":true}]}}