{"id":54246,"date":"2014-12-17T09:53:35","date_gmt":"2014-12-17T12:53:35","guid":{"rendered":"http:\/\/www.eltrabajo.cl\/portal\/?p=54246"},"modified":"2014-12-17T09:53:35","modified_gmt":"2014-12-17T12:53:35","slug":"mas-de-60-familias-sanfelipenas-recibiran-subsidio-para-mejorar-su-casa","status":"publish","type":"post","link":"https:\/\/eltrabajo.cl\/portal\/mas-de-60-familias-sanfelipenas-recibiran-subsidio-para-mejorar-su-casa\/","title":{"rendered":"M\u00e1s de 60 familias sanfelipe\u00f1as recibir\u00e1n subsidio para mejorar su casa"},"content":{"rendered":"<figure id=\"attachment_54247\" aria-describedby=\"caption-attachment-54247\" style=\"width: 529px\" class=\"wp-caption alignnone\"><a href=\"https:\/\/i0.wp.com\/www.eltrabajo.cl\/portal\/wp-content\/uploads\/2014\/12\/Casas1.jpg\"><img data-recalc-dims=\"1\" loading=\"lazy\" decoding=\"async\" class=\"size-full wp-image-54247\" src=\"https:\/\/i0.wp.com\/www.eltrabajo.cl\/portal\/wp-content\/uploads\/2014\/12\/Casas1.jpg?resize=529%2C298\" alt=\"El Alcalde Freire inform\u00f3 a los vecinos acerca de la obtenci\u00f3n del subsidio que les permitir\u00e1 mejorar o ampliar sus viviendas, durante el primer semestre de 2015.\" width=\"529\" height=\"298\" srcset=\"https:\/\/i0.wp.com\/eltrabajo.cl\/portal\/wp-content\/uploads\/2014\/12\/Casas1.jpg?w=529&amp;ssl=1 529w, https:\/\/i0.wp.com\/eltrabajo.cl\/portal\/wp-content\/uploads\/2014\/12\/Casas1.jpg?resize=200%2C112&amp;ssl=1 200w, https:\/\/i0.wp.com\/eltrabajo.cl\/portal\/wp-content\/uploads\/2014\/12\/Casas1.jpg?resize=300%2C168&amp;ssl=1 300w, https:\/\/i0.wp.com\/eltrabajo.cl\/portal\/wp-content\/uploads\/2014\/12\/Casas1.jpg?resize=150%2C84&amp;ssl=1 150w, https:\/\/i0.wp.com\/eltrabajo.cl\/portal\/wp-content\/uploads\/2014\/12\/Casas1.jpg?resize=400%2C225&amp;ssl=1 400w\" sizes=\"auto, (max-width: 529px) 100vw, 529px\" \/><\/a><figcaption id=\"caption-attachment-54247\" class=\"wp-caption-text\">El Alcalde Freire inform\u00f3 a los vecinos acerca de la obtenci\u00f3n del subsidio que les permitir\u00e1 mejorar o ampliar sus viviendas, durante el primer semestre de 2015.<\/figcaption><\/figure>\n<p>Con la presencia del Alcalde Patricio Freire, se notific\u00f3 a los integrantes del Comit\u00e9 de vivienda Mejorando El Descanso y a otros nueve vecinos que postularon de manera individual, respecto de la adjudicaci\u00f3n del Subsidio de Ampliaci\u00f3n y\/o mejoramiento al que postularon en junio del presente a\u00f1o.<br \/>\nSe trata de un programa especial de Serviu al que estos vecinos postularon, con la finalidad de mejorar y\/o ampliar la vivienda que habitan, recibiendo el apoyo de la asistencia t\u00e9cnica de la Oficina Municipal de la Vivienda.<br \/>\nEn este caso, Comit\u00e9 Mejorando El Descanso, siete vecinos del sector de Algarrobal, un adulto mayor de Villa 250 a\u00f1os y una vecina de Villa Bernardo Cruz, recibieron la asesor\u00eda de la Egis Municipal, que durante el a\u00f1o 2014 los acompa\u00f1\u00f3 en el \u00e1mbito social, legal, realiz\u00f3 la fase t\u00e9cnica (visitas a terreno, elaboraci\u00f3n de proyectos, solicitud de permisos municipales en el caso de las ampliaciones) y prepar\u00f3 los expedientes requeridos para postular en el Segundo llamado del Programa Protecci\u00f3n del Patrimonio Familiar, a\u00f1o 2014.<br \/>\nSeg\u00fan explic\u00f3 Valeria Iturrieta, Asistente Social de la Oficina Municipal de la Vivienda, \u00abcontando ya con los subsidios, viene la fase de ejecuci\u00f3n de las obras, donde la Egis asume el rol de inspeccionar los trabajos, acompa\u00f1ar al comit\u00e9 a trav\u00e9s de reuniones mensuales y resolver todas aquellas inquietudes o situaciones de car\u00e1cter constructivo que pudieran surgir durante este tiempo\u00bb.<br \/>\nEl Alcalde Freire destac\u00f3 que este beneficio les permitir\u00e1 contar con un nuevo dormitorio en sus viviendas y resolver las situaciones de hacinamiento que viven actualmente (en el caso de las ampliaciones), y en el caso de los mejoramientos, cambiar la techumbre existente, normalizar la instalaci\u00f3n el\u00e9ctrica o generar otras mejoras en su interior.<br \/>\n\u00abEstamos hablando de un beneficio que les permitir\u00e1 mejorar considerablemente la calidad de vida de estas familias, que cumpl\u00edan con las exigencias establecidas por Serviu y que trabajaron coordinadamente con la Egis Municipal\u00bb, se\u00f1al\u00f3 el jefe comunal.<br \/>\nEl subsidio para estos vecinos se traduce en 50 UF para cada una de las 54 familias del Comit\u00e9 Mejorando El Descanso y siete de los nueve proyectos individuales postulados; mientras que dos familias recibir\u00e1n 90 UF. En total, 3.200 unidades de fomento ($78.806.400) que les otorga el Estado, para realizar los trabajos, ya sea de ampliaci\u00f3n o mejoramiento, de sus viviendas, a partir de enero, seg\u00fan coment\u00f3 la profesional de la Oficina de la Vivienda.<\/p>\n","protected":false},"excerpt":{"rendered":"<p>Con la presencia del Alcalde Patricio Freire, se notific\u00f3 a los integrantes del Comit\u00e9 de vivienda Mejorando El Descanso y a otros nueve vecinos que postularon de manera individual, respecto de la&#8230;<\/p>\n","protected":false},"author":482,"featured_media":54247,"comment_status":"open","ping_status":"closed","sticky":false,"template":"","format":"standard","meta":{"advanced_seo_description":"","jetpack_seo_html_title":"","jetpack_seo_noindex":false,"_jetpack_memberships_contains_paid_content":false,"footnotes":""},"categories":[15],"tags":[],"class_list":["post-54246","post","type-post","status-publish","format-standard","has-post-thumbnail","hentry","category-comunidad"],"jetpack_featured_media_url":"https:\/\/i0.wp.com\/eltrabajo.cl\/portal\/wp-content\/uploads\/2014\/12\/Casas1.jpg?fit=529%2C298&ssl=1","jetpack_sharing_enabled":true,"jetpack_likes_enabled":true,"jetpack-related-posts":[],"_links":{"self":[{"href":"https:\/\/eltrabajo.cl\/portal\/wp-json\/wp\/v2\/posts\/54246","targetHints":{"allow":["GET"]}}],"collection":[{"href":"https:\/\/eltrabajo.cl\/portal\/wp-json\/wp\/v2\/posts"}],"about":[{"href":"https:\/\/eltrabajo.cl\/portal\/wp-json\/wp\/v2\/types\/post"}],"author":[{"embeddable":true,"href":"https:\/\/eltrabajo.cl\/portal\/wp-json\/wp\/v2\/users\/482"}],"replies":[{"embeddable":true,"href":"https:\/\/eltrabajo.cl\/portal\/wp-json\/wp\/v2\/comments?post=54246"}],"version-history":[{"count":0,"href":"https:\/\/eltrabajo.cl\/portal\/wp-json\/wp\/v2\/posts\/54246\/revisions"}],"wp:featuredmedia":[{"embeddable":true,"href":"https:\/\/eltrabajo.cl\/portal\/wp-json\/wp\/v2\/media\/54247"}],"wp:attachment":[{"href":"https:\/\/eltrabajo.cl\/portal\/wp-json\/wp\/v2\/media?parent=54246"}],"wp:term":[{"taxonomy":"category","embeddable":true,"href":"https:\/\/eltrabajo.cl\/portal\/wp-json\/wp\/v2\/categories?post=54246"},{"taxonomy":"post_tag","embeddable":true,"href":"https:\/\/eltrabajo.cl\/portal\/wp-json\/wp\/v2\/tags?post=54246"}],"curies":[{"name":"wp","href":"https:\/\/api.w.org\/{rel}","templated":true}]}}