{"id":5427,"date":"2011-10-26T09:01:26","date_gmt":"2011-10-26T13:01:26","guid":{"rendered":"http:\/\/www.eltrabajo.cl\/portal\/?p=5427"},"modified":"2011-10-26T09:01:26","modified_gmt":"2011-10-26T13:01:26","slug":"federacion-de-colectivos-dejo-en-libertad-de-accion-a-socios-ante-paro-de-hoy","status":"publish","type":"post","link":"https:\/\/eltrabajo.cl\/portal\/federacion-de-colectivos-dejo-en-libertad-de-accion-a-socios-ante-paro-de-hoy\/","title":{"rendered":"Federaci\u00f3n de colectivos dej\u00f3 en libertad de acci\u00f3n a socios ante paro de hoy"},"content":{"rendered":"<figure id=\"attachment_5428\" aria-describedby=\"caption-attachment-5428\" style=\"width: 600px\" class=\"wp-caption alignnone\"><a href=\"http:\/\/www.eltrabajo.cl\/portal\/archives\/5427\/victor-araya-1\" rel=\"attachment wp-att-5428\"><img data-recalc-dims=\"1\" loading=\"lazy\" decoding=\"async\" class=\"size-full wp-image-5428\" title=\"victor araya (1)\" src=\"https:\/\/i0.wp.com\/www.eltrabajo.cl\/portal\/wp-content\/uploads\/2011\/10\/victor-araya-1.jpg?resize=600%2C450\" alt=\"\" width=\"600\" height=\"450\" srcset=\"https:\/\/i0.wp.com\/eltrabajo.cl\/portal\/wp-content\/uploads\/2011\/10\/victor-araya-1.jpg?w=600&amp;ssl=1 600w, https:\/\/i0.wp.com\/eltrabajo.cl\/portal\/wp-content\/uploads\/2011\/10\/victor-araya-1.jpg?resize=200%2C150&amp;ssl=1 200w, https:\/\/i0.wp.com\/eltrabajo.cl\/portal\/wp-content\/uploads\/2011\/10\/victor-araya-1.jpg?resize=300%2C225&amp;ssl=1 300w, https:\/\/i0.wp.com\/eltrabajo.cl\/portal\/wp-content\/uploads\/2011\/10\/victor-araya-1.jpg?resize=150%2C112&amp;ssl=1 150w, https:\/\/i0.wp.com\/eltrabajo.cl\/portal\/wp-content\/uploads\/2011\/10\/victor-araya-1.jpg?resize=400%2C300&amp;ssl=1 400w\" sizes=\"auto, (max-width: 600px) 100vw, 600px\" \/><\/a><figcaption id=\"caption-attachment-5428\" class=\"wp-caption-text\">El presidente de la Federaci\u00f3n, V\u00edctor Araya, argument\u00f3 que cada l\u00ednea determinar\u00e1 si ir\u00e1 o no a paro este mi\u00e9rcoles.<\/figcaption><\/figure>\n<p>En total libertad de acci\u00f3n dej\u00f3 la federaci\u00f3n de transporte menor de San Felipe, que agrupa a 12 l\u00edneas de taxis colectivos, a sus asociados para paralizar o seguir trabajando este mi\u00e9rcoles, en el marco del llamado a paro que se realiz\u00f3 en Santiago y que tiene como objetivo protestar principalmente por el impuesto espec\u00edfico que se aplica a los combustibles.<\/p>\n<p>As\u00ed lo se\u00f1al\u00f3 V\u00edctor Araya, presidente de la Federaci\u00f3n, quien manifest\u00f3 que est\u00e1n concientes de lo que se est\u00e1 luchando a nivel nacional, pero record\u00f3 que se estaba peleando por varios puntos, dos de los cuales ya est\u00e1n solucionados y que dicen relaci\u00f3n con la subordinaci\u00f3n y dependencia y las licencias de conducir.<\/p>\n<p>\u00abLa idea para m\u00ed es que tenemos que pelear por bonos compensatorios, no por el impuesto espec\u00edfico, porque creo que es mucho m\u00e1s beneficio para el gremio los bonos que se los den cada cierto tiempo, y el impuesto espec\u00edfico va a ser muy dif\u00edcil, ya que el porcentaje que participa en este asunto con respecto a lo que es auto, es el 20%, el resto lo usa la gran miner\u00eda, la Aviaci\u00f3n, la Armada, y nosotros es un 20%, por lo tanto es muy dif\u00edcil que se elimine\u00bb.<\/p>\n<p>Ante esta situaci\u00f3n, la Federaci\u00f3n determin\u00f3 dejar en libertad de acci\u00f3n a cada l\u00ednea y a los conductores para que tomen la decisi\u00f3n de paralizar o no, postura que ser\u00e1 respetada por la dirigencia.<\/p>\n<p>\u00abSi ellos se quieren parar lo vamos a respetar y si quieren seguir trabajando tambi\u00e9n lo tenemos que respetar, porque hay realidades que son muy complicadas, hay personas que necesitan, hay choferes que viven de su sueldo diario y necesitan trabajar, entonces esa es la decisi\u00f3n de la federaci\u00f3n, dejar en libertad de acci\u00f3n a todos\u00bb, se\u00f1al\u00f3 Araya.<\/p>\n<p>En toda esta situaci\u00f3n, Araya esperaba que los dirigentes que est\u00e1n llamando a paro hubiesen tambi\u00e9n apoyado a los conductores cuando fueron infraccionados por transitar por la calle Michimalongo, hecho ocurrido hace unas semanas.<\/p>\n<p>\u00abA m\u00ed me hubiese gustado que estos dirigentes que llamaron a paro, hubiesen estado con nosotros cuando estuvimos defendiendo a los distintos choferes que fueron infraccionados por el uso de v\u00edas no autorizadas y que fue bastante complicado, y donde se vieron m\u00e1s afectados los choferes, siendo responsabilidad absoluta del representante legal, porque \u00e9l tiene que estar atento a todas estas situaciones, ah\u00ed me hubiese gustado que todos estuvi\u00e9ramos juntos\u00bb, sostuvo Araya.<\/p>\n<p>Seg\u00fan explic\u00f3 el dirigente, el paro afecta a las l\u00edneas rurales, quienes se\u00f1alan que d\u00eda tras d\u00eda deben competir con la locomoci\u00f3n mayor, por lo que este d\u00eda de paralizaci\u00f3n los complica bastante.<\/p>\n<p>Por ello, seg\u00fan la informaci\u00f3n que maneja Araya, dos l\u00edneas de transporte rural no paralizar\u00edan y que son Ataxcoa y Padre Hurtado, mientras que aquella que se traslada por Tocornal ir\u00e1 a paro.<\/p>\n<p>Asimismo existen casos de conductores que van a trabajar hasta cierta hora y a las 10 de la ma\u00f1ana se plegar\u00e1n a la marcha que est\u00e1 convocada por distintas calles de la comuna.<\/p>\n<p>La Federaci\u00f3n de Transporte menor de San Felipe agrupa en total a 12 l\u00edneas de taxis colectivos, que se dividen en 4 l\u00edneas urbanas, 5 l\u00edneas rurales, 2 l\u00edneas de radiotaxis y taxis b\u00e1sicos.<\/p>\n","protected":false},"excerpt":{"rendered":"<p>En total libertad de acci\u00f3n dej\u00f3 la federaci\u00f3n de transporte menor de San Felipe, que agrupa a 12 l\u00edneas de taxis colectivos, a sus asociados para paralizar o seguir trabajando este mi\u00e9rcoles,&#8230;<\/p>\n","protected":false},"author":482,"featured_media":5428,"comment_status":"open","ping_status":"open","sticky":false,"template":"","format":"standard","meta":{"advanced_seo_description":"","jetpack_seo_html_title":"","jetpack_seo_noindex":false,"_jetpack_memberships_contains_paid_content":false,"footnotes":""},"categories":[15],"tags":[],"class_list":["post-5427","post","type-post","status-publish","format-standard","has-post-thumbnail","hentry","category-comunidad"],"jetpack_featured_media_url":"https:\/\/i0.wp.com\/eltrabajo.cl\/portal\/wp-content\/uploads\/2011\/10\/victor-araya-1.jpg?fit=600%2C450&ssl=1","jetpack_sharing_enabled":true,"jetpack_likes_enabled":true,"jetpack-related-posts":[],"_links":{"self":[{"href":"https:\/\/eltrabajo.cl\/portal\/wp-json\/wp\/v2\/posts\/5427","targetHints":{"allow":["GET"]}}],"collection":[{"href":"https:\/\/eltrabajo.cl\/portal\/wp-json\/wp\/v2\/posts"}],"about":[{"href":"https:\/\/eltrabajo.cl\/portal\/wp-json\/wp\/v2\/types\/post"}],"author":[{"embeddable":true,"href":"https:\/\/eltrabajo.cl\/portal\/wp-json\/wp\/v2\/users\/482"}],"replies":[{"embeddable":true,"href":"https:\/\/eltrabajo.cl\/portal\/wp-json\/wp\/v2\/comments?post=5427"}],"version-history":[{"count":0,"href":"https:\/\/eltrabajo.cl\/portal\/wp-json\/wp\/v2\/posts\/5427\/revisions"}],"wp:featuredmedia":[{"embeddable":true,"href":"https:\/\/eltrabajo.cl\/portal\/wp-json\/wp\/v2\/media\/5428"}],"wp:attachment":[{"href":"https:\/\/eltrabajo.cl\/portal\/wp-json\/wp\/v2\/media?parent=5427"}],"wp:term":[{"taxonomy":"category","embeddable":true,"href":"https:\/\/eltrabajo.cl\/portal\/wp-json\/wp\/v2\/categories?post=5427"},{"taxonomy":"post_tag","embeddable":true,"href":"https:\/\/eltrabajo.cl\/portal\/wp-json\/wp\/v2\/tags?post=5427"}],"curies":[{"name":"wp","href":"https:\/\/api.w.org\/{rel}","templated":true}]}}