{"id":5445,"date":"2011-10-26T09:22:22","date_gmt":"2011-10-26T13:22:22","guid":{"rendered":"http:\/\/www.eltrabajo.cl\/portal\/?p=5445"},"modified":"2011-10-31T22:13:20","modified_gmt":"2011-11-01T02:13:20","slug":"orificio-en-su-corazon-podria-matar-a-bebe-de-siete-meses","status":"publish","type":"post","link":"https:\/\/eltrabajo.cl\/portal\/orificio-en-su-corazon-podria-matar-a-bebe-de-siete-meses\/","title":{"rendered":"Orificio en su coraz\u00f3n podr\u00eda matar a beb\u00e9 de siete meses"},"content":{"rendered":"<figure id=\"attachment_5446\" aria-describedby=\"caption-attachment-5446\" style=\"width: 600px\" class=\"wp-caption alignnone\"><a href=\"http:\/\/www.eltrabajo.cl\/portal\/archives\/5445\/juntas1\" rel=\"attachment wp-att-5446\"><img data-recalc-dims=\"1\" loading=\"lazy\" decoding=\"async\" class=\"size-full wp-image-5446\" title=\"Juntas1\" src=\"https:\/\/i0.wp.com\/www.eltrabajo.cl\/portal\/wp-content\/uploads\/2011\/10\/Juntas1.jpg?resize=600%2C440\" alt=\"\" width=\"600\" height=\"440\" srcset=\"https:\/\/i0.wp.com\/eltrabajo.cl\/portal\/wp-content\/uploads\/2011\/10\/Juntas1.jpg?w=600&amp;ssl=1 600w, https:\/\/i0.wp.com\/eltrabajo.cl\/portal\/wp-content\/uploads\/2011\/10\/Juntas1.jpg?resize=200%2C146&amp;ssl=1 200w, https:\/\/i0.wp.com\/eltrabajo.cl\/portal\/wp-content\/uploads\/2011\/10\/Juntas1.jpg?resize=300%2C220&amp;ssl=1 300w, https:\/\/i0.wp.com\/eltrabajo.cl\/portal\/wp-content\/uploads\/2011\/10\/Juntas1.jpg?resize=150%2C110&amp;ssl=1 150w, https:\/\/i0.wp.com\/eltrabajo.cl\/portal\/wp-content\/uploads\/2011\/10\/Juntas1.jpg?resize=400%2C293&amp;ssl=1 400w\" sizes=\"auto, (max-width: 600px) 100vw, 600px\" \/><\/a><figcaption id=\"caption-attachment-5446\" class=\"wp-caption-text\">Do\u00f1a Patricia G\u00f3mez muestra a DIARIO EL TRABAJO parte de la documentaci\u00f3n m\u00e9dica que demuestra la seriedad del mal cong\u00e9nito de su hija P\u00eda Fernanda.<\/figcaption><\/figure>\n<p>Ni\u00f1a sanfelipe\u00f1a necesita de la ayuda de todos para no morir<\/p>\n<p><strong>Una batalla a contrarreloj se libra por la vida de P\u00eda Fernanda Chac\u00f3n, una ni\u00f1a de siete meses de vida que podr\u00eda morir si usted ignora este reportaje, el llamado a ayudarla que DIARIO EL TRABAJO y su familia hacemos es general y con copia para usted.<\/strong><\/p>\n<p>Roberto Gonz\u00e1lez Short<\/p>\n<p>rgonzalez@eltrabajo.cl<\/p>\n<p>Todo el cari\u00f1o y ternura que una madre pueda brindar a la protagonista de nuestra historia son insuficientes para garantizar a P\u00eda Fernanda Chac\u00f3n G\u00f3mez, una hechizante beb\u00e9 de siete meses, una vida futura. La peque\u00f1a es v\u00edctima de una mortal pero combatible enfermedad que hoy la tiene sentenciada a una muerte casi segura.<\/p>\n<p>P\u00eda Fernanda es la menor de dos hijos de Patricia G\u00f3mez, una madre soltera que labora para la prestigiosa Tienda Italo Vinotti, misma franquicia que hace varios meses se hab\u00eda incendiado, G\u00f3mez goza de una licencia m\u00e9dica para atender la enfermedad de su hija.<\/p>\n<p><strong>RESFR\u00cdO MILAGROSO<\/strong><\/p>\n<p>El refr\u00e1n popular \u201cNo hay mal que por bien no venga\u201d se podr\u00eda aplicar a la historia de Fernandita, pues gracias al resfr\u00edo que sufri\u00f3 P\u00eda a sus dos meses de vida hizo que fuese sometida a ex\u00e1menes de rigor en un centro m\u00e9dico, as\u00ed las cosas, el galeno encargado pudo detectar un serio mal en el coraz\u00f3n de la infante: Comunicaci\u00f3n Inter auricular Tipo Osteum Secundum Amplia que; en buen chileno, podr\u00edamos explicarlo como la existencia de un orificio en la pared ventricular derecha del coraz\u00f3n de la ni\u00f1a.<\/p>\n<p>\u201cLa Cardiopat\u00eda Cong\u00e9nita que mi hija sufre hace que el lado derecho de su coraz\u00f3n sea m\u00e1s grande que el otro, eso obliga a su coraz\u00f3n a trabajar el doble de lo normal y los paros cardiacos y taquicardia ser\u00e1n regulares en ella si no logramos operarla\u201d coment\u00f3 angustiada Patricia G\u00f3mez, madre de la peque\u00f1a.<\/p>\n<p><strong>DOS CAMINOS<\/strong><\/p>\n<p>Seg\u00fan lo investigado por DIARIO EL TRABAJO, en el Hospital San Camilo no intervendr\u00edan a esta infante hasta que ella cuente con dos a\u00f1os o m\u00e1s de vida, esta situaci\u00f3n a obligado a su mam\u00e1 a tratarla en diferentes centros m\u00e9dicos de Chile como el Hospital de Carabineros en Santiago y la Cl\u00ednica Privada Santa Mar\u00eda tambi\u00e9n de la ciudad capital.<\/p>\n<p>\u201cEl doctor Gustavo Espinoza me recomienda operar a la ni\u00f1a, seg\u00fan me informan los m\u00e9dicos, P\u00eda solo puede salvarse de dos maneras: Operaci\u00f3n a coraz\u00f3n abierto \u00f3 el Cateterismo, que son unas v\u00e1lvulas en su coraz\u00f3n de f\u00e1cil recuperaci\u00f3n en su salud y con un 97% de efectividad\u201d explic\u00f3 la se\u00f1ora G\u00f3mez.<\/p>\n<p><strong>TRES MILLONES<\/strong><\/p>\n<p>Tras varias reuniones y tr\u00e1mites realizados por su madre en la Cl\u00ednica Santa Mar\u00eda, el monto que se necesita para salvar la vida de P\u00eda Fernanda asciende a los tres millones de pesos chilenos, la tarea es dif\u00edcil pero no imposible si se logra hacer consciencia que do\u00f1a Patricia desarrollar\u00e1 varios Bingos, Rifas, \u201cCompletadas\u201d y toda una campa\u00f1a provincial para salvar la vida de su beb\u00e9.<\/p>\n<p>El llamado es general y con copia para cada persona de buen coraz\u00f3n, la oportunidad para ayudar y hacer posible una segunda oportunidad para P\u00eda Fernanda la tienes frente a ti. \u00bfC\u00f3mo hacerlo? Llamando a los fonos: 514634 y 9715 30221.<\/p>\n","protected":false},"excerpt":{"rendered":"<p>Ni\u00f1a sanfelipe\u00f1a necesita de la ayuda de todos para no morir Una batalla a contrarreloj se libra por la vida de P\u00eda Fernanda Chac\u00f3n, una ni\u00f1a de siete meses de vida que&#8230;<\/p>\n","protected":false},"author":482,"featured_media":5446,"comment_status":"open","ping_status":"open","sticky":false,"template":"","format":"standard","meta":{"advanced_seo_description":"","jetpack_seo_html_title":"","jetpack_seo_noindex":false,"_jetpack_memberships_contains_paid_content":false,"footnotes":""},"categories":[15],"tags":[],"class_list":["post-5445","post","type-post","status-publish","format-standard","has-post-thumbnail","hentry","category-comunidad"],"jetpack_featured_media_url":"https:\/\/i0.wp.com\/eltrabajo.cl\/portal\/wp-content\/uploads\/2011\/10\/Juntas1.jpg?fit=600%2C440&ssl=1","jetpack_sharing_enabled":true,"jetpack_likes_enabled":true,"jetpack-related-posts":[],"_links":{"self":[{"href":"https:\/\/eltrabajo.cl\/portal\/wp-json\/wp\/v2\/posts\/5445","targetHints":{"allow":["GET"]}}],"collection":[{"href":"https:\/\/eltrabajo.cl\/portal\/wp-json\/wp\/v2\/posts"}],"about":[{"href":"https:\/\/eltrabajo.cl\/portal\/wp-json\/wp\/v2\/types\/post"}],"author":[{"embeddable":true,"href":"https:\/\/eltrabajo.cl\/portal\/wp-json\/wp\/v2\/users\/482"}],"replies":[{"embeddable":true,"href":"https:\/\/eltrabajo.cl\/portal\/wp-json\/wp\/v2\/comments?post=5445"}],"version-history":[{"count":0,"href":"https:\/\/eltrabajo.cl\/portal\/wp-json\/wp\/v2\/posts\/5445\/revisions"}],"wp:featuredmedia":[{"embeddable":true,"href":"https:\/\/eltrabajo.cl\/portal\/wp-json\/wp\/v2\/media\/5446"}],"wp:attachment":[{"href":"https:\/\/eltrabajo.cl\/portal\/wp-json\/wp\/v2\/media?parent=5445"}],"wp:term":[{"taxonomy":"category","embeddable":true,"href":"https:\/\/eltrabajo.cl\/portal\/wp-json\/wp\/v2\/categories?post=5445"},{"taxonomy":"post_tag","embeddable":true,"href":"https:\/\/eltrabajo.cl\/portal\/wp-json\/wp\/v2\/tags?post=5445"}],"curies":[{"name":"wp","href":"https:\/\/api.w.org\/{rel}","templated":true}]}}