{"id":5515,"date":"2011-10-27T09:09:30","date_gmt":"2011-10-27T13:09:30","guid":{"rendered":"http:\/\/www.eltrabajo.cl\/portal\/?p=5515"},"modified":"2011-10-27T09:09:30","modified_gmt":"2011-10-27T13:09:30","slug":"alta-convocatoria-marca-paralizacion-del-gremio-de-los-colectivos-en-san-felipe","status":"publish","type":"post","link":"https:\/\/eltrabajo.cl\/portal\/alta-convocatoria-marca-paralizacion-del-gremio-de-los-colectivos-en-san-felipe\/","title":{"rendered":"Alta convocatoria marca paralizaci\u00f3n del gremio de los colectivos en San Felipe"},"content":{"rendered":"<figure id=\"attachment_5517\" aria-describedby=\"caption-attachment-5517\" style=\"width: 600px\" class=\"wp-caption alignnone\"><a href=\"http:\/\/www.eltrabajo.cl\/portal\/archives\/5515\/paro-colectivos-1\" rel=\"attachment wp-att-5517\"><img data-recalc-dims=\"1\" loading=\"lazy\" decoding=\"async\" class=\"size-full wp-image-5517\" title=\"paro colectivos (1)\" src=\"https:\/\/i0.wp.com\/www.eltrabajo.cl\/portal\/wp-content\/uploads\/2011\/10\/paro-colectivos-1.jpg?resize=600%2C450\" alt=\"\" width=\"600\" height=\"450\" srcset=\"https:\/\/i0.wp.com\/eltrabajo.cl\/portal\/wp-content\/uploads\/2011\/10\/paro-colectivos-1.jpg?w=600&amp;ssl=1 600w, https:\/\/i0.wp.com\/eltrabajo.cl\/portal\/wp-content\/uploads\/2011\/10\/paro-colectivos-1.jpg?resize=200%2C150&amp;ssl=1 200w, https:\/\/i0.wp.com\/eltrabajo.cl\/portal\/wp-content\/uploads\/2011\/10\/paro-colectivos-1.jpg?resize=300%2C225&amp;ssl=1 300w, https:\/\/i0.wp.com\/eltrabajo.cl\/portal\/wp-content\/uploads\/2011\/10\/paro-colectivos-1.jpg?resize=150%2C112&amp;ssl=1 150w, https:\/\/i0.wp.com\/eltrabajo.cl\/portal\/wp-content\/uploads\/2011\/10\/paro-colectivos-1.jpg?resize=400%2C300&amp;ssl=1 400w\" sizes=\"auto, (max-width: 600px) 100vw, 600px\" \/><\/a><figcaption id=\"caption-attachment-5517\" class=\"wp-caption-text\">Jaime Figueroa, presidente de la l\u00ednea 1, calific\u00f3 como un \u00e9xito la participaci\u00f3n, a pesar que signifique un d\u00eda de trabajo perdido.<\/figcaption><\/figure>\n<p>Una alta adhesi\u00f3n tuvo el paro de los colectivos en la comuna de San Felipe, movilizaci\u00f3n que se realiz\u00f3 este mi\u00e9rcoles y que signific\u00f3 que m\u00e1s de 300 veh\u00edculos paralizaran sus recorridos desde las primeras horas del d\u00eda, haciendo eco del llamado que realizaron los dirigentes a nivel nacional.<\/p>\n<p>La jornada estuvo marcada por la tranquilidad de la movilizaci\u00f3n, y desde temprano en la ma\u00f1ana era posible apreciar el alto nivel de convocatoria, ya que no se observaban colectivos en las calles.<\/p>\n<p>Tal como estaba planificado, fue alrededor del medio d\u00eda cuando los colectiveros, organizados en una caravana, llegaron hasta el sector c\u00e9ntrico de la comuna, para luego recorrer las principales calles, lo que signific\u00f3 que ocuparan las siete cuadras del centro, entre la avenida Maip\u00fa y Yungay, en una fila de veh\u00edculos que a ratos se hac\u00eda interminable.<\/p>\n<p>Durante todo el trayecto los conductores tocaban sus bocinas, aunque estaban concientes que el d\u00eda de trabajo estaba perdido, y que significaba no obtener entradas de dinero.<\/p>\n<p>\u00abEs fabulosa la convocatoria, muy positiva, en la parte que corresponde al Consejo Superior es total la convocatoria. La gente se ve afectada, todos estamos perdiendo un d\u00eda de trabajo, pero creo que la finalidad lo justifica plenamente\u00bb, se\u00f1al\u00f3 Jaime Figueroa, presidente de la l\u00ednea 1, perteneciente al Consejo Superior.<\/p>\n<p>En la ocasi\u00f3n el dirigente recalc\u00f3 que el gremio no espera que se elimine el impuesto espec\u00edfico, \u00abqueremos un impuesto diferente del impuesto espec\u00edfico, queremos que nos dejen usar las v\u00edas que usa la locomoci\u00f3n mayor, que el Estado nos bonifique con un bono compensatorio por el alza de los combustibles\u00bb.<\/p>\n<p>Quienes no estaban muy contentos con la situaci\u00f3n fueron los vecinos de la comuna, quienes llegaron a los terminales a buscar locomoci\u00f3n y se encontraron con la paralizaci\u00f3n.<\/p>\n<p>\u00abLo encuentro malo, yo tengo que viajar a Llay Llay y no encuentro movilizaci\u00f3n, no tenemos en qu\u00e9 irnos y ahora voy a tener que tomar micro\u00bb, se\u00f1al\u00f3 una vecina.<\/p>\n<p>Luego de recorrer las calles del sector c\u00e9ntrico, los colectiveros volvieron al sector de Diego de Almagro, desde donde hab\u00edan comenzado la caravana.<\/p>\n","protected":false},"excerpt":{"rendered":"<p>Una alta adhesi\u00f3n tuvo el paro de los colectivos en la comuna de San Felipe, movilizaci\u00f3n que se realiz\u00f3 este mi\u00e9rcoles y que signific\u00f3 que m\u00e1s de 300 veh\u00edculos paralizaran sus recorridos&#8230;<\/p>\n","protected":false},"author":482,"featured_media":5516,"comment_status":"open","ping_status":"open","sticky":false,"template":"","format":"standard","meta":{"advanced_seo_description":"","jetpack_seo_html_title":"","jetpack_seo_noindex":false,"_jetpack_memberships_contains_paid_content":false,"footnotes":""},"categories":[15],"tags":[],"class_list":["post-5515","post","type-post","status-publish","format-standard","has-post-thumbnail","hentry","category-comunidad"],"jetpack_featured_media_url":"https:\/\/i0.wp.com\/eltrabajo.cl\/portal\/wp-content\/uploads\/2011\/10\/pdte-linea-1-colectivos-jaime-fernandez.jpg?fit=600%2C450&ssl=1","jetpack_sharing_enabled":true,"jetpack_likes_enabled":true,"jetpack-related-posts":[],"_links":{"self":[{"href":"https:\/\/eltrabajo.cl\/portal\/wp-json\/wp\/v2\/posts\/5515","targetHints":{"allow":["GET"]}}],"collection":[{"href":"https:\/\/eltrabajo.cl\/portal\/wp-json\/wp\/v2\/posts"}],"about":[{"href":"https:\/\/eltrabajo.cl\/portal\/wp-json\/wp\/v2\/types\/post"}],"author":[{"embeddable":true,"href":"https:\/\/eltrabajo.cl\/portal\/wp-json\/wp\/v2\/users\/482"}],"replies":[{"embeddable":true,"href":"https:\/\/eltrabajo.cl\/portal\/wp-json\/wp\/v2\/comments?post=5515"}],"version-history":[{"count":0,"href":"https:\/\/eltrabajo.cl\/portal\/wp-json\/wp\/v2\/posts\/5515\/revisions"}],"wp:featuredmedia":[{"embeddable":true,"href":"https:\/\/eltrabajo.cl\/portal\/wp-json\/wp\/v2\/media\/5516"}],"wp:attachment":[{"href":"https:\/\/eltrabajo.cl\/portal\/wp-json\/wp\/v2\/media?parent=5515"}],"wp:term":[{"taxonomy":"category","embeddable":true,"href":"https:\/\/eltrabajo.cl\/portal\/wp-json\/wp\/v2\/categories?post=5515"},{"taxonomy":"post_tag","embeddable":true,"href":"https:\/\/eltrabajo.cl\/portal\/wp-json\/wp\/v2\/tags?post=5515"}],"curies":[{"name":"wp","href":"https:\/\/api.w.org\/{rel}","templated":true}]}}