{"id":55355,"date":"2015-01-23T09:15:19","date_gmt":"2015-01-23T12:15:19","guid":{"rendered":"http:\/\/www.eltrabajo.cl\/portal\/?p=55355"},"modified":"2015-01-23T09:15:19","modified_gmt":"2015-01-23T12:15:19","slug":"prepara-gran-cierre-para-fiesta-de-la-chaya-2015-en-san-felipe","status":"publish","type":"post","link":"https:\/\/eltrabajo.cl\/portal\/prepara-gran-cierre-para-fiesta-de-la-chaya-2015-en-san-felipe\/","title":{"rendered":"Prepara gran cierre para fiesta de la Chaya 2015 en San Felipe"},"content":{"rendered":"<figure id=\"attachment_55356\" aria-describedby=\"caption-attachment-55356\" style=\"width: 529px\" class=\"wp-caption alignnone\"><a href=\"https:\/\/i0.wp.com\/www.eltrabajo.cl\/portal\/wp-content\/uploads\/2015\/01\/Vista-a%C3%A9rea-de-la-chaya-angelo-perez.jpg\"><img data-recalc-dims=\"1\" loading=\"lazy\" decoding=\"async\" class=\"size-full wp-image-55356\" src=\"https:\/\/i0.wp.com\/www.eltrabajo.cl\/portal\/wp-content\/uploads\/2015\/01\/Vista-a%C3%A9rea-de-la-chaya-angelo-perez.jpg?resize=529%2C401\" alt=\"Vista a\u00e9rea del escenario de la gran fiesta de la chaya (Foto: \u00c1ngelo P\u00e9rez).\" width=\"529\" height=\"401\" srcset=\"https:\/\/i0.wp.com\/eltrabajo.cl\/portal\/wp-content\/uploads\/2015\/01\/Vista-a%C3%A9rea-de-la-chaya-angelo-perez.jpg?w=529&amp;ssl=1 529w, https:\/\/i0.wp.com\/eltrabajo.cl\/portal\/wp-content\/uploads\/2015\/01\/Vista-a%C3%A9rea-de-la-chaya-angelo-perez.jpg?resize=198%2C150&amp;ssl=1 198w, https:\/\/i0.wp.com\/eltrabajo.cl\/portal\/wp-content\/uploads\/2015\/01\/Vista-a%C3%A9rea-de-la-chaya-angelo-perez.jpg?resize=300%2C227&amp;ssl=1 300w, https:\/\/i0.wp.com\/eltrabajo.cl\/portal\/wp-content\/uploads\/2015\/01\/Vista-a%C3%A9rea-de-la-chaya-angelo-perez.jpg?resize=150%2C114&amp;ssl=1 150w, https:\/\/i0.wp.com\/eltrabajo.cl\/portal\/wp-content\/uploads\/2015\/01\/Vista-a%C3%A9rea-de-la-chaya-angelo-perez.jpg?resize=400%2C303&amp;ssl=1 400w\" sizes=\"auto, (max-width: 529px) 100vw, 529px\" \/><\/a><figcaption id=\"caption-attachment-55356\" class=\"wp-caption-text\">Vista a\u00e9rea del escenario de la gran fiesta de la chaya (Foto: \u00c1ngelo P\u00e9rez).<\/figcaption><\/figure>\n<p>Este fin de semana se pone fin a la gran fiesta de la chaya organizada por la Ilustre Municipalidad de San Felipe, con grandes artistas como Sexual Democracia que se estar\u00e1 presentando este d\u00eda viernes en la plaza, mientras que para cerrar todo el s\u00e1bado 24 subir\u00e1n al escenario el grupo Los Viking 5, los cuales esperan cerrar esta versi\u00f3n de la fiesta transformando la plaza de armas en una gran pista de baile.<br \/>\nLa fiesta de la chaya ha tenido una gran acogida entre los vecinos de San Felipe que se han acercado en masa al centro de la ciudad para disfrutar de grandes n\u00fameros art\u00edsticos de la talla de la orquesta Huambaly, el grupo reguetonero aconcag\u00fcino Eyci &amp; Cody que son los m\u00e1ximos exponentes de este estilo musical a nivel nacional, adem\u00e1s de haber tenido la oportunidad de ser los compositores del himno de la \u00faltima versi\u00f3n de la Telet\u00f3n, entre otros grandes hitos de su exitosa carrera art\u00edstica.<br \/>\nPara cerrar esta gran fiesta se prepara la presentaci\u00f3n este viernes del grupo valdiviano de rock latino Sexual Democracia que pretende deslumbrar a todos los asistentes con sus grandes \u00e9xitos como \u2018Con un Pituto\u2019, \u2018Bomberos Chicos Buenos\u2019, \u2018Canci\u00f3n Pac\u00edfico Violenta\u2019, \u2018Me Querr\u00e1s Igual\u2019 y tantas otras. Mientras que para el d\u00eda s\u00e1bado se pretende cerrar esta gran fiesta con el grupo de cumbia Los Viking 5, los cuales esperan hacer bailar a todo San Felipe al comp\u00e1s de sus tonadas como \u2018Linda Provinciana\u2019 y \u2018Ese Muerto no lo Cargo yo\u2019, entre otras.<br \/>\nLos asistentes se han mostrado muy contentos con este espect\u00e1culo y agradeciendo la seguridad que ha brindado Carabineros y el gran trabajo en la organizaci\u00f3n de este evento de parte de la Municipalidad.<br \/>\nMat\u00edas Ortiz<\/p>\n","protected":false},"excerpt":{"rendered":"<p>Este fin de semana se pone fin a la gran fiesta de la chaya organizada por la Ilustre Municipalidad de San Felipe, con grandes artistas como Sexual Democracia que se estar\u00e1 presentando&#8230;<\/p>\n","protected":false},"author":482,"featured_media":55356,"comment_status":"open","ping_status":"closed","sticky":false,"template":"","format":"standard","meta":{"advanced_seo_description":"","jetpack_seo_html_title":"","jetpack_seo_noindex":false,"_jetpack_memberships_contains_paid_content":false,"footnotes":""},"categories":[15],"tags":[],"class_list":["post-55355","post","type-post","status-publish","format-standard","has-post-thumbnail","hentry","category-comunidad"],"jetpack_featured_media_url":"https:\/\/i0.wp.com\/eltrabajo.cl\/portal\/wp-content\/uploads\/2015\/01\/Vista-a%C3%A9rea-de-la-chaya-angelo-perez.jpg?fit=529%2C401&ssl=1","jetpack_sharing_enabled":true,"jetpack_likes_enabled":true,"jetpack-related-posts":[],"_links":{"self":[{"href":"https:\/\/eltrabajo.cl\/portal\/wp-json\/wp\/v2\/posts\/55355","targetHints":{"allow":["GET"]}}],"collection":[{"href":"https:\/\/eltrabajo.cl\/portal\/wp-json\/wp\/v2\/posts"}],"about":[{"href":"https:\/\/eltrabajo.cl\/portal\/wp-json\/wp\/v2\/types\/post"}],"author":[{"embeddable":true,"href":"https:\/\/eltrabajo.cl\/portal\/wp-json\/wp\/v2\/users\/482"}],"replies":[{"embeddable":true,"href":"https:\/\/eltrabajo.cl\/portal\/wp-json\/wp\/v2\/comments?post=55355"}],"version-history":[{"count":0,"href":"https:\/\/eltrabajo.cl\/portal\/wp-json\/wp\/v2\/posts\/55355\/revisions"}],"wp:featuredmedia":[{"embeddable":true,"href":"https:\/\/eltrabajo.cl\/portal\/wp-json\/wp\/v2\/media\/55356"}],"wp:attachment":[{"href":"https:\/\/eltrabajo.cl\/portal\/wp-json\/wp\/v2\/media?parent=55355"}],"wp:term":[{"taxonomy":"category","embeddable":true,"href":"https:\/\/eltrabajo.cl\/portal\/wp-json\/wp\/v2\/categories?post=55355"},{"taxonomy":"post_tag","embeddable":true,"href":"https:\/\/eltrabajo.cl\/portal\/wp-json\/wp\/v2\/tags?post=55355"}],"curies":[{"name":"wp","href":"https:\/\/api.w.org\/{rel}","templated":true}]}}