{"id":55410,"date":"2015-01-26T09:28:36","date_gmt":"2015-01-26T12:28:36","guid":{"rendered":"http:\/\/www.eltrabajo.cl\/portal\/?p=55410"},"modified":"2015-01-26T09:43:10","modified_gmt":"2015-01-26T12:43:10","slug":"miles-disfrutaron-con-los-vikings-5-al-cierre-de-la-fiesta-de-la-chaya","status":"publish","type":"post","link":"https:\/\/eltrabajo.cl\/portal\/miles-disfrutaron-con-los-vikings-5-al-cierre-de-la-fiesta-de-la-chaya\/","title":{"rendered":"Miles disfrutaron con Los Vikings 5 al cierre de la Fiesta de la Chaya"},"content":{"rendered":"<figure id=\"attachment_55411\" aria-describedby=\"caption-attachment-55411\" style=\"width: 529px\" class=\"wp-caption alignnone\"><a href=\"https:\/\/i0.wp.com\/www.eltrabajo.cl\/portal\/wp-content\/uploads\/2015\/01\/Chaya12.jpg\"><img data-recalc-dims=\"1\" loading=\"lazy\" decoding=\"async\" class=\"size-full wp-image-55411\" src=\"https:\/\/i0.wp.com\/www.eltrabajo.cl\/portal\/wp-content\/uploads\/2015\/01\/Chaya12.jpg?resize=529%2C358\" alt=\"EL CIERRE.- La Fiesta de la Chaya permiti\u00f3 la participaci\u00f3n de vecinos de todas las edades, ya que cada noche estuvo dedicada a un segmento espec\u00edfico.\" width=\"529\" height=\"358\" srcset=\"https:\/\/i0.wp.com\/eltrabajo.cl\/portal\/wp-content\/uploads\/2015\/01\/Chaya12.jpg?w=529&amp;ssl=1 529w, https:\/\/i0.wp.com\/eltrabajo.cl\/portal\/wp-content\/uploads\/2015\/01\/Chaya12.jpg?resize=200%2C135&amp;ssl=1 200w, https:\/\/i0.wp.com\/eltrabajo.cl\/portal\/wp-content\/uploads\/2015\/01\/Chaya12.jpg?resize=300%2C203&amp;ssl=1 300w, https:\/\/i0.wp.com\/eltrabajo.cl\/portal\/wp-content\/uploads\/2015\/01\/Chaya12.jpg?resize=150%2C102&amp;ssl=1 150w, https:\/\/i0.wp.com\/eltrabajo.cl\/portal\/wp-content\/uploads\/2015\/01\/Chaya12.jpg?resize=400%2C271&amp;ssl=1 400w\" sizes=\"auto, (max-width: 529px) 100vw, 529px\" \/><\/a><figcaption id=\"caption-attachment-55411\" class=\"wp-caption-text\">EL CIERRE.- La Fiesta de la Chaya permiti\u00f3 la participaci\u00f3n de vecinos de todas las edades, ya que cada noche estuvo dedicada a un segmento espec\u00edfico.<\/figcaption><\/figure>\n<ul>\n<li><strong>Vecinos felicitaron al alcalde Patricio Freire por la entretenida actividad organizada por el municipio, que durante cinco noches los hizo bailar y cantar con artistas locales y nacionales de la talla de la Orquesta Huambaly, Eyci and Cody, MammaSoul y Sexual Democracia.<\/strong><\/li>\n<\/ul>\n<p>Un multitudinario marco de p\u00fablico lleg\u00f3 la noche del s\u00e1bado a la Plaza de Armas de San Felipe, para disfrutar de la \u00faltima jornada de la Fiesta de la Chaya 2015, la que tuvo su broche de oro la presentaci\u00f3n de LosVikings 5, el grupo nacido en Coquimbo que hizo bailar y cantar a m\u00e1s de 10.000 sanfelipe\u00f1os.<br \/>\nLa cita del s\u00e1bado puso fin a una de las grandes actividades de este verano 2015 organizadas por la municipalidad de San Felipe. As\u00ed, la Fiesta de la Chaya permiti\u00f3 la participaci\u00f3n de vecinos de todas las edades, ya que cada noche estuvo dedicada a un segmento espec\u00edfico, aunque ciertamente la presentaci\u00f3n de los artistas gener\u00f3 un entusiasmo generalizado.<br \/>\nLa noche del viernes el grupo sure\u00f1o Sexual Democracia logr\u00f3 contagiar de alegr\u00eda y rock a los asistentes, quienes corearon sus temas, e incluso varios de los asistentes tuvieron la oportunidad de subir al escenario para acompa\u00f1ar la interpretaci\u00f3n de la pen\u00faltima canci\u00f3n que consider\u00f3 el repertorio ofrecido.<br \/>\nMiguel Barriga, vocalista de la banda, tambi\u00e9n invit\u00f3 al escenario a cuatro de los integrantes del Ballet Municipal, quienes bailaron una canci\u00f3n nortina y otra de Violeta Parra, en tanto que los cl\u00e1sicos \u2018Profanador de cunas\u2019, \u2018El Pituto\u2019 y Buscando chilenos\u2019, fueron coreados por el p\u00fablico, que aplaudi\u00f3 con ganas el cierre de la presentaci\u00f3n, cuando Sexual Democracia cant\u00f3 \u2018Bomberos chicos buenos\u2019.<br \/>\nSi bien la jornada el viernes convoc\u00f3 a una gran cantidad de vecinos, la noche del s\u00e1bado las expectativas de los organizadores fueron superadas con creces, ya que desde un primer momento, Calle Salinas se replet\u00f3 de p\u00fablico que bail\u00f3 con Calibre 67 y escuch\u00f3 con inter\u00e9s los siete temas en competencia, de entre los cuales el jurado defini\u00f3 a los dos que participar\u00e1n representando al Valle de Aconcagua, en la pr\u00f3xima edici\u00f3n del XVI Festival de la Canci\u00f3n Palmenia Pizarro 2015.<br \/>\nAs\u00ed, pasada la medianoche fue presentado el grupo tropical \u2018Los Vikings 5\u2019, que ante un entusiasmado p\u00fablico inici\u00f3 su actuaci\u00f3n con temas cl\u00e1sicos que siguen siendo \u00e9xitos, como \u2018El Negro Jos\u00e9\u2019, \u2018Un a\u00f1o m\u00e1s\u2019, \u2018Linda Provinciana\u2019 entre otros. Los vecinos felicitaron al Alcalde Patricio Freire y a todo el equipo municipal, por la posibilidad que se les brinda de disfrutar de un espect\u00e1culo de enorme calidad, de manera gratuita.<br \/>\n\u201cLo hemos pasado incre\u00edble. Vine casi todas las noches con mi familia porque casi todos los artistas que trajeron me gustaban, as\u00ed que quiero felicitar a la municipalidad, sobre todo por Los Vikings 5, que nunca hab\u00eda visto en vivo\u201d, se\u00f1al\u00f3 Ernesto Bravo.<br \/>\nUna opini\u00f3n similar expres\u00f3 Claudia Rivas, quien coment\u00f3 que \u201cayer cant\u00e9 todas las canciones de Sexual Democracia y hoy bail\u00e9 todas las canciones de Los Vinkings 5. Qu\u00e9 bueno que la municipalidad haga esto y reviva la Chaya, porque es una tradici\u00f3n\u201d.<br \/>\nEl Alcalde Freire, quien entreg\u00f3 un obsequio a los integrantes de Los Vikings 5, manifest\u00f3 que \u201cno pod\u00edamos cerrar esta Fiesta de la Chaya 2015 de una manera distinta. Quisimos realizar una actividad para todos los gustos y creo que no nos equivocamos con la parrilla art\u00edstica, no solo por los grupos nacionales invitados, sino tambi\u00e9n por los artistas locales que tuvimos en este escenario\u201d.<br \/>\nRecalc\u00f3 el alcalde que este es el pre\u00e1mbulo de la mayor fiesta de Aconcagua, correspondiente al Festival Palmenia Pizarro, formulando en este sentido una invitaci\u00f3n a todos los vecinos para que participe con mucho entusiasmo.<br \/>\n\u201cCon la Chaya la vara nos qued\u00f3 alta, pero la superaremos el 13 y 14 de febrero cuando realicemos el Festival de la Canci\u00f3n Palmenia Pizarro San Felipe 15, y as\u00ed como en esta semana nos acompa\u00f1\u00f3 el p\u00fablico, espero e invito a la gente para que asista, porque todas las actividades que hemos organizado este verano, las hacemos con mucho cari\u00f1o, con el fin de que los vecinos y vecinas disfruten y participen\u201d, puntualiz\u00f3 la autoridad comunal.<br \/>\nEl alcalde finalmente felicit\u00f3 al equipo del Departamento de Cultura, Talleres Municipales y a todos los funcionarios de la corporaci\u00f3n edilicia sanfelipe\u00f1a, as\u00ed como a Carabineros, IST y otros servicios, que contribuyeron a que la Fiesta de la Chaya fuese un \u00e9xito rotundo.<\/p>\n<div class=\"tiled-gallery type-rectangular tiled-gallery-unresized\" data-original-width=\"640\" data-carousel-extra='null' itemscope itemtype=\"http:\/\/schema.org\/ImageGallery\" > <div class=\"gallery-row\" style=\"width: 640px; height: 290px;\" data-original-width=\"640\" data-original-height=\"290\" > <div class=\"gallery-group images-1\" style=\"width: 427px; height: 290px;\" data-original-width=\"427\" data-original-height=\"290\" > <div class=\"tiled-gallery-item tiled-gallery-item-large\" itemprop=\"associatedMedia\" itemscope itemtype=\"http:\/\/schema.org\/ImageObject\"> <a href=\"https:\/\/eltrabajo.cl\/portal\/miles-disfrutaron-con-los-vikings-5-al-cierre-de-la-fiesta-de-la-chaya\/chaya4\/\" border=\"0\" itemprop=\"url\"> <meta itemprop=\"width\" content=\"423\"> <meta itemprop=\"height\" content=\"286\"> <img decoding=\"async\" class=\"\" data-attachment-id=\"55414\" data-orig-file=\"https:\/\/eltrabajo.cl\/portal\/wp-content\/uploads\/2015\/01\/Chaya4.jpg\" data-orig-size=\"529,358\" data-comments-opened=\"1\" data-image-meta=\"{&quot;aperture&quot;:&quot;0&quot;,&quot;credit&quot;:&quot;&quot;,&quot;camera&quot;:&quot;&quot;,&quot;caption&quot;:&quot;&quot;,&quot;created_timestamp&quot;:&quot;0&quot;,&quot;copyright&quot;:&quot;&quot;,&quot;focal_length&quot;:&quot;0&quot;,&quot;iso&quot;:&quot;0&quot;,&quot;shutter_speed&quot;:&quot;0&quot;,&quot;title&quot;:&quot;&quot;,&quot;orientation&quot;:&quot;0&quot;}\" data-image-title=\"Chaya4\" data-image-description=\"&lt;p&gt;HIPNOTIZADOS.- La primera autoridad comunal, junto al concejal Rodr\u00edguez y los integrantes de Los Vikings 5, con un hermoso marco de p\u00fablico de fondo.&lt;\/p&gt; \" data-medium-file=\"https:\/\/i0.wp.com\/eltrabajo.cl\/portal\/wp-content\/uploads\/2015\/01\/Chaya4.jpg?fit=300%2C203&#038;ssl=1\" data-large-file=\"https:\/\/i0.wp.com\/eltrabajo.cl\/portal\/wp-content\/uploads\/2015\/01\/Chaya4.jpg?fit=529%2C358&#038;ssl=1\" src=\"https:\/\/i0.wp.com\/eltrabajo.cl\/portal\/wp-content\/uploads\/2015\/01\/Chaya4.jpg?w=423&#038;h=286&#038;ssl=1\" srcset=\"https:\/\/i0.wp.com\/eltrabajo.cl\/portal\/wp-content\/uploads\/2015\/01\/Chaya4.jpg?w=529&amp;ssl=1 529w, https:\/\/i0.wp.com\/eltrabajo.cl\/portal\/wp-content\/uploads\/2015\/01\/Chaya4.jpg?resize=200%2C135&amp;ssl=1 200w, https:\/\/i0.wp.com\/eltrabajo.cl\/portal\/wp-content\/uploads\/2015\/01\/Chaya4.jpg?resize=300%2C203&amp;ssl=1 300w, https:\/\/i0.wp.com\/eltrabajo.cl\/portal\/wp-content\/uploads\/2015\/01\/Chaya4.jpg?resize=150%2C102&amp;ssl=1 150w, https:\/\/i0.wp.com\/eltrabajo.cl\/portal\/wp-content\/uploads\/2015\/01\/Chaya4.jpg?resize=400%2C271&amp;ssl=1 400w\" width=\"423\" height=\"286\" loading=\"lazy\" data-original-width=\"423\" data-original-height=\"286\" itemprop=\"http:\/\/schema.org\/image\" title=\"Chaya4\" alt=\"HIPNOTIZADOS.- La primera autoridad comunal, junto al concejal Rodr\u00edguez y los integrantes de Los Vikings 5, con un hermoso marco de p\u00fablico de fondo.\" style=\"width: 423px; height: 286px;\" \/> <\/a> <div class=\"tiled-gallery-caption\" itemprop=\"caption description\"> HIPNOTIZADOS.- La primera autoridad comunal, junto al concejal Rodr\u00edguez y los integrantes de Los Vikings 5, con un hermoso marco de p\u00fablico de fondo. <\/div> <\/div> <\/div> <!-- close group --> <div class=\"gallery-group images-2\" style=\"width: 213px; height: 290px;\" data-original-width=\"213\" data-original-height=\"290\" > <div class=\"tiled-gallery-item tiled-gallery-item-small\" itemprop=\"associatedMedia\" itemscope itemtype=\"http:\/\/schema.org\/ImageObject\"> <a href=\"https:\/\/eltrabajo.cl\/portal\/miles-disfrutaron-con-los-vikings-5-al-cierre-de-la-fiesta-de-la-chaya\/chaya3-2\/\" border=\"0\" itemprop=\"url\"> <meta itemprop=\"width\" content=\"209\"> <meta itemprop=\"height\" content=\"141\"> <img decoding=\"async\" class=\"\" data-attachment-id=\"55413\" data-orig-file=\"https:\/\/eltrabajo.cl\/portal\/wp-content\/uploads\/2015\/01\/Chaya3.jpg\" data-orig-size=\"529,358\" data-comments-opened=\"1\" data-image-meta=\"{&quot;aperture&quot;:&quot;0&quot;,&quot;credit&quot;:&quot;&quot;,&quot;camera&quot;:&quot;&quot;,&quot;caption&quot;:&quot;&quot;,&quot;created_timestamp&quot;:&quot;0&quot;,&quot;copyright&quot;:&quot;&quot;,&quot;focal_length&quot;:&quot;0&quot;,&quot;iso&quot;:&quot;0&quot;,&quot;shutter_speed&quot;:&quot;0&quot;,&quot;title&quot;:&quot;&quot;,&quot;orientation&quot;:&quot;0&quot;}\" data-image-title=\"Chaya3\" data-image-description=\"&lt;p&gt;MAGISTRALES.- La Fiesta de la Chaya 2015 tuvo su broche de oro la presentaci\u00f3n de Los Vikings 5.&lt;\/p&gt; \" data-medium-file=\"https:\/\/i0.wp.com\/eltrabajo.cl\/portal\/wp-content\/uploads\/2015\/01\/Chaya3.jpg?fit=300%2C203&#038;ssl=1\" data-large-file=\"https:\/\/i0.wp.com\/eltrabajo.cl\/portal\/wp-content\/uploads\/2015\/01\/Chaya3.jpg?fit=529%2C358&#038;ssl=1\" src=\"https:\/\/i0.wp.com\/eltrabajo.cl\/portal\/wp-content\/uploads\/2015\/01\/Chaya3.jpg?w=209&#038;h=141&#038;ssl=1\" srcset=\"https:\/\/i0.wp.com\/eltrabajo.cl\/portal\/wp-content\/uploads\/2015\/01\/Chaya3.jpg?w=529&amp;ssl=1 529w, https:\/\/i0.wp.com\/eltrabajo.cl\/portal\/wp-content\/uploads\/2015\/01\/Chaya3.jpg?resize=200%2C135&amp;ssl=1 200w, https:\/\/i0.wp.com\/eltrabajo.cl\/portal\/wp-content\/uploads\/2015\/01\/Chaya3.jpg?resize=300%2C203&amp;ssl=1 300w, https:\/\/i0.wp.com\/eltrabajo.cl\/portal\/wp-content\/uploads\/2015\/01\/Chaya3.jpg?resize=150%2C102&amp;ssl=1 150w, https:\/\/i0.wp.com\/eltrabajo.cl\/portal\/wp-content\/uploads\/2015\/01\/Chaya3.jpg?resize=400%2C271&amp;ssl=1 400w\" width=\"209\" height=\"141\" loading=\"lazy\" data-original-width=\"209\" data-original-height=\"141\" itemprop=\"http:\/\/schema.org\/image\" title=\"Chaya3\" alt=\"MAGISTRALES.- La Fiesta de la Chaya 2015 tuvo su broche de oro la presentaci\u00f3n de Los Vikings 5.\" style=\"width: 209px; height: 141px;\" \/> <\/a> <div class=\"tiled-gallery-caption\" itemprop=\"caption description\"> MAGISTRALES.- La Fiesta de la Chaya 2015 tuvo su broche de oro la presentaci\u00f3n de Los Vikings 5. <\/div> <\/div> <div class=\"tiled-gallery-item tiled-gallery-item-small\" itemprop=\"associatedMedia\" itemscope itemtype=\"http:\/\/schema.org\/ImageObject\"> <a href=\"https:\/\/eltrabajo.cl\/portal\/miles-disfrutaron-con-los-vikings-5-al-cierre-de-la-fiesta-de-la-chaya\/chaya2-5\/\" border=\"0\" itemprop=\"url\"> <meta itemprop=\"width\" content=\"209\"> <meta itemprop=\"height\" content=\"141\"> <img decoding=\"async\" class=\"\" data-attachment-id=\"55412\" data-orig-file=\"https:\/\/eltrabajo.cl\/portal\/wp-content\/uploads\/2015\/01\/Chaya22.jpg\" data-orig-size=\"529,358\" data-comments-opened=\"1\" data-image-meta=\"{&quot;aperture&quot;:&quot;0&quot;,&quot;credit&quot;:&quot;&quot;,&quot;camera&quot;:&quot;&quot;,&quot;caption&quot;:&quot;&quot;,&quot;created_timestamp&quot;:&quot;0&quot;,&quot;copyright&quot;:&quot;&quot;,&quot;focal_length&quot;:&quot;0&quot;,&quot;iso&quot;:&quot;0&quot;,&quot;shutter_speed&quot;:&quot;0&quot;,&quot;title&quot;:&quot;&quot;,&quot;orientation&quot;:&quot;0&quot;}\" data-image-title=\"Chaya2\" data-image-description=\"&lt;p&gt;DESEQUILIBRANTES.- Los Vikings 5 hicieron bailar a m\u00e1s de diez mil vecinos que llegaron a la Plaza de Armas.&lt;\/p&gt; \" data-medium-file=\"https:\/\/i0.wp.com\/eltrabajo.cl\/portal\/wp-content\/uploads\/2015\/01\/Chaya22.jpg?fit=300%2C203&#038;ssl=1\" data-large-file=\"https:\/\/i0.wp.com\/eltrabajo.cl\/portal\/wp-content\/uploads\/2015\/01\/Chaya22.jpg?fit=529%2C358&#038;ssl=1\" src=\"https:\/\/i0.wp.com\/eltrabajo.cl\/portal\/wp-content\/uploads\/2015\/01\/Chaya22.jpg?w=209&#038;h=141&#038;ssl=1\" srcset=\"https:\/\/i0.wp.com\/eltrabajo.cl\/portal\/wp-content\/uploads\/2015\/01\/Chaya22.jpg?w=529&amp;ssl=1 529w, https:\/\/i0.wp.com\/eltrabajo.cl\/portal\/wp-content\/uploads\/2015\/01\/Chaya22.jpg?resize=200%2C135&amp;ssl=1 200w, https:\/\/i0.wp.com\/eltrabajo.cl\/portal\/wp-content\/uploads\/2015\/01\/Chaya22.jpg?resize=300%2C203&amp;ssl=1 300w, https:\/\/i0.wp.com\/eltrabajo.cl\/portal\/wp-content\/uploads\/2015\/01\/Chaya22.jpg?resize=150%2C102&amp;ssl=1 150w, https:\/\/i0.wp.com\/eltrabajo.cl\/portal\/wp-content\/uploads\/2015\/01\/Chaya22.jpg?resize=400%2C271&amp;ssl=1 400w\" width=\"209\" height=\"141\" loading=\"lazy\" data-original-width=\"209\" data-original-height=\"141\" itemprop=\"http:\/\/schema.org\/image\" title=\"Chaya2\" alt=\"DESEQUILIBRANTES.- Los Vikings 5 hicieron bailar a m\u00e1s de diez mil vecinos que llegaron a la Plaza de Armas.\" style=\"width: 209px; height: 141px;\" \/> <\/a> <div class=\"tiled-gallery-caption\" itemprop=\"caption description\"> DESEQUILIBRANTES.- Los Vikings 5 hicieron bailar a m\u00e1s de diez mil vecinos que llegaron a la Plaza de Armas. <\/div> <\/div> <\/div> <!-- close group --> <\/div> <!-- close row --> <\/div>\n","protected":false},"excerpt":{"rendered":"<p>Vecinos felicitaron al alcalde Patricio Freire por la entretenida actividad organizada por el municipio, que durante cinco noches los hizo bailar y cantar con artistas locales y nacionales de la talla de&#8230;<\/p>\n","protected":false},"author":482,"featured_media":55411,"comment_status":"open","ping_status":"closed","sticky":false,"template":"","format":"standard","meta":{"advanced_seo_description":"","jetpack_seo_html_title":"","jetpack_seo_noindex":false,"_jetpack_memberships_contains_paid_content":false,"footnotes":""},"categories":[15],"tags":[],"class_list":["post-55410","post","type-post","status-publish","format-standard","has-post-thumbnail","hentry","category-comunidad"],"jetpack_featured_media_url":"https:\/\/i0.wp.com\/eltrabajo.cl\/portal\/wp-content\/uploads\/2015\/01\/Chaya12.jpg?fit=529%2C358&ssl=1","jetpack_sharing_enabled":true,"jetpack_likes_enabled":true,"jetpack-related-posts":[],"_links":{"self":[{"href":"https:\/\/eltrabajo.cl\/portal\/wp-json\/wp\/v2\/posts\/55410","targetHints":{"allow":["GET"]}}],"collection":[{"href":"https:\/\/eltrabajo.cl\/portal\/wp-json\/wp\/v2\/posts"}],"about":[{"href":"https:\/\/eltrabajo.cl\/portal\/wp-json\/wp\/v2\/types\/post"}],"author":[{"embeddable":true,"href":"https:\/\/eltrabajo.cl\/portal\/wp-json\/wp\/v2\/users\/482"}],"replies":[{"embeddable":true,"href":"https:\/\/eltrabajo.cl\/portal\/wp-json\/wp\/v2\/comments?post=55410"}],"version-history":[{"count":0,"href":"https:\/\/eltrabajo.cl\/portal\/wp-json\/wp\/v2\/posts\/55410\/revisions"}],"wp:featuredmedia":[{"embeddable":true,"href":"https:\/\/eltrabajo.cl\/portal\/wp-json\/wp\/v2\/media\/55411"}],"wp:attachment":[{"href":"https:\/\/eltrabajo.cl\/portal\/wp-json\/wp\/v2\/media?parent=55410"}],"wp:term":[{"taxonomy":"category","embeddable":true,"href":"https:\/\/eltrabajo.cl\/portal\/wp-json\/wp\/v2\/categories?post=55410"},{"taxonomy":"post_tag","embeddable":true,"href":"https:\/\/eltrabajo.cl\/portal\/wp-json\/wp\/v2\/tags?post=55410"}],"curies":[{"name":"wp","href":"https:\/\/api.w.org\/{rel}","templated":true}]}}