{"id":5553,"date":"2011-10-28T08:43:48","date_gmt":"2011-10-28T12:43:48","guid":{"rendered":"http:\/\/www.eltrabajo.cl\/portal\/?p=5553"},"modified":"2011-10-28T08:43:48","modified_gmt":"2011-10-28T12:43:48","slug":"conaf-podria-intervenir-en-faenas-mineras-en-jahuel-por-dano-forestal-ambiental","status":"publish","type":"post","link":"https:\/\/eltrabajo.cl\/portal\/conaf-podria-intervenir-en-faenas-mineras-en-jahuel-por-dano-forestal-ambiental\/","title":{"rendered":"Conaf podr\u00eda intervenir en faenas mineras en Jahuel por da\u00f1o forestal ambiental"},"content":{"rendered":"<div class=\"mceTemp\">\n<figure id=\"attachment_5555\" aria-describedby=\"caption-attachment-5555\" style=\"width: 600px\" class=\"wp-caption alignnone\"><a href=\"http:\/\/www.eltrabajo.cl\/portal\/archives\/5553\/rivasjahuel-2\" rel=\"attachment wp-att-5555\"><img data-recalc-dims=\"1\" loading=\"lazy\" decoding=\"async\" class=\"size-full wp-image-5555\" title=\"rivasJahuel\" src=\"https:\/\/i0.wp.com\/www.eltrabajo.cl\/portal\/wp-content\/uploads\/2011\/10\/rivasJahuel1.jpg?resize=600%2C423\" alt=\"\" width=\"600\" height=\"423\" srcset=\"https:\/\/i0.wp.com\/eltrabajo.cl\/portal\/wp-content\/uploads\/2011\/10\/rivasJahuel1.jpg?w=600&amp;ssl=1 600w, https:\/\/i0.wp.com\/eltrabajo.cl\/portal\/wp-content\/uploads\/2011\/10\/rivasJahuel1.jpg?resize=200%2C141&amp;ssl=1 200w, https:\/\/i0.wp.com\/eltrabajo.cl\/portal\/wp-content\/uploads\/2011\/10\/rivasJahuel1.jpg?resize=300%2C211&amp;ssl=1 300w, https:\/\/i0.wp.com\/eltrabajo.cl\/portal\/wp-content\/uploads\/2011\/10\/rivasJahuel1.jpg?resize=150%2C105&amp;ssl=1 150w, https:\/\/i0.wp.com\/eltrabajo.cl\/portal\/wp-content\/uploads\/2011\/10\/rivasJahuel1.jpg?resize=400%2C282&amp;ssl=1 400w\" sizes=\"auto, (max-width: 600px) 100vw, 600px\" \/><\/a><figcaption id=\"caption-attachment-5555\" class=\"wp-caption-text\">Existen posibilidades concretas de que las faenas sean clausuradas por infracci\u00f3n a la Ley de Preservaci\u00f3n y Protecci\u00f3n del Patrimonio Forestal Nacional.<\/figcaption><\/figure>\n<p><strong>Diputado Rivas destac\u00f3 compromiso del Director Ejecutivo de ese organismo, quien podr\u00eda eventualmente clausurar las faenas mineras en Jahuel por da\u00f1o forestal ambiental.<\/strong><\/div>\n<p>El Diputado de Aconcagua Gaspar Rivas, resalt\u00f3 como un paso muy importante resultado de la reuni\u00f3n que gestion\u00f3 para el alcalde y dirigentes vecinales de Santa Mar\u00eda con el Director Ejecutivo de Conaf, porque de comprobarse la vulneraci\u00f3n del patrimonio forestal de los sectores de Jahuel, El Zaino por empresas mineras, existen posibilidades concretas de que las faenas sean clausuradas por infracci\u00f3n a la Ley de Preservaci\u00f3n y Protecci\u00f3n del Patrimonio Forestal Nacional.<\/p>\n<p>El parlamentario que ha apoyado a los vecinos en su rechazo a las faenas mineras en el sector alto de Jahuel, gestionando diversas reuniones, visitas a terrenos de diferentes estamentos y recurriendo a todas las instancias para buscar una soluci\u00f3n al conflicto, tras reunirse el pasado lunes con la Ministra del Medio Ambiente junto a la Gobernadora Patricia Boffa, el alcalde de Santa Mar\u00eda Claudio Zurita y el vocero de los vecinos, en forma urgente solicit\u00f3 una reuni\u00f3n al director Ejecutivo de Conaf, Eduardo Vial, para que recibiera este mi\u00e9rcoles a la m\u00e1xima autoridad municipal y dirigentes vecinales.<\/p>\n<p>\u00abEsta reuni\u00f3n con la Conaf era fundamental luego que la Ministra del Medio Ambiente nos indicara que por la cantidad de extracci\u00f3n de estas minas, no estaban bajo su tuici\u00f3n, pero como hab\u00eda una eventual vulneraci\u00f3n del patrimonio forestal con la destrucci\u00f3n de especies nativas como guayacanes, cipreses, quillayes, entre otras que son protegidas por la Ley, la misma Secretaria de Estado nos indic\u00f3 que s\u00ed pod\u00eda haber una tuici\u00f3n de parte de Conaf\u00bb, explic\u00f3 Rivas.<\/p>\n<p>\u00abProducto de eso a trav\u00e9s de mi oficina parlamentaria solicit\u00e9 esta reuni\u00f3n con car\u00e1cter de urgente con el Director Ejecutivo de Conaf, Eduardo Vial, quien accedi\u00f3 a recibir al alcalde Claudio Zurita y los dirigentes para abordar la problem\u00e1tica Lamentablemente por asuntos de agenda no pude asistir, pero en definitiva lo importante es que el resultado de esta reuni\u00f3n encendi\u00f3 una luz de esperanza para los vecinos, porque la m\u00e1xima autoridad de Conaf se\u00f1al\u00f3 enf\u00e1ticamente que de comprobarse la vulneraci\u00f3n del patrimonio forestal de los sectores de Jahuel, El Zaino por parte de las empresas mineras, existen posibilidades concretas de que las faenas sean clausuradas por infracci\u00f3n a la Ley de Preservaci\u00f3n y Protecci\u00f3n del Patrimonio Forestal Nacional\u00bb, sostuvo Rivas.<\/p>\n<p>\u00abPara m\u00ed esta es una luz al final del camino, porque el Director Ejecutivo de Conaf adquiri\u00f3 con el alcalde Zurita y los dirigentes presentes en la reuni\u00f3n, el compromiso de una visita a terreno por parte de personal especializado de ese organismo, incluso, se estar\u00eda analizando la posibilidad de que, ante una reclamaci\u00f3n, que el Consejo de Defensa del Estado pudiera hacerse parte en el tema\u00bb, concluy\u00f3 el Diputado Gaspar Rivas.<\/p>\n","protected":false},"excerpt":{"rendered":"<p>Diputado Rivas destac\u00f3 compromiso del Director Ejecutivo de ese organismo, quien podr\u00eda eventualmente clausurar las faenas mineras en Jahuel por da\u00f1o forestal ambiental. El Diputado de Aconcagua Gaspar Rivas, resalt\u00f3 como un&#8230;<\/p>\n","protected":false},"author":482,"featured_media":5555,"comment_status":"open","ping_status":"open","sticky":false,"template":"","format":"standard","meta":{"advanced_seo_description":"","jetpack_seo_html_title":"","jetpack_seo_noindex":false,"_jetpack_memberships_contains_paid_content":false,"footnotes":""},"categories":[15],"tags":[],"class_list":["post-5553","post","type-post","status-publish","format-standard","has-post-thumbnail","hentry","category-comunidad"],"jetpack_featured_media_url":"https:\/\/i0.wp.com\/eltrabajo.cl\/portal\/wp-content\/uploads\/2011\/10\/rivasJahuel1.jpg?fit=600%2C423&ssl=1","jetpack_sharing_enabled":true,"jetpack_likes_enabled":true,"jetpack-related-posts":[],"_links":{"self":[{"href":"https:\/\/eltrabajo.cl\/portal\/wp-json\/wp\/v2\/posts\/5553","targetHints":{"allow":["GET"]}}],"collection":[{"href":"https:\/\/eltrabajo.cl\/portal\/wp-json\/wp\/v2\/posts"}],"about":[{"href":"https:\/\/eltrabajo.cl\/portal\/wp-json\/wp\/v2\/types\/post"}],"author":[{"embeddable":true,"href":"https:\/\/eltrabajo.cl\/portal\/wp-json\/wp\/v2\/users\/482"}],"replies":[{"embeddable":true,"href":"https:\/\/eltrabajo.cl\/portal\/wp-json\/wp\/v2\/comments?post=5553"}],"version-history":[{"count":0,"href":"https:\/\/eltrabajo.cl\/portal\/wp-json\/wp\/v2\/posts\/5553\/revisions"}],"wp:featuredmedia":[{"embeddable":true,"href":"https:\/\/eltrabajo.cl\/portal\/wp-json\/wp\/v2\/media\/5555"}],"wp:attachment":[{"href":"https:\/\/eltrabajo.cl\/portal\/wp-json\/wp\/v2\/media?parent=5553"}],"wp:term":[{"taxonomy":"category","embeddable":true,"href":"https:\/\/eltrabajo.cl\/portal\/wp-json\/wp\/v2\/categories?post=5553"},{"taxonomy":"post_tag","embeddable":true,"href":"https:\/\/eltrabajo.cl\/portal\/wp-json\/wp\/v2\/tags?post=5553"}],"curies":[{"name":"wp","href":"https:\/\/api.w.org\/{rel}","templated":true}]}}