{"id":5574,"date":"2011-10-28T09:07:35","date_gmt":"2011-10-28T13:07:35","guid":{"rendered":"http:\/\/www.eltrabajo.cl\/portal\/?p=5574"},"modified":"2011-10-28T09:08:49","modified_gmt":"2011-10-28T13:08:49","slug":"vecinos-de-villa-el-totoral-obligados-a-convivir-con-palomas-y-golondrinas","status":"publish","type":"post","link":"https:\/\/eltrabajo.cl\/portal\/vecinos-de-villa-el-totoral-obligados-a-convivir-con-palomas-y-golondrinas\/","title":{"rendered":"Vecinos de Villa El Totoral obligados a convivir con palomas y golondrinas"},"content":{"rendered":"<figure id=\"attachment_5576\" aria-describedby=\"caption-attachment-5576\" style=\"width: 600px\" class=\"wp-caption alignnone\"><a href=\"http:\/\/www.eltrabajo.cl\/portal\/archives\/5574\/palomas-4\" rel=\"attachment wp-att-5576\"><img data-recalc-dims=\"1\" loading=\"lazy\" decoding=\"async\" class=\"size-full wp-image-5576\" title=\"palomas (4)\" src=\"https:\/\/i0.wp.com\/www.eltrabajo.cl\/portal\/wp-content\/uploads\/2011\/10\/palomas-4.jpg?resize=600%2C451\" alt=\"\" width=\"600\" height=\"451\" srcset=\"https:\/\/i0.wp.com\/eltrabajo.cl\/portal\/wp-content\/uploads\/2011\/10\/palomas-4.jpg?w=600&amp;ssl=1 600w, https:\/\/i0.wp.com\/eltrabajo.cl\/portal\/wp-content\/uploads\/2011\/10\/palomas-4.jpg?resize=200%2C150&amp;ssl=1 200w, https:\/\/i0.wp.com\/eltrabajo.cl\/portal\/wp-content\/uploads\/2011\/10\/palomas-4.jpg?resize=300%2C225&amp;ssl=1 300w, https:\/\/i0.wp.com\/eltrabajo.cl\/portal\/wp-content\/uploads\/2011\/10\/palomas-4.jpg?resize=150%2C112&amp;ssl=1 150w, https:\/\/i0.wp.com\/eltrabajo.cl\/portal\/wp-content\/uploads\/2011\/10\/palomas-4.jpg?resize=400%2C300&amp;ssl=1 400w\" sizes=\"auto, (max-width: 600px) 100vw, 600px\" \/><\/a><figcaption id=\"caption-attachment-5576\" class=\"wp-caption-text\">Aunque los vecinos tratan de mantener limpio el entorno, las palomas dejan sus deposiciones por todo el lugar.<\/figcaption><\/figure>\n<p>Los vecinos de la villa El Totoral desde hace a\u00f1os est\u00e1n conviviendo con una molesta plaga de palomas, las que llegaron para quedarse en el entretecho de por lo menos 20 de los edificios que se ubican en ese lugar, afectando la calidad de vida de esta comunidad.<\/p>\n<p>Aunque han acudido a varias autoridades y servicios p\u00fablicos, los vecinos no han tenido ninguna respuesta concreta y si bien algunos han comprometido una visita para conocer la situaci\u00f3n, nunca llegan, por ello las m\u00e1s de mil personas que viven en este sector est\u00e1n cansadas.<\/p>\n<p>Lo cierto es que las palomas y las golondrinas, aves que tambi\u00e9n llegaron al lugar, hicieron sus nidos en el lugar, las que adem\u00e1s de producir un fuerte ruido por las noches, tambi\u00e9n generan un olor insoportable, ya que depositan sus fecas por todos lados.<\/p>\n<p>La situaci\u00f3n tiene desesperados a los vecinos, quienes han recurrido tambi\u00e9n a la constructora que levant\u00f3 los edificios, ya que, seg\u00fan argumentan, dejaron orificios en los techos, lo que les dej\u00f3 el camino libre a las aves para anidar.<\/p>\n<p>La preocupaci\u00f3n mayor es con los ni\u00f1os, quienes juegan por todo el lugar, teniendo contacto tanto con las aves como con sus fecas.<\/p>\n<p>\u00abEstamos afectados totalmente en la parte higi\u00e9nica, est\u00e1n los techos llenos con palomas, hay plagas y estamos llamando a la constructora que nos eche una manito, porque ellos dejaron abierto, ahora estamos viendo que en este block se hizo una limpieza y ya hay fecas. En el lugar de un ni\u00f1o, que le vaya a caer a la cara, se va a limpiar, se lo va a echar a la boca y la paloma tiene garrapatas, pulgas y el SAG dice que no nos pueden ayudar\u00bb, se\u00f1al\u00f3 la presidenta de la Junta de Vecinos, Marisol Dom\u00ednguez.<\/p>\n<p>La dirigente record\u00f3 que son varios los vecinos que cada cierto tiempo aparecen con alergias, no s\u00f3lo los ni\u00f1os, sino tambi\u00e9n los adultos, a lo que se suman los dolores de est\u00f3mago, lo que los hace pensar que son las aves las responsables de estos problemas de salud.<\/p>\n<p>Los vecinos se sienten abandonados y s\u00f3lo esperan encontrar una soluci\u00f3n. Quieren volver a disfrutar de su entorno, mejorar su calidad de vida y tener la seguridad de que sus hijos pueden recrearse tranquilamente, sin la preocupaci\u00f3n por tener que convivir con estas plagas.<\/p>\n<p><strong>ENFERMEDADES<\/strong><\/p>\n<p>Las palomas pueden transmitir al ser humano m\u00e1s de 50 tipos de enfermedades de origen infeccioso o parasitario, como el adenovirus, salmonella, tuberculosis y meningitis, entre otras, siendo algunas de ellas mortales y que adem\u00e1s son portadoras de piojos, garrapatas, pulgas, chinches y vinchucas.<\/p>\n<p>Asimismo su diario vivir causa da\u00f1os en el entorno en que habitan, tal como ha sucedido en estos edificios, ya que ensucian con sus deposiciones.<\/p>\n<p>Sus excrementos son altamente corrosivos, atacando y destruyendo canaletas y techos, y provocan problemas de salud p\u00fablica al transmitir enfermedades a trav\u00e9s de sus fecas, las que al secarse se esparcen por la acci\u00f3n del viento y son respiradas por las personas y los animales dom\u00e9sticos.<\/p>\n","protected":false},"excerpt":{"rendered":"<p>Los vecinos de la villa El Totoral desde hace a\u00f1os est\u00e1n conviviendo con una molesta plaga de palomas, las que llegaron para quedarse en el entretecho de por lo menos 20 de&#8230;<\/p>\n","protected":false},"author":482,"featured_media":5576,"comment_status":"open","ping_status":"open","sticky":false,"template":"","format":"standard","meta":{"advanced_seo_description":"","jetpack_seo_html_title":"","jetpack_seo_noindex":false,"_jetpack_memberships_contains_paid_content":false,"footnotes":""},"categories":[15],"tags":[],"class_list":["post-5574","post","type-post","status-publish","format-standard","has-post-thumbnail","hentry","category-comunidad"],"jetpack_featured_media_url":"https:\/\/i0.wp.com\/eltrabajo.cl\/portal\/wp-content\/uploads\/2011\/10\/palomas-4.jpg?fit=600%2C451&ssl=1","jetpack_sharing_enabled":true,"jetpack_likes_enabled":true,"jetpack-related-posts":[],"_links":{"self":[{"href":"https:\/\/eltrabajo.cl\/portal\/wp-json\/wp\/v2\/posts\/5574","targetHints":{"allow":["GET"]}}],"collection":[{"href":"https:\/\/eltrabajo.cl\/portal\/wp-json\/wp\/v2\/posts"}],"about":[{"href":"https:\/\/eltrabajo.cl\/portal\/wp-json\/wp\/v2\/types\/post"}],"author":[{"embeddable":true,"href":"https:\/\/eltrabajo.cl\/portal\/wp-json\/wp\/v2\/users\/482"}],"replies":[{"embeddable":true,"href":"https:\/\/eltrabajo.cl\/portal\/wp-json\/wp\/v2\/comments?post=5574"}],"version-history":[{"count":0,"href":"https:\/\/eltrabajo.cl\/portal\/wp-json\/wp\/v2\/posts\/5574\/revisions"}],"wp:featuredmedia":[{"embeddable":true,"href":"https:\/\/eltrabajo.cl\/portal\/wp-json\/wp\/v2\/media\/5576"}],"wp:attachment":[{"href":"https:\/\/eltrabajo.cl\/portal\/wp-json\/wp\/v2\/media?parent=5574"}],"wp:term":[{"taxonomy":"category","embeddable":true,"href":"https:\/\/eltrabajo.cl\/portal\/wp-json\/wp\/v2\/categories?post=5574"},{"taxonomy":"post_tag","embeddable":true,"href":"https:\/\/eltrabajo.cl\/portal\/wp-json\/wp\/v2\/tags?post=5574"}],"curies":[{"name":"wp","href":"https:\/\/api.w.org\/{rel}","templated":true}]}}