{"id":5586,"date":"2011-10-28T09:23:11","date_gmt":"2011-10-28T13:23:11","guid":{"rendered":"http:\/\/www.eltrabajo.cl\/portal\/?p=5586"},"modified":"2011-11-29T11:48:44","modified_gmt":"2011-11-29T15:48:44","slug":"en-libertad-psicologo-acusado-de-abuso-deshonesto-en-cesfam","status":"publish","type":"post","link":"https:\/\/eltrabajo.cl\/portal\/en-libertad-psicologo-acusado-de-abuso-deshonesto-en-cesfam\/","title":{"rendered":"En libertad Psic\u00f3logo acusado de abuso deshonesto en Cesfam"},"content":{"rendered":"<figure id=\"attachment_5587\" aria-describedby=\"caption-attachment-5587\" style=\"width: 600px\" class=\"wp-caption alignnone\"><a href=\"http:\/\/www.eltrabajo.cl\/portal\/archives\/5586\/cesfam2\" rel=\"attachment wp-att-5587\"><img data-recalc-dims=\"1\" loading=\"lazy\" decoding=\"async\" class=\"size-full wp-image-5587\" title=\"Cesfam2\" src=\"https:\/\/i0.wp.com\/www.eltrabajo.cl\/portal\/wp-content\/uploads\/2011\/10\/Cesfam2.jpg?resize=600%2C411\" alt=\"\" width=\"600\" height=\"411\" srcset=\"https:\/\/i0.wp.com\/eltrabajo.cl\/portal\/wp-content\/uploads\/2011\/10\/Cesfam2.jpg?w=600&amp;ssl=1 600w, https:\/\/i0.wp.com\/eltrabajo.cl\/portal\/wp-content\/uploads\/2011\/10\/Cesfam2.jpg?resize=200%2C137&amp;ssl=1 200w, https:\/\/i0.wp.com\/eltrabajo.cl\/portal\/wp-content\/uploads\/2011\/10\/Cesfam2.jpg?resize=300%2C205&amp;ssl=1 300w, https:\/\/i0.wp.com\/eltrabajo.cl\/portal\/wp-content\/uploads\/2011\/10\/Cesfam2.jpg?resize=150%2C102&amp;ssl=1 150w, https:\/\/i0.wp.com\/eltrabajo.cl\/portal\/wp-content\/uploads\/2011\/10\/Cesfam2.jpg?resize=400%2C274&amp;ssl=1 400w\" sizes=\"auto, (max-width: 600px) 100vw, 600px\" \/><\/a><figcaption id=\"caption-attachment-5587\" class=\"wp-caption-text\">En las oficinas del Cesfam de Panquehue todo sigue normal, sin embargo, cuando nuestro medio intent\u00f3 hablar con el director del consultorio, Dr.Te\u00f3filo Reyes, \u00e9ste se neg\u00f3 a atendernos.<\/figcaption><\/figure>\n<p><strong>Mientras el sospechoso de abusar sexualmente de una menor en el consultorio m\u00e9dico en el que trabajaba, fue dejado en libertad por un juez de San Felipe, el Alcalde de Panquehue, Luis Pradenas, habl\u00f3 en Exclusiva con DIARIO EL TRABAJO para se\u00f1alar sus puntos de vista sobre este caso que ya es noticia en los medios de comunicaci\u00f3n de la regi\u00f3n de Aconcagua.<\/strong><\/p>\n<p>Roberto Gonz\u00e1lez Short &#8211;\u00a0rgonzalez@eltrabajo.cl<\/p>\n<p>Aunque el peso de una denuncia penal en su contra ni el llanto a\u00fan h\u00famedo en las mejillas de una ni\u00f1a panquehuina de 12 a\u00f1os, lograron poner en prisi\u00f3n a un psic\u00f3logo del Cesfam de Panquehue. La familia de la menor no da cr\u00e9dito a las d\u00e9biles medidas cautelares dictadas la ma\u00f1ana de ayer al sospechoso C. C. por la Fiscal\u00eda local de San Felipe en el caso existente en su contra por Abusos Deshonestos.<\/p>\n<p>\u00abLa Justicia en este pa\u00eds es bien extra\u00f1a, los delincuentes en este pa\u00eds tienen la ventaja de entrar y salir sin ning\u00fan reparo, pido a los jueces que pongan mano dura y castiguen a estos tipos\u00bb, coment\u00f3 Marcelo Riquelme, padre de la ni\u00f1a abusada.<\/p>\n<p><strong>LAS MEDIDAS CAUTELARES<\/strong><\/p>\n<p>El juez que revis\u00f3 el Control de Detenci\u00f3n a C.C. \u00a0determin\u00f3 que el sospechoso deber\u00e1 firmar actas en Carabineros de San Felipe cada semana por 120 d\u00edas, y no acercarse a la v\u00edctima o su familia, as\u00ed como no intervenir en el proceso de investigaci\u00f3n. El no existir antecedentes en contra del acusado fue un elemento tomado en cuenta por el juez, adem\u00e1s que as\u00ed lo solicit\u00f3 la Fiscal\u00eda.<\/p>\n<p><strong>\u201cESTOY OBLIGADO A CREERLE A LA NI\u00d1A\u201d<\/strong><\/p>\n<p>Luis Pradenas, Alcalde de Panquehue, habl\u00f3 con DIARIO EL TRABAJO y relat\u00f3 detalles sobre el Caso. El edil indic\u00f3 que estaba en una reuni\u00f3n de trabajo cuando fue notificado por el director del Cesfam de Panquehue.<\/p>\n<p>\u00abYo estaba en una reuni\u00f3n cuando me llam\u00f3 el Dr. Reyes inform\u00e1ndome del lamentable hecho de que un profesional del consultorio hab\u00eda sido denunciado por la madre de una paciente, indicando que el mismo hab\u00eda cometido un hecho con caracteres de delito\u00bb, agreg\u00f3 Pradenas.<\/p>\n<p>Pero el alcalde Pradenas fue m\u00e1s all\u00e1 en las declaraciones brindadas a DIARIO EL TRABAJO y afirm\u00f3 que \u00e9l es el \u201cdefensor\u201d de la comunidad y se deb\u00eda enteramente a la ciudadan\u00eda de Panquehue, por ello no dud\u00f3 en actuar con rapidez.<\/p>\n<p>\u00abEsto fue sorpresivo para todos, jam\u00e1s he pensado que un ni\u00f1o, de la edad que tiene la ni\u00f1a afectada, mienta de esa forma, creo en la inocencia de los ni\u00f1os, pr\u00e1cticamente tengo que creer en ella, ser\u00e1 la Justicia quien defina si el sospechoso es o no responsable de los hechos que se le inculpan\u00bb, se\u00f1al\u00f3 la autoridad municipal.<\/p>\n<p><strong>ES INOCENTE<\/strong><\/p>\n<p>DIARIO EL TRABAJO intent\u00f3 hablar con el Director del Cesfam, Dr.Te\u00f3filo Reyes, pero se neg\u00f3 a atendernos. En la comunidad de Panquehue algunos padres de familia se muestran desconfiados. Por otra parte, de resultar culpable el acusado, pondr\u00eda tambi\u00e9n sufrir alguna Pena Accesoria que eventualmente le imposibilitar\u00eda ejercer su profesi\u00f3n en el futuro. Actualmente C. C. goza del derecho constitucional de la Presunci\u00f3n de Inocencia imperante en el Estado de Derecho existente en nuestro pa\u00eds.<\/p>\n<p><strong>SUMARIO ADMINISTRATIVO<\/strong><\/p>\n<p>Seg\u00fan supo nuestro medio, el alcalde Pradenas orden\u00f3 un Sumario Administrativo con miras a asentar responsabilidades sobre los hechos investigados. Al parecer al psic\u00f3logo se le suspendi\u00f3 de su puesto con goce de salario mientras el proceso judicial se pronuncia al respecto de forma definitiva.<\/p>\n","protected":false},"excerpt":{"rendered":"<p>Mientras el sospechoso de abusar sexualmente de una menor en el consultorio m\u00e9dico en el que trabajaba, fue dejado en libertad por un juez de San Felipe, el Alcalde de Panquehue, Luis&#8230;<\/p>\n","protected":false},"author":482,"featured_media":5587,"comment_status":"open","ping_status":"open","sticky":false,"template":"","format":"standard","meta":{"advanced_seo_description":"","jetpack_seo_html_title":"","jetpack_seo_noindex":false,"_jetpack_memberships_contains_paid_content":false,"footnotes":""},"categories":[15],"tags":[],"class_list":["post-5586","post","type-post","status-publish","format-standard","has-post-thumbnail","hentry","category-comunidad"],"jetpack_featured_media_url":"https:\/\/i0.wp.com\/eltrabajo.cl\/portal\/wp-content\/uploads\/2011\/10\/Cesfam2.jpg?fit=600%2C411&ssl=1","jetpack_sharing_enabled":true,"jetpack_likes_enabled":true,"jetpack-related-posts":[],"_links":{"self":[{"href":"https:\/\/eltrabajo.cl\/portal\/wp-json\/wp\/v2\/posts\/5586","targetHints":{"allow":["GET"]}}],"collection":[{"href":"https:\/\/eltrabajo.cl\/portal\/wp-json\/wp\/v2\/posts"}],"about":[{"href":"https:\/\/eltrabajo.cl\/portal\/wp-json\/wp\/v2\/types\/post"}],"author":[{"embeddable":true,"href":"https:\/\/eltrabajo.cl\/portal\/wp-json\/wp\/v2\/users\/482"}],"replies":[{"embeddable":true,"href":"https:\/\/eltrabajo.cl\/portal\/wp-json\/wp\/v2\/comments?post=5586"}],"version-history":[{"count":0,"href":"https:\/\/eltrabajo.cl\/portal\/wp-json\/wp\/v2\/posts\/5586\/revisions"}],"wp:featuredmedia":[{"embeddable":true,"href":"https:\/\/eltrabajo.cl\/portal\/wp-json\/wp\/v2\/media\/5587"}],"wp:attachment":[{"href":"https:\/\/eltrabajo.cl\/portal\/wp-json\/wp\/v2\/media?parent=5586"}],"wp:term":[{"taxonomy":"category","embeddable":true,"href":"https:\/\/eltrabajo.cl\/portal\/wp-json\/wp\/v2\/categories?post=5586"},{"taxonomy":"post_tag","embeddable":true,"href":"https:\/\/eltrabajo.cl\/portal\/wp-json\/wp\/v2\/tags?post=5586"}],"curies":[{"name":"wp","href":"https:\/\/api.w.org\/{rel}","templated":true}]}}