{"id":55879,"date":"2015-02-09T10:12:49","date_gmt":"2015-02-09T13:12:49","guid":{"rendered":"http:\/\/www.eltrabajo.cl\/portal\/?p=55879"},"modified":"2015-02-09T10:15:45","modified_gmt":"2015-02-09T13:15:45","slug":"vecinos-angustiados-por-insoportables-olores-emanados-por-pentzke","status":"publish","type":"post","link":"https:\/\/eltrabajo.cl\/portal\/vecinos-angustiados-por-insoportables-olores-emanados-por-pentzke\/","title":{"rendered":"Vecinos angustiados por p\u00e9simos olores emanados por la Pentzke"},"content":{"rendered":"<p>En horas de la tarde del viernes y con una amplia convocatoria, los vecinos se reunieron en la entrada de la planta de tratamiento de Aguas de Conservera Pentzke, para exigir a la empresa cuestionada, una explicaci\u00f3n y soluci\u00f3n a los malos olores que les han afectado durante los \u00faltimos d\u00edas.<br \/>\nSe trata vecinos de las villas Las Camelias, Nacional, Yevide, Sol del Inca y alrededores, quienes desde hace m\u00e1s de una semana han tenido que convivir con los insoportables olores que, seg\u00fan las declaraciones de la empresa, ser\u00edan provocados por un desajuste biol\u00f3gico de la planta.<br \/>\nFlavia Vera, vecina del sector y parte del grupo de vecinos, quienes comenzaron esta movilizaci\u00f3n, indic\u00f3 que \u201cel jueves un grupo de vecinas decidimos hacer visible este problema, porque si bien llevamos m\u00e1s de una semana viviendo con el olor, nadie, ninguna autoridad, ning\u00fan medio de comunicaci\u00f3n se hab\u00eda hecho presente, ni manifestado preocupaci\u00f3n alguna por esta situaci\u00f3n\u201d.<br \/>\nSeg\u00fan las declaraciones de los vecinos asistentes a la manifestaci\u00f3n, esto no ser\u00eda un caso aislado, puesto que el a\u00f1o pasado, tambi\u00e9n se vieron afectados por malos olores provenientes de la planta, \u201cel a\u00f1o pasado en esta misma fecha, tambi\u00e9n hubo problema de malos olores ac\u00e1, pero ahora ha sido terrible. Nosotros ya no aguantamos m\u00e1s, hemos tenido que pasar estos d\u00edas encerrados sin poder abrir las ventanas porque el olor entra y se encierra en las casas\u201d.<br \/>\nHasta el lugar, y en representaci\u00f3n de la planta de tratamiento, lleg\u00f3 Patricio Pentzke V., quien convers\u00f3 con los vecinos tratando de explicar las razones por la cual se habr\u00eda producido esta situaci\u00f3n. Asimismo, manifest\u00f3 su preocupaci\u00f3n por los vecinos y remarc\u00f3 que se est\u00e1 trabajando intensamente para recuperar el equilibrio biol\u00f3gico de la planta a fin de que los olores desaparezcan.<br \/>\nAl lugar tambi\u00e9n se hizo presente el Concejal Basilio Muena, quien convers\u00f3 con los vecinos apostados en el lugar, manifestando su apoyo en las acciones pertinentes que la ley permite en estos casos, as\u00ed como su compromiso a seguir de cerca los avances que existan respecto a la soluci\u00f3n que el encargado de la planta indic\u00f3, no deber\u00edan exceder los tres o cuatro d\u00edas.<br \/>\nAlgunos de los asistentes indicaron que los malestares que esto ha tra\u00eddo a los vecinos son entre otros, n\u00e1useas y dolores de cabeza intensos, los cuales han afectado principalmente a los ni\u00f1os y adultos mayores del sector. \u201cLos ni\u00f1os est\u00e1n con asco, uno mismo siente asco, porque a la hora de almuerzo es cuando m\u00e1s olor sale, y uno tiene que comer con esos olores\u201d.<br \/>\nTras aproximadamente una hora de reuni\u00f3n con los vecinos, y acogiendo las propuestas que los mismos realizaron, se acord\u00f3 crear un grupo representativo de los sectores afectados, con los cuales a partir del lunes, se estar\u00edan formalizando nuevas reuniones y acciones con el fin de buscar soluciones m\u00e1s definitivas a este problema.<br \/>\n\u201cLo que buscamos con esta manifestaci\u00f3n fue visibilizar este problema a la comunidad. Ahora, en conjunto formaremos una mesa que nos permita denunciar este hecho a las autoridades pertinentes, as\u00ed como acordar las acciones legales que se puedan tomar en este caso\u201d, puntualiz\u00f3 Vera tras el t\u00e9rmino de la actividad.<\/p>\n<p><strong>ESVAL TAMBI\u00c9N<\/strong><br \/>\nSeg\u00fan el reclamo de los vecinos, los malos olores se vienen presentando desde hace varias semanas, lo cual se contradice con las declaraciones dadas por el se\u00f1or Patricio Pentzke, quien argumenta que los olores provenientes de su planta s\u00f3lo son atribuibles desde el pasado domingo (1 de febrero) en adelante.<br \/>\nDe acuerdo a lo anterior, el sector afectado no s\u00f3lo tiene la cercan\u00eda de la planta perteneciente a Conservera Pentzke, sino adem\u00e1s a escasa distancia, estas villas deslindan con la planta de tratamiento de aguas servidas de Esval, la cual tambi\u00e9n durante las \u00faltimas semanas y seg\u00fan lo comentado por los propios vecinos, habr\u00eda estado con problemas, lo que podr\u00eda explicar el tiempo prolongado de los malos olores.<\/p>\n<p><strong>HAY ROEDORES<\/strong><br \/>\nAsimismo, varios de asistentes a la manifestaci\u00f3n indicaron la aparici\u00f3n de roedores en el sector, lo cual se deber\u00eda a los trabajos mantenidos por la empresa OHL de la ruta 60 CH, en donde el pasado viernes 30 de enero se realiz\u00f3 a lo largo de la faja fiscal, limpieza y separaci\u00f3n de residuos, por una empresa de servicios de desratizaci\u00f3n, esto como medida mitigatoria y control de plagas.<\/p>\n<p><strong>MUCHAS MOSCAS<\/strong><br \/>\nSumado a lo anterior, los vecinos coincidieron en la proliferaci\u00f3n de grandes moscas en sus casas, las que atribuyeron tambi\u00e9n a los malos olores que les afectan, sin embargo, los vecinos del sector poniente de Villa Yevide, informaron a nuestro medio que el sitio que deslinda con sus casas es utilizado como vertedero. Lo anterior, sumado a las altas temperaturas que han afectado al valle de Aconcagua durante las \u00faltimas semanas, podr\u00eda ser tambi\u00e9n un factor que propicie la aparici\u00f3n de las moscas de los cuales los vecinos est\u00e1n reclamando.<br \/>\nAl cierre de esta edici\u00f3n, recibimos la informaci\u00f3n por parte de la empresa, de que el d\u00eda s\u00e1bado 7 desde las 11:30 y hasta las 16:30 horas, la planta fue fiscalizada por la superintendencia de medio ambiente, inspeccionando en detalle operaci\u00f3n de la planta, siendo enviadas las actas a Valpara\u00edso.<\/p>\n<div class=\"tiled-gallery type-rectangular tiled-gallery-unresized\" data-original-width=\"640\" data-carousel-extra='null' itemscope itemtype=\"http:\/\/schema.org\/ImageGallery\" > <div class=\"gallery-row\" style=\"width: 640px; height: 257px;\" data-original-width=\"640\" data-original-height=\"257\" > <div class=\"gallery-group images-1\" style=\"width: 413px; height: 257px;\" data-original-width=\"413\" data-original-height=\"257\" > <div class=\"tiled-gallery-item tiled-gallery-item-large\" itemprop=\"associatedMedia\" itemscope itemtype=\"http:\/\/schema.org\/ImageObject\"> <a href=\"https:\/\/eltrabajo.cl\/portal\/vecinos-angustiados-por-insoportables-olores-emanados-por-pentzke\/malos-olores-1\/\" border=\"0\" itemprop=\"url\"> <meta itemprop=\"width\" content=\"409\"> <meta itemprop=\"height\" content=\"253\"> <img decoding=\"async\" class=\"\" data-attachment-id=\"55881\" data-orig-file=\"https:\/\/eltrabajo.cl\/portal\/wp-content\/uploads\/2015\/02\/malos-olores-1.jpg\" data-orig-size=\"528,327\" data-comments-opened=\"1\" data-image-meta=\"{&quot;aperture&quot;:&quot;0&quot;,&quot;credit&quot;:&quot;&quot;,&quot;camera&quot;:&quot;&quot;,&quot;caption&quot;:&quot;&quot;,&quot;created_timestamp&quot;:&quot;0&quot;,&quot;copyright&quot;:&quot;&quot;,&quot;focal_length&quot;:&quot;0&quot;,&quot;iso&quot;:&quot;0&quot;,&quot;shutter_speed&quot;:&quot;0&quot;,&quot;title&quot;:&quot;&quot;,&quot;orientation&quot;:&quot;0&quot;}\" data-image-title=\"malos olores (1)\" data-image-description=\"&lt;p&gt;Los vecinos tuvieron oportunidad de compartir su malestar con Patricio Pentzke, quien tambi\u00e9n asisti\u00f3 a la manifestaci\u00f3n.&lt;\/p&gt; \" data-medium-file=\"https:\/\/i0.wp.com\/eltrabajo.cl\/portal\/wp-content\/uploads\/2015\/02\/malos-olores-1.jpg?fit=300%2C186&#038;ssl=1\" data-large-file=\"https:\/\/i0.wp.com\/eltrabajo.cl\/portal\/wp-content\/uploads\/2015\/02\/malos-olores-1.jpg?fit=528%2C327&#038;ssl=1\" src=\"https:\/\/i0.wp.com\/eltrabajo.cl\/portal\/wp-content\/uploads\/2015\/02\/malos-olores-1.jpg?w=409&#038;h=253&#038;ssl=1\" srcset=\"https:\/\/i0.wp.com\/eltrabajo.cl\/portal\/wp-content\/uploads\/2015\/02\/malos-olores-1.jpg?w=528&amp;ssl=1 528w, https:\/\/i0.wp.com\/eltrabajo.cl\/portal\/wp-content\/uploads\/2015\/02\/malos-olores-1.jpg?resize=200%2C124&amp;ssl=1 200w, https:\/\/i0.wp.com\/eltrabajo.cl\/portal\/wp-content\/uploads\/2015\/02\/malos-olores-1.jpg?resize=300%2C186&amp;ssl=1 300w, https:\/\/i0.wp.com\/eltrabajo.cl\/portal\/wp-content\/uploads\/2015\/02\/malos-olores-1.jpg?resize=150%2C93&amp;ssl=1 150w, https:\/\/i0.wp.com\/eltrabajo.cl\/portal\/wp-content\/uploads\/2015\/02\/malos-olores-1.jpg?resize=400%2C248&amp;ssl=1 400w\" width=\"409\" height=\"253\" loading=\"lazy\" data-original-width=\"409\" data-original-height=\"253\" itemprop=\"http:\/\/schema.org\/image\" title=\"malos olores (1)\" alt=\"Los vecinos tuvieron oportunidad de compartir su malestar con Patricio Pentzke, quien tambi\u00e9n asisti\u00f3 a la manifestaci\u00f3n.\" style=\"width: 409px; height: 253px;\" \/> <\/a> <div class=\"tiled-gallery-caption\" itemprop=\"caption description\"> Los vecinos tuvieron oportunidad de compartir su malestar con Patricio Pentzke, quien tambi\u00e9n asisti\u00f3 a la manifestaci\u00f3n. <\/div> <\/div> <\/div> <!-- close group --> <div class=\"gallery-group images-1\" style=\"width: 227px; height: 257px;\" data-original-width=\"227\" data-original-height=\"257\" > <div class=\"tiled-gallery-item tiled-gallery-item-small\" itemprop=\"associatedMedia\" itemscope itemtype=\"http:\/\/schema.org\/ImageObject\"> <a href=\"https:\/\/eltrabajo.cl\/portal\/vecinos-angustiados-por-insoportables-olores-emanados-por-pentzke\/malos-olores-2\/\" border=\"0\" itemprop=\"url\"> <meta itemprop=\"width\" content=\"223\"> <meta itemprop=\"height\" content=\"253\"> <img decoding=\"async\" class=\"\" data-attachment-id=\"55882\" data-orig-file=\"https:\/\/eltrabajo.cl\/portal\/wp-content\/uploads\/2015\/02\/malos-olores-2.jpg\" data-orig-size=\"529,600\" data-comments-opened=\"1\" data-image-meta=\"{&quot;aperture&quot;:&quot;0&quot;,&quot;credit&quot;:&quot;&quot;,&quot;camera&quot;:&quot;&quot;,&quot;caption&quot;:&quot;&quot;,&quot;created_timestamp&quot;:&quot;0&quot;,&quot;copyright&quot;:&quot;&quot;,&quot;focal_length&quot;:&quot;0&quot;,&quot;iso&quot;:&quot;0&quot;,&quot;shutter_speed&quot;:&quot;0&quot;,&quot;title&quot;:&quot;&quot;,&quot;orientation&quot;:&quot;0&quot;}\" data-image-title=\"malos olores (2)\" data-image-description=\"&lt;p&gt;Ni\u00f1os y adultos expresaron a su manera el malestar por esta desagradable situaci\u00f3n. &lt;\/p&gt; \" data-medium-file=\"https:\/\/i0.wp.com\/eltrabajo.cl\/portal\/wp-content\/uploads\/2015\/02\/malos-olores-2.jpg?fit=265%2C300&#038;ssl=1\" data-large-file=\"https:\/\/i0.wp.com\/eltrabajo.cl\/portal\/wp-content\/uploads\/2015\/02\/malos-olores-2.jpg?fit=529%2C600&#038;ssl=1\" src=\"https:\/\/i0.wp.com\/eltrabajo.cl\/portal\/wp-content\/uploads\/2015\/02\/malos-olores-2.jpg?w=223&#038;h=253&#038;ssl=1\" srcset=\"https:\/\/i0.wp.com\/eltrabajo.cl\/portal\/wp-content\/uploads\/2015\/02\/malos-olores-2.jpg?w=529&amp;ssl=1 529w, https:\/\/i0.wp.com\/eltrabajo.cl\/portal\/wp-content\/uploads\/2015\/02\/malos-olores-2.jpg?resize=132%2C150&amp;ssl=1 132w, https:\/\/i0.wp.com\/eltrabajo.cl\/portal\/wp-content\/uploads\/2015\/02\/malos-olores-2.jpg?resize=265%2C300&amp;ssl=1 265w, https:\/\/i0.wp.com\/eltrabajo.cl\/portal\/wp-content\/uploads\/2015\/02\/malos-olores-2.jpg?resize=400%2C454&amp;ssl=1 400w\" width=\"223\" height=\"253\" loading=\"lazy\" data-original-width=\"223\" data-original-height=\"253\" itemprop=\"http:\/\/schema.org\/image\" title=\"malos olores (2)\" alt=\"Ni\u00f1os y adultos expresaron a su manera el malestar por esta desagradable situaci\u00f3n.\" style=\"width: 223px; height: 253px;\" \/> <\/a> <div class=\"tiled-gallery-caption\" itemprop=\"caption description\"> Ni\u00f1os y adultos expresaron a su manera el malestar por esta desagradable situaci\u00f3n. <\/div> <\/div> <\/div> <!-- close group --> <\/div> <!-- close row --> <div class=\"gallery-row\" style=\"width: 640px; height: 371px;\" data-original-width=\"640\" data-original-height=\"371\" > <div class=\"gallery-group images-1\" style=\"width: 640px; height: 371px;\" data-original-width=\"640\" data-original-height=\"371\" > <div class=\"tiled-gallery-item tiled-gallery-item-large\" itemprop=\"associatedMedia\" itemscope itemtype=\"http:\/\/schema.org\/ImageObject\"> <a href=\"https:\/\/eltrabajo.cl\/portal\/vecinos-angustiados-por-insoportables-olores-emanados-por-pentzke\/malos-olores-3\/\" border=\"0\" itemprop=\"url\"> <meta itemprop=\"width\" content=\"636\"> <meta itemprop=\"height\" content=\"367\"> <img decoding=\"async\" class=\"\" data-attachment-id=\"55883\" data-orig-file=\"https:\/\/eltrabajo.cl\/portal\/wp-content\/uploads\/2015\/02\/malos-olores-3.jpg\" data-orig-size=\"529,305\" data-comments-opened=\"1\" data-image-meta=\"{&quot;aperture&quot;:&quot;0&quot;,&quot;credit&quot;:&quot;&quot;,&quot;camera&quot;:&quot;&quot;,&quot;caption&quot;:&quot;&quot;,&quot;created_timestamp&quot;:&quot;0&quot;,&quot;copyright&quot;:&quot;&quot;,&quot;focal_length&quot;:&quot;0&quot;,&quot;iso&quot;:&quot;0&quot;,&quot;shutter_speed&quot;:&quot;0&quot;,&quot;title&quot;:&quot;&quot;,&quot;orientation&quot;:&quot;0&quot;}\" data-image-title=\"malos olores (3)\" data-image-description=\"&lt;p&gt;M\u00e1s de 150 vecinos se reunieron y manifestaron su descontento por los malos olores a las afueras de la planta de tratamiento de aguas Pentzke. (Fotograf\u00edas gentileza de Alejandro Cort\u00e9s Piffaut)&lt;\/p&gt; \" data-medium-file=\"https:\/\/i0.wp.com\/eltrabajo.cl\/portal\/wp-content\/uploads\/2015\/02\/malos-olores-3.jpg?fit=300%2C173&#038;ssl=1\" data-large-file=\"https:\/\/i0.wp.com\/eltrabajo.cl\/portal\/wp-content\/uploads\/2015\/02\/malos-olores-3.jpg?fit=529%2C305&#038;ssl=1\" src=\"https:\/\/i0.wp.com\/eltrabajo.cl\/portal\/wp-content\/uploads\/2015\/02\/malos-olores-3.jpg?w=636&#038;h=367&#038;ssl=1\" srcset=\"https:\/\/i0.wp.com\/eltrabajo.cl\/portal\/wp-content\/uploads\/2015\/02\/malos-olores-3.jpg?w=529&amp;ssl=1 529w, https:\/\/i0.wp.com\/eltrabajo.cl\/portal\/wp-content\/uploads\/2015\/02\/malos-olores-3.jpg?resize=200%2C115&amp;ssl=1 200w, https:\/\/i0.wp.com\/eltrabajo.cl\/portal\/wp-content\/uploads\/2015\/02\/malos-olores-3.jpg?resize=300%2C173&amp;ssl=1 300w, https:\/\/i0.wp.com\/eltrabajo.cl\/portal\/wp-content\/uploads\/2015\/02\/malos-olores-3.jpg?resize=150%2C86&amp;ssl=1 150w, https:\/\/i0.wp.com\/eltrabajo.cl\/portal\/wp-content\/uploads\/2015\/02\/malos-olores-3.jpg?resize=400%2C231&amp;ssl=1 400w\" width=\"636\" height=\"367\" loading=\"lazy\" data-original-width=\"636\" data-original-height=\"367\" itemprop=\"http:\/\/schema.org\/image\" title=\"malos olores (3)\" alt=\"M\u00e1s de 150 vecinos se reunieron y manifestaron su descontento por los malos olores a las afueras de la planta de tratamiento de aguas Pentzke. (Fotograf\u00edas gentileza de Alejandro Cort\u00e9s Piffaut)\" style=\"width: 636px; height: 367px;\" \/> <\/a> <div class=\"tiled-gallery-caption\" itemprop=\"caption description\"> M\u00e1s de 150 vecinos se reunieron y manifestaron su descontento por los malos olores a las afueras de la planta de tratamiento de aguas Pentzke. (Fotograf\u00edas gentileza de Alejandro Cort\u00e9s Piffaut) <\/div> <\/div> <\/div> <!-- close group --> <\/div> <!-- close row --> <\/div>\n","protected":false},"excerpt":{"rendered":"<p>En horas de la tarde del viernes y con una amplia convocatoria, los vecinos se reunieron en la entrada de la planta de tratamiento de Aguas de Conservera Pentzke, para exigir a&#8230;<\/p>\n","protected":false},"author":1,"featured_media":55882,"comment_status":"open","ping_status":"closed","sticky":false,"template":"","format":"standard","meta":{"advanced_seo_description":"","jetpack_seo_html_title":"","jetpack_seo_noindex":false,"_jetpack_memberships_contains_paid_content":false,"footnotes":""},"categories":[15],"tags":[],"class_list":["post-55879","post","type-post","status-publish","format-standard","has-post-thumbnail","hentry","category-comunidad"],"jetpack_featured_media_url":"https:\/\/i0.wp.com\/eltrabajo.cl\/portal\/wp-content\/uploads\/2015\/02\/malos-olores-2.jpg?fit=529%2C600&ssl=1","jetpack_sharing_enabled":true,"jetpack_likes_enabled":true,"jetpack-related-posts":[],"_links":{"self":[{"href":"https:\/\/eltrabajo.cl\/portal\/wp-json\/wp\/v2\/posts\/55879","targetHints":{"allow":["GET"]}}],"collection":[{"href":"https:\/\/eltrabajo.cl\/portal\/wp-json\/wp\/v2\/posts"}],"about":[{"href":"https:\/\/eltrabajo.cl\/portal\/wp-json\/wp\/v2\/types\/post"}],"author":[{"embeddable":true,"href":"https:\/\/eltrabajo.cl\/portal\/wp-json\/wp\/v2\/users\/1"}],"replies":[{"embeddable":true,"href":"https:\/\/eltrabajo.cl\/portal\/wp-json\/wp\/v2\/comments?post=55879"}],"version-history":[{"count":0,"href":"https:\/\/eltrabajo.cl\/portal\/wp-json\/wp\/v2\/posts\/55879\/revisions"}],"wp:featuredmedia":[{"embeddable":true,"href":"https:\/\/eltrabajo.cl\/portal\/wp-json\/wp\/v2\/media\/55882"}],"wp:attachment":[{"href":"https:\/\/eltrabajo.cl\/portal\/wp-json\/wp\/v2\/media?parent=55879"}],"wp:term":[{"taxonomy":"category","embeddable":true,"href":"https:\/\/eltrabajo.cl\/portal\/wp-json\/wp\/v2\/categories?post=55879"},{"taxonomy":"post_tag","embeddable":true,"href":"https:\/\/eltrabajo.cl\/portal\/wp-json\/wp\/v2\/tags?post=55879"}],"curies":[{"name":"wp","href":"https:\/\/api.w.org\/{rel}","templated":true}]}}