{"id":55942,"date":"2015-02-10T08:48:21","date_gmt":"2015-02-10T11:48:21","guid":{"rendered":"http:\/\/www.eltrabajo.cl\/portal\/?p=55942"},"modified":"2015-02-10T08:49:20","modified_gmt":"2015-02-10T11:49:20","slug":"finalmente-se-conoce-cifra-oficial-de-recaudacion-teleton-2014-en-llay-llay","status":"publish","type":"post","link":"https:\/\/eltrabajo.cl\/portal\/finalmente-se-conoce-cifra-oficial-de-recaudacion-teleton-2014-en-llay-llay\/","title":{"rendered":"Finalmente se conoce cifra oficial de recaudaci\u00f3n Telet\u00f3n 2014 Llay Llay"},"content":{"rendered":"<figure id=\"attachment_55943\" aria-describedby=\"caption-attachment-55943\" style=\"width: 300px\" class=\"wp-caption alignleft\"><a href=\"http:\/\/www.eltrabajo.cl\/portal\/2015\/02\/finalmente-se-conoce-cifra-oficial-de-recaudacion-teleton-2014-en-llay-llay\/teleton1-6\/\" rel=\"attachment wp-att-55943\"><img data-recalc-dims=\"1\" loading=\"lazy\" decoding=\"async\" class=\"size-medium wp-image-55943\" src=\"https:\/\/i0.wp.com\/www.eltrabajo.cl\/portal\/wp-content\/uploads\/2015\/02\/Teleton1-300x207.jpg?resize=300%2C207\" alt=\"La suma de $23.065.062, ese es el monto que recaudaron vecinos de Llay Llay en la Telet\u00f3n. (Referencial)\" width=\"300\" height=\"207\" srcset=\"https:\/\/i0.wp.com\/eltrabajo.cl\/portal\/wp-content\/uploads\/2015\/02\/Teleton1.jpg?resize=300%2C207&amp;ssl=1 300w, https:\/\/i0.wp.com\/eltrabajo.cl\/portal\/wp-content\/uploads\/2015\/02\/Teleton1.jpg?resize=200%2C138&amp;ssl=1 200w, https:\/\/i0.wp.com\/eltrabajo.cl\/portal\/wp-content\/uploads\/2015\/02\/Teleton1.jpg?resize=150%2C104&amp;ssl=1 150w, https:\/\/i0.wp.com\/eltrabajo.cl\/portal\/wp-content\/uploads\/2015\/02\/Teleton1.jpg?resize=400%2C276&amp;ssl=1 400w, https:\/\/i0.wp.com\/eltrabajo.cl\/portal\/wp-content\/uploads\/2015\/02\/Teleton1.jpg?w=469&amp;ssl=1 469w\" sizes=\"auto, (max-width: 300px) 100vw, 300px\" \/><\/a><figcaption id=\"caption-attachment-55943\" class=\"wp-caption-text\">La suma de $23.065.062, ese es el monto que recaudaron vecinos de Llay Llay en la Telet\u00f3n. (Referencial)<\/figcaption><\/figure>\n<p><strong>LLAY LLAY<\/strong>.- La suma de $23.065.062, ese es el monto que recaudo la ciudad del Viento Viento en las dos jornadas Telet\u00f3n del viernes 28 y s\u00e1bado 29 de noviembre de 2014. Una cifra que entreg\u00f3 el Coordinador Red de Campa\u00f1a Telet\u00f3n, Hugo Vallejos.<br \/>\nNuestra comuna no pudo conocer exactamente lo recaudado en las jornadas, por motivos de protocolo administrativo del Banco de Chile, a cargo de las cajas auxiliares ubicadas en el departamento social de la municipalidad. En ese momento s\u00f3lo conocimos los montos entregados por el Rotary Club Llay Llay, que ascendi\u00f3 a $5 millones, y la recaudaci\u00f3n de Telet\u00f3n de Santa Rosa, de $2 millones.<br \/>\nEl Alcalde Mario Marillanca fue informado por la Relacionadora p\u00fablica municipal, Claudia L\u00f3pez, de esta agradable noticia, por lo que mostr\u00f3 su alegr\u00eda de poder socializar esta informaci\u00f3n con la comunidad.<br \/>\nLa recaudaci\u00f3n tiene un valor moral y social muy grande, habla del profundo compromiso de nuestra ciudad con las causas solidarias. Recordemos que la lluvia \u2018agu\u00f3\u2019 literalmente el show del s\u00e1bado 29 de noviembre y se tuvo que suspender las actividades al aire libre, pero fue notorio que el \u00e1nimo era colaborar, por ello la presencia de vecinos, familias y los m\u00e1s peque\u00f1os de la casa.<br \/>\n<strong>Marianela Quevedo<\/strong><\/p>\n","protected":false},"excerpt":{"rendered":"<p>LLAY LLAY.- La suma de $23.065.062, ese es el monto que recaudo la ciudad del Viento Viento en las dos jornadas Telet\u00f3n del viernes 28 y s\u00e1bado 29 de noviembre de 2014&#8230;.<\/p>\n","protected":false},"author":1,"featured_media":55943,"comment_status":"open","ping_status":"closed","sticky":false,"template":"","format":"standard","meta":{"advanced_seo_description":"","jetpack_seo_html_title":"","jetpack_seo_noindex":false,"_jetpack_memberships_contains_paid_content":false,"footnotes":""},"categories":[15],"tags":[],"class_list":["post-55942","post","type-post","status-publish","format-standard","has-post-thumbnail","hentry","category-comunidad"],"jetpack_featured_media_url":"https:\/\/i0.wp.com\/eltrabajo.cl\/portal\/wp-content\/uploads\/2015\/02\/Teleton1.jpg?fit=469%2C324&ssl=1","jetpack_sharing_enabled":true,"jetpack_likes_enabled":true,"jetpack-related-posts":[],"_links":{"self":[{"href":"https:\/\/eltrabajo.cl\/portal\/wp-json\/wp\/v2\/posts\/55942","targetHints":{"allow":["GET"]}}],"collection":[{"href":"https:\/\/eltrabajo.cl\/portal\/wp-json\/wp\/v2\/posts"}],"about":[{"href":"https:\/\/eltrabajo.cl\/portal\/wp-json\/wp\/v2\/types\/post"}],"author":[{"embeddable":true,"href":"https:\/\/eltrabajo.cl\/portal\/wp-json\/wp\/v2\/users\/1"}],"replies":[{"embeddable":true,"href":"https:\/\/eltrabajo.cl\/portal\/wp-json\/wp\/v2\/comments?post=55942"}],"version-history":[{"count":0,"href":"https:\/\/eltrabajo.cl\/portal\/wp-json\/wp\/v2\/posts\/55942\/revisions"}],"wp:featuredmedia":[{"embeddable":true,"href":"https:\/\/eltrabajo.cl\/portal\/wp-json\/wp\/v2\/media\/55943"}],"wp:attachment":[{"href":"https:\/\/eltrabajo.cl\/portal\/wp-json\/wp\/v2\/media?parent=55942"}],"wp:term":[{"taxonomy":"category","embeddable":true,"href":"https:\/\/eltrabajo.cl\/portal\/wp-json\/wp\/v2\/categories?post=55942"},{"taxonomy":"post_tag","embeddable":true,"href":"https:\/\/eltrabajo.cl\/portal\/wp-json\/wp\/v2\/tags?post=55942"}],"curies":[{"name":"wp","href":"https:\/\/api.w.org\/{rel}","templated":true}]}}