{"id":55970,"date":"2015-02-10T09:06:40","date_gmt":"2015-02-10T12:06:40","guid":{"rendered":"http:\/\/www.eltrabajo.cl\/portal\/?p=55970"},"modified":"2015-02-10T09:06:44","modified_gmt":"2015-02-10T12:06:44","slug":"empresarios-se-unen-para-combatir-delincuencia-en-aconcagua","status":"publish","type":"post","link":"https:\/\/eltrabajo.cl\/portal\/empresarios-se-unen-para-combatir-delincuencia-en-aconcagua\/","title":{"rendered":"Empresarios se unen para combatir delincuencia en Aconcagua"},"content":{"rendered":"<figure id=\"attachment_55971\" aria-describedby=\"caption-attachment-55971\" style=\"width: 469px\" class=\"wp-caption aligncenter\"><a href=\"http:\/\/www.eltrabajo.cl\/portal\/2015\/02\/empresarios-se-unen-para-combatir-delincuencia-en-aconcagua\/clubes1-3\/\" rel=\"attachment wp-att-55971\"><img data-recalc-dims=\"1\" loading=\"lazy\" decoding=\"async\" class=\"size-full wp-image-55971\" src=\"https:\/\/i0.wp.com\/www.eltrabajo.cl\/portal\/wp-content\/uploads\/2015\/02\/Clubes1.jpg?resize=469%2C356\" alt=\"Una reuni\u00f3n de coordinaci\u00f3n se realiz\u00f3 el d\u00eda lunes entre la Municipalidad de San Felipe y diferentes asociaciones de comerciantes de las comunas de Aconcagua.\" width=\"469\" height=\"356\" srcset=\"https:\/\/i0.wp.com\/eltrabajo.cl\/portal\/wp-content\/uploads\/2015\/02\/Clubes1.jpg?w=469&amp;ssl=1 469w, https:\/\/i0.wp.com\/eltrabajo.cl\/portal\/wp-content\/uploads\/2015\/02\/Clubes1.jpg?resize=198%2C150&amp;ssl=1 198w, https:\/\/i0.wp.com\/eltrabajo.cl\/portal\/wp-content\/uploads\/2015\/02\/Clubes1.jpg?resize=300%2C228&amp;ssl=1 300w, https:\/\/i0.wp.com\/eltrabajo.cl\/portal\/wp-content\/uploads\/2015\/02\/Clubes1.jpg?resize=150%2C114&amp;ssl=1 150w, https:\/\/i0.wp.com\/eltrabajo.cl\/portal\/wp-content\/uploads\/2015\/02\/Clubes1.jpg?resize=400%2C304&amp;ssl=1 400w\" sizes=\"auto, (max-width: 469px) 100vw, 469px\" \/><\/a><figcaption id=\"caption-attachment-55971\" class=\"wp-caption-text\">Una reuni\u00f3n de coordinaci\u00f3n se realiz\u00f3 el d\u00eda lunes entre la Municipalidad de San Felipe y diferentes asociaciones de comerciantes de las comunas de Aconcagua.<\/figcaption><\/figure>\n<p>Una reuni\u00f3n de coordinaci\u00f3n se realiz\u00f3 el d\u00eda lunes entre la Municipalidad de San Felipe y diferentes asociaciones de comerciantes de las comunas de Aconcagua, con el fin de formar una sociedad para trabajar en la seguridad de los locales comerciales. As\u00ed lo inform\u00f3 Luis Henr\u00edquez y Max Navas, representante de los empresarios de San Felipe.<br \/>\n\u201cEs una sociedad que formamos entre las c\u00e1maras de comercio de San Felipe, Los Andes, Putaendo y la asociaciones de turismo de Los Andes, San Esteba, San Felipe y estamos incorporando al resto de las c\u00e1maras de comercio y asociaciones de turismo de las diez comunas de Aconcagua.<br \/>\n\u201cEl objetivo es poder armar un poco de fuerza frente a denuncias que nosotros en forma individual ha sido muy dif\u00edcil encontrar respuestas de parte de la autoridad, por ejemplo en el tema de seguridad, incluso participamos en la reuni\u00f3n cuando vino el Subsecretario de Seguridad, en el cual se comprometen muchas veces en hacer muchas cosas que ir\u00e1n en beneficio de la seguridad en el Valle de Aconcagua, lo cual casi nunca ocurre, por eso nosotros hemos juntado fuerza para apoyar estas gestiones y reclamar cuando estas cosas no se cumplan\u201d, se\u00f1al\u00f3 Luis Henr\u00edquez, presidente de la Asociaci\u00f3n de Empresarios Nocturnos de Aconcagua.<br \/>\n\u201cNosotros como empresarios y parte de las c\u00e1maras de comercio y turismo de Aconcagua realmente nos estamos juntando, ya que tenemos que hacer presente que el Estado tiene que garantizar la seguridad p\u00fablica, aqu\u00ed en el valle de Aconcagua en el \u00faltimo tiempo hemos visto la cantidad de robos y la ola de asaltos ha sido cada d\u00eda mayor; hay una preocupaci\u00f3n constante del comercio y no s\u00f3lo del comercio, la ciudadan\u00eda tambi\u00e9n est\u00e1 preocupada en nuestras c\u00e1maras de comercio y turismo han demostrado de que debe ser una preocupaci\u00f3n de primer nivel de las autoridades del Valle de Aconcagua\u201d, se\u00f1al\u00f3 Max Navas.<br \/>\nLa autocr\u00edtica que se hace como comercio en Aconcagua sobre la seguridad la hizo Max Navas, quien coment\u00f3 que \u201ccomo comercio siempre hemos dicho que es un tema primordial para nosotros la seguridad, lo que pasa es que nosotros siempre vamos a apoyar las iniciativas, nosotros confiamos en nuestras autoridades que est\u00e1n haciendo lo mejor posible, pero realmente te das cuenta de que hay que llegar a los niveles m\u00e1s altos y ah\u00ed tenemos que apoyarnos entre todas las c\u00e1maras, para que nuestras autoridades pongan estos temas en primer nivel\u201d.<br \/>\nOtra molestia que expresaron los comerciantes es el tema del comercio clandestino y la poca preocupaci\u00f3n de la autoridad sobre esto, sumado a la gran fiscalizaci\u00f3n que tienen de parte de la autoridad en el comercio formal y el nulo trabajo para mitigar el comercio ilegal que perjudica sus ingresos.<br \/>\n\u201cTambi\u00e9n tenemos autoridades dentro del valle que no son capaces de recibir a las personas ni las asociaciones. El municipio de Los Andes por ejemplo, el Alcalde de Los Andes no recibe a nadie, entonces c\u00f3mo es posible que tengamos una autoridad en una de nuestras comunas, que no es capaz de dar la cara y enfrentar a las personas para encontrar soluciones sobre los problemas que tenemos, por problem\u00e1ticas como estas nos estamos juntando como asociaciones. En el Valle de Aconcagua hemos logrado juntar y dar la lucha para esto, no descartamos embanderar todo el comercio con banderas negras para meter presi\u00f3n, estamos trabajando con nuestras bases, en dos semanas nos reuniremos para ver qu\u00e9 pasos seguiremos. Nosotros pretendemos tomar todas las medidas necesarias para controlar la delincuencia ya que pr\u00e1cticamente son normales los asaltos, pero esto no es normal\u201d, finaliz\u00f3 expresando Luis Henr\u00edquez.<br \/>\n<strong>Mat\u00edas Ortiz<\/strong><\/p>\n","protected":false},"excerpt":{"rendered":"<p>Una reuni\u00f3n de coordinaci\u00f3n se realiz\u00f3 el d\u00eda lunes entre la Municipalidad de San Felipe y diferentes asociaciones de comerciantes de las comunas de Aconcagua, con el fin de formar una sociedad&#8230;<\/p>\n","protected":false},"author":1,"featured_media":55971,"comment_status":"open","ping_status":"closed","sticky":false,"template":"","format":"standard","meta":{"advanced_seo_description":"","jetpack_seo_html_title":"","jetpack_seo_noindex":false,"_jetpack_memberships_contains_paid_content":false,"footnotes":""},"categories":[15],"tags":[],"class_list":["post-55970","post","type-post","status-publish","format-standard","has-post-thumbnail","hentry","category-comunidad"],"jetpack_featured_media_url":"https:\/\/i0.wp.com\/eltrabajo.cl\/portal\/wp-content\/uploads\/2015\/02\/Clubes1.jpg?fit=469%2C356&ssl=1","jetpack_sharing_enabled":true,"jetpack_likes_enabled":true,"jetpack-related-posts":[],"_links":{"self":[{"href":"https:\/\/eltrabajo.cl\/portal\/wp-json\/wp\/v2\/posts\/55970","targetHints":{"allow":["GET"]}}],"collection":[{"href":"https:\/\/eltrabajo.cl\/portal\/wp-json\/wp\/v2\/posts"}],"about":[{"href":"https:\/\/eltrabajo.cl\/portal\/wp-json\/wp\/v2\/types\/post"}],"author":[{"embeddable":true,"href":"https:\/\/eltrabajo.cl\/portal\/wp-json\/wp\/v2\/users\/1"}],"replies":[{"embeddable":true,"href":"https:\/\/eltrabajo.cl\/portal\/wp-json\/wp\/v2\/comments?post=55970"}],"version-history":[{"count":0,"href":"https:\/\/eltrabajo.cl\/portal\/wp-json\/wp\/v2\/posts\/55970\/revisions"}],"wp:featuredmedia":[{"embeddable":true,"href":"https:\/\/eltrabajo.cl\/portal\/wp-json\/wp\/v2\/media\/55971"}],"wp:attachment":[{"href":"https:\/\/eltrabajo.cl\/portal\/wp-json\/wp\/v2\/media?parent=55970"}],"wp:term":[{"taxonomy":"category","embeddable":true,"href":"https:\/\/eltrabajo.cl\/portal\/wp-json\/wp\/v2\/categories?post=55970"},{"taxonomy":"post_tag","embeddable":true,"href":"https:\/\/eltrabajo.cl\/portal\/wp-json\/wp\/v2\/tags?post=55970"}],"curies":[{"name":"wp","href":"https:\/\/api.w.org\/{rel}","templated":true}]}}