{"id":55992,"date":"2015-02-11T08:42:16","date_gmt":"2015-02-11T11:42:16","guid":{"rendered":"http:\/\/www.eltrabajo.cl\/portal\/?p=55992"},"modified":"2015-02-11T08:44:23","modified_gmt":"2015-02-11T11:44:23","slug":"vecino-de-guzmanes-denuncia-envenenamiento-de-perros-en-el-sector","status":"publish","type":"post","link":"https:\/\/eltrabajo.cl\/portal\/vecino-de-guzmanes-denuncia-envenenamiento-de-perros-en-el-sector\/","title":{"rendered":"Vecino de Guzmanes denuncia envenenamiento de perros en sector"},"content":{"rendered":"<figure id=\"attachment_55993\" aria-describedby=\"caption-attachment-55993\" style=\"width: 300px\" class=\"wp-caption alignleft\"><a href=\"http:\/\/www.eltrabajo.cl\/portal\/2015\/02\/vecino-de-guzmanes-denuncia-envenenamiento-de-perros-en-el-sector\/pedro-lazcano\/\" rel=\"attachment wp-att-55993\"><img data-recalc-dims=\"1\" loading=\"lazy\" decoding=\"async\" class=\"size-medium wp-image-55993\" src=\"https:\/\/i0.wp.com\/www.eltrabajo.cl\/portal\/wp-content\/uploads\/2015\/02\/Pedro-Lazcano-300x198.jpg?resize=300%2C198\" alt=\"Pedro Lazcano Pereira, residente de Calle Agua Santa de Guzmanes.\" width=\"300\" height=\"198\" srcset=\"https:\/\/i0.wp.com\/eltrabajo.cl\/portal\/wp-content\/uploads\/2015\/02\/Pedro-Lazcano.jpg?resize=300%2C198&amp;ssl=1 300w, https:\/\/i0.wp.com\/eltrabajo.cl\/portal\/wp-content\/uploads\/2015\/02\/Pedro-Lazcano.jpg?resize=200%2C132&amp;ssl=1 200w, https:\/\/i0.wp.com\/eltrabajo.cl\/portal\/wp-content\/uploads\/2015\/02\/Pedro-Lazcano.jpg?resize=150%2C99&amp;ssl=1 150w, https:\/\/i0.wp.com\/eltrabajo.cl\/portal\/wp-content\/uploads\/2015\/02\/Pedro-Lazcano.jpg?resize=400%2C263&amp;ssl=1 400w, https:\/\/i0.wp.com\/eltrabajo.cl\/portal\/wp-content\/uploads\/2015\/02\/Pedro-Lazcano.jpg?w=530&amp;ssl=1 530w\" sizes=\"auto, (max-width: 300px) 100vw, 300px\" \/><\/a><figcaption id=\"caption-attachment-55993\" class=\"wp-caption-text\">Pedro Lazcano Pereira, residente de Calle Agua Santa de Guzmanes.<\/figcaption><\/figure>\n<p><strong>PUTAENDO.-<\/strong> El vecino Pedro Lazcano Pereira, residente de Calle Agua Santa de Guzmanes, denunci\u00f3 un constante e indiscriminado envenenamiento de perros en el sector. El denunciante solicit\u00f3 la presencia de nuestro medio, pues asegur\u00f3 que la situaci\u00f3n ya es preocupante y teme que el veneno que se ha estado ocupando para matar a sus perros y los de otros vecinos, pueda afectar a ni\u00f1os.<br \/>\nLazcano sostuvo que en su caso es el tercer perro que le envenenan, y lo m\u00e1s extra\u00f1o es que sus perros no salen de su casa, porque tienen un buen cierre perimetral y adem\u00e1s \u00e9stos siempre estaban amarrados. Como dato no menor, este vecino asegura que un perro de raza pastor alem\u00e1n fue envenenado y alcanz\u00f3 a llevarlo a un veterinario quien lo estabiliz\u00f3 y lo salv\u00f3, sin embargo, extra\u00f1amente tres d\u00edas despu\u00e9s, el mismo perro fue nuevamente envenenado y muri\u00f3 de una manera horrible.<br \/>\nA esta situaci\u00f3n se suma el hecho que sus vecinos tambi\u00e9n han sufrido el envenenamiento de sus perros e incluso Pedro Lazcano, a pesar de su tristeza e indignaci\u00f3n, decidi\u00f3 abrir el cuerpo del \u00faltimo perro que le envenenaron y encontr\u00f3 restos de carne muy peque\u00f1os, que ten\u00edan muy mal olor y con una sustancia blanca, la que asegura, corresponde a alg\u00fan tipo de veneno o pesticida, ya que sus animales s\u00f3lo eran alimentados con comida para perros y no se les hab\u00eda dado carne hace varias semanas.<br \/>\nEl denunciante hizo un llamado a denunciar esta situaci\u00f3n, porque as\u00ed como los perros comieron este veneno, en su caso sus hijos, sobrinos y visitas que ha recibido en su domicilio, tambi\u00e9n podr\u00edan encontrar esta sustancia, lo que provocar\u00eda una tragedia y por aquello decidi\u00f3 hacer p\u00fablica esta situaci\u00f3n.<br \/>\n<strong>Patricio Gallardo M.<\/strong><\/p>\n<figure id=\"attachment_55994\" aria-describedby=\"caption-attachment-55994\" style=\"width: 530px\" class=\"wp-caption alignleft\"><a href=\"http:\/\/www.eltrabajo.cl\/portal\/2015\/02\/vecino-de-guzmanes-denuncia-envenenamiento-de-perros-en-el-sector\/perrito1-8\/\" rel=\"attachment wp-att-55994\"><img data-recalc-dims=\"1\" loading=\"lazy\" decoding=\"async\" class=\"size-full wp-image-55994\" src=\"https:\/\/i0.wp.com\/www.eltrabajo.cl\/portal\/wp-content\/uploads\/2015\/02\/Perrito1.jpg?resize=530%2C350\" alt=\"El denunciante asegur\u00f3 que la situaci\u00f3n ya es preocupante y teme que el veneno que se ha estado ocupando para matar a sus perros y los de otros vecinos, pueda afectar tambi\u00e9n a ni\u00f1os. (Foto referencial)\" width=\"530\" height=\"350\" srcset=\"https:\/\/i0.wp.com\/eltrabajo.cl\/portal\/wp-content\/uploads\/2015\/02\/Perrito1.jpg?w=530&amp;ssl=1 530w, https:\/\/i0.wp.com\/eltrabajo.cl\/portal\/wp-content\/uploads\/2015\/02\/Perrito1.jpg?resize=200%2C132&amp;ssl=1 200w, https:\/\/i0.wp.com\/eltrabajo.cl\/portal\/wp-content\/uploads\/2015\/02\/Perrito1.jpg?resize=300%2C198&amp;ssl=1 300w, https:\/\/i0.wp.com\/eltrabajo.cl\/portal\/wp-content\/uploads\/2015\/02\/Perrito1.jpg?resize=150%2C99&amp;ssl=1 150w, https:\/\/i0.wp.com\/eltrabajo.cl\/portal\/wp-content\/uploads\/2015\/02\/Perrito1.jpg?resize=400%2C264&amp;ssl=1 400w\" sizes=\"auto, (max-width: 530px) 100vw, 530px\" \/><\/a><figcaption id=\"caption-attachment-55994\" class=\"wp-caption-text\">El denunciante asegur\u00f3 que la situaci\u00f3n ya es preocupante y teme que el veneno que se ha estado ocupando para matar a sus perros y los de otros vecinos, pueda afectar tambi\u00e9n a ni\u00f1os. (Foto referencial)<\/figcaption><\/figure>\n","protected":false},"excerpt":{"rendered":"<p>PUTAENDO.- El vecino Pedro Lazcano Pereira, residente de Calle Agua Santa de Guzmanes, denunci\u00f3 un constante e indiscriminado envenenamiento de perros en el sector. El denunciante solicit\u00f3 la presencia de nuestro medio,&#8230;<\/p>\n","protected":false},"author":1,"featured_media":55994,"comment_status":"open","ping_status":"closed","sticky":false,"template":"","format":"standard","meta":{"advanced_seo_description":"","jetpack_seo_html_title":"","jetpack_seo_noindex":false,"_jetpack_memberships_contains_paid_content":false,"footnotes":""},"categories":[15],"tags":[],"class_list":["post-55992","post","type-post","status-publish","format-standard","has-post-thumbnail","hentry","category-comunidad"],"jetpack_featured_media_url":"https:\/\/i0.wp.com\/eltrabajo.cl\/portal\/wp-content\/uploads\/2015\/02\/Perrito1.jpg?fit=530%2C350&ssl=1","jetpack_sharing_enabled":true,"jetpack_likes_enabled":true,"jetpack-related-posts":[],"_links":{"self":[{"href":"https:\/\/eltrabajo.cl\/portal\/wp-json\/wp\/v2\/posts\/55992","targetHints":{"allow":["GET"]}}],"collection":[{"href":"https:\/\/eltrabajo.cl\/portal\/wp-json\/wp\/v2\/posts"}],"about":[{"href":"https:\/\/eltrabajo.cl\/portal\/wp-json\/wp\/v2\/types\/post"}],"author":[{"embeddable":true,"href":"https:\/\/eltrabajo.cl\/portal\/wp-json\/wp\/v2\/users\/1"}],"replies":[{"embeddable":true,"href":"https:\/\/eltrabajo.cl\/portal\/wp-json\/wp\/v2\/comments?post=55992"}],"version-history":[{"count":0,"href":"https:\/\/eltrabajo.cl\/portal\/wp-json\/wp\/v2\/posts\/55992\/revisions"}],"wp:featuredmedia":[{"embeddable":true,"href":"https:\/\/eltrabajo.cl\/portal\/wp-json\/wp\/v2\/media\/55994"}],"wp:attachment":[{"href":"https:\/\/eltrabajo.cl\/portal\/wp-json\/wp\/v2\/media?parent=55992"}],"wp:term":[{"taxonomy":"category","embeddable":true,"href":"https:\/\/eltrabajo.cl\/portal\/wp-json\/wp\/v2\/categories?post=55992"},{"taxonomy":"post_tag","embeddable":true,"href":"https:\/\/eltrabajo.cl\/portal\/wp-json\/wp\/v2\/tags?post=55992"}],"curies":[{"name":"wp","href":"https:\/\/api.w.org\/{rel}","templated":true}]}}