{"id":56013,"date":"2015-02-11T08:59:39","date_gmt":"2015-02-11T11:59:39","guid":{"rendered":"http:\/\/www.eltrabajo.cl\/portal\/?p=56013"},"modified":"2015-02-11T08:59:43","modified_gmt":"2015-02-11T11:59:43","slug":"poblacion-hidalgo-y-piguchen-en-estado-de-alerta-por-falta-de-agua","status":"publish","type":"post","link":"https:\/\/eltrabajo.cl\/portal\/poblacion-hidalgo-y-piguchen-en-estado-de-alerta-por-falta-de-agua\/","title":{"rendered":"Poblaci\u00f3n Hidalgo y Piguch\u00e9n en estado de alerta por falta de agua"},"content":{"rendered":"<figure id=\"attachment_56014\" aria-describedby=\"caption-attachment-56014\" style=\"width: 530px\" class=\"wp-caption alignleft\"><a href=\"http:\/\/www.eltrabajo.cl\/portal\/2015\/02\/poblacion-hidalgo-y-piguchen-en-estado-de-alerta-por-falta-de-agua\/tanque1\/\" rel=\"attachment wp-att-56014\"><img data-recalc-dims=\"1\" loading=\"lazy\" decoding=\"async\" class=\"size-full wp-image-56014\" src=\"https:\/\/i0.wp.com\/www.eltrabajo.cl\/portal\/wp-content\/uploads\/2015\/02\/Tanque1.jpg?resize=530%2C348\" alt=\"Los APR de Poblaci\u00f3n Hidalgo y Piguch\u00e9n se encuentran preocupados por la considerable disminuci\u00f3n del agua.\" width=\"530\" height=\"348\" srcset=\"https:\/\/i0.wp.com\/eltrabajo.cl\/portal\/wp-content\/uploads\/2015\/02\/Tanque1.jpg?w=530&amp;ssl=1 530w, https:\/\/i0.wp.com\/eltrabajo.cl\/portal\/wp-content\/uploads\/2015\/02\/Tanque1.jpg?resize=200%2C131&amp;ssl=1 200w, https:\/\/i0.wp.com\/eltrabajo.cl\/portal\/wp-content\/uploads\/2015\/02\/Tanque1.jpg?resize=300%2C197&amp;ssl=1 300w, https:\/\/i0.wp.com\/eltrabajo.cl\/portal\/wp-content\/uploads\/2015\/02\/Tanque1.jpg?resize=150%2C98&amp;ssl=1 150w, https:\/\/i0.wp.com\/eltrabajo.cl\/portal\/wp-content\/uploads\/2015\/02\/Tanque1.jpg?resize=400%2C263&amp;ssl=1 400w\" sizes=\"auto, (max-width: 530px) 100vw, 530px\" \/><\/a><figcaption id=\"caption-attachment-56014\" class=\"wp-caption-text\">Los APR de Poblaci\u00f3n Hidalgo y Piguch\u00e9n se encuentran preocupados por la considerable disminuci\u00f3n del agua.<\/figcaption><\/figure>\n<p><strong>PUTAENDO.-<\/strong> Las directivas de los comit\u00e9s APR de Poblaci\u00f3n Hidalgo y Piguch\u00e9n, se encuentran en estado de alerta y sumamente preocupados por la considerable disminuci\u00f3n del vital elemento en el punto de captaci\u00f3n en el sector Ramadillas, a prop\u00f3sito de la falta de agua en el estero que abastece a ambos APR.<br \/>\nEl lunes, las directivas de ambos comit\u00e9s se dirigieron al sector Ramadillas, espec\u00edficamente a Estero La Clara, y constataron en terreno la cr\u00edtica situaci\u00f3n que se est\u00e1 generando con el poco caudal que trae el estero, donde los dos APR tienen su punto de captaci\u00f3n.<br \/>\nClaudio Tapia, Presidente del APR de Piguch\u00e9n, se\u00f1al\u00f3 que a simple vista se ve la gravedad de la situaci\u00f3n, porque el estero pr\u00e1cticamente est\u00e1 quedando seco y todo el agua que por ah\u00ed viene se est\u00e1 distribuyendo entre los dos comit\u00e9s, en donde en forma habitual se sacaba agua mediante dos tuber\u00edas y hoy s\u00f3lo se trabaja con la mitad de una.<br \/>\nAmbos comit\u00e9s acordaron que el pr\u00f3ximo s\u00e1bado recorrer\u00e1n todo el estero para canalizar el agua y evitar que se formen pozas, con la finalidad de que el vital elemento se consuma con mayor facilidad y as\u00ed pueda escurrir libremente hasta las tuber\u00edas y adem\u00e1s tratar\u00e1n de traer agua desde una vertiente natural que est\u00e1 a unos 800 metros del punto de captaci\u00f3n, para alimentar a los dos APR, porque temen que en cualquier momento Estero La Clara se seque y deje sin agua a los vecinos de Poblaci\u00f3n Hidalgo y Piguch\u00e9n, lo que fue calificado como una situaci\u00f3n cr\u00edtica, que hoy tiene en estado de alerta a ambos comit\u00e9s.<br \/>\n<strong>Patricio Gallardo M.<\/strong><\/p>\n","protected":false},"excerpt":{"rendered":"<p>PUTAENDO.- Las directivas de los comit\u00e9s APR de Poblaci\u00f3n Hidalgo y Piguch\u00e9n, se encuentran en estado de alerta y sumamente preocupados por la considerable disminuci\u00f3n del vital elemento en el punto de&#8230;<\/p>\n","protected":false},"author":1,"featured_media":56014,"comment_status":"open","ping_status":"closed","sticky":false,"template":"","format":"standard","meta":{"advanced_seo_description":"","jetpack_seo_html_title":"","jetpack_seo_noindex":false,"_jetpack_memberships_contains_paid_content":false,"footnotes":""},"categories":[15],"tags":[],"class_list":["post-56013","post","type-post","status-publish","format-standard","has-post-thumbnail","hentry","category-comunidad"],"jetpack_featured_media_url":"https:\/\/i0.wp.com\/eltrabajo.cl\/portal\/wp-content\/uploads\/2015\/02\/Tanque1.jpg?fit=530%2C348&ssl=1","jetpack_sharing_enabled":true,"jetpack_likes_enabled":true,"jetpack-related-posts":[],"_links":{"self":[{"href":"https:\/\/eltrabajo.cl\/portal\/wp-json\/wp\/v2\/posts\/56013","targetHints":{"allow":["GET"]}}],"collection":[{"href":"https:\/\/eltrabajo.cl\/portal\/wp-json\/wp\/v2\/posts"}],"about":[{"href":"https:\/\/eltrabajo.cl\/portal\/wp-json\/wp\/v2\/types\/post"}],"author":[{"embeddable":true,"href":"https:\/\/eltrabajo.cl\/portal\/wp-json\/wp\/v2\/users\/1"}],"replies":[{"embeddable":true,"href":"https:\/\/eltrabajo.cl\/portal\/wp-json\/wp\/v2\/comments?post=56013"}],"version-history":[{"count":0,"href":"https:\/\/eltrabajo.cl\/portal\/wp-json\/wp\/v2\/posts\/56013\/revisions"}],"wp:featuredmedia":[{"embeddable":true,"href":"https:\/\/eltrabajo.cl\/portal\/wp-json\/wp\/v2\/media\/56014"}],"wp:attachment":[{"href":"https:\/\/eltrabajo.cl\/portal\/wp-json\/wp\/v2\/media?parent=56013"}],"wp:term":[{"taxonomy":"category","embeddable":true,"href":"https:\/\/eltrabajo.cl\/portal\/wp-json\/wp\/v2\/categories?post=56013"},{"taxonomy":"post_tag","embeddable":true,"href":"https:\/\/eltrabajo.cl\/portal\/wp-json\/wp\/v2\/tags?post=56013"}],"curies":[{"name":"wp","href":"https:\/\/api.w.org\/{rel}","templated":true}]}}