{"id":56055,"date":"2015-02-12T08:35:11","date_gmt":"2015-02-12T11:35:11","guid":{"rendered":"http:\/\/www.eltrabajo.cl\/portal\/?p=56055"},"modified":"2015-02-12T08:35:11","modified_gmt":"2015-02-12T11:35:11","slug":"denuncian-contaminacion-con-riles-y-nube-toxica-en-planta-de-huesillos","status":"publish","type":"post","link":"https:\/\/eltrabajo.cl\/portal\/denuncian-contaminacion-con-riles-y-nube-toxica-en-planta-de-huesillos\/","title":{"rendered":"Denuncian contaminaci\u00f3n con riles y nube t\u00f3xica en planta de huesillos"},"content":{"rendered":"<p><strong>PUTAENDO.-<\/strong> Una grave denuncia formul\u00f3 un conocido vecino de sector El Pedregal de Lo Vicu\u00f1a, en contra de una empresa procesadora de huesillos, la que asegura, vierte riles en su propiedad y contamina con una nube t\u00f3xica de azufre.<br \/>\nLuis Gonz\u00e1lez Estay se\u00f1al\u00f3 que desde hace varias semanas est\u00e1n soportando el fuerte olor a azufre que en las noches llega a su casa, producto del mal proceso de los hornos azufradores de una planta colindante, la que adem\u00e1s, y seg\u00fan evidencia la fotograf\u00eda, arroja a su propiedad riles de sus pozos acumuladores, lo que les ha generado un da\u00f1o insostenible, sobre todo por los olores que han atra\u00eddo moscas y zancudos, sin considerar que durante las noches el ambiente se vuelve pr\u00e1cticamente irrespirable producto del fuerte olor a azufre.<br \/>\nAnte esta grave denuncia, contactamos al administrador de la empresa San Antonio, Mario Herrera, quien confirm\u00f3 que efectivamente la noche de este martes se gener\u00f3 un exceso de azufre que escap\u00f3 de la c\u00e1mara azufradora, luego que comenzaran a quemarse cajas de pl\u00e1stico, adem\u00e1s de madera y duraznos, pero asegur\u00f3 que se trat\u00f3 de un hecho aislado, porque los d\u00edas anteriores es pr\u00e1cticamente m\u00ednima la cantidad de azufre que emana desde la c\u00e1mara hacia el exterior.<br \/>\nHerrera reconoci\u00f3 que efectivamente los pozos acumuladores de riles est\u00e1n colapsados, raz\u00f3n por la cual tom\u00f3 la decisi\u00f3n de paralizar todos los trabajos en la planta a lo menos por una semana, con la finalidad de mejorar la c\u00e1mara azufradora y proceder a la limpieza de los pozos acumuladores de riles, agregando que no logra explicar c\u00f3mo se est\u00e1n vertiendo riles a la propiedad colindante, ya que al parecer existir\u00eda un antiguo trabajo que enviar\u00eda riles mediante una tuber\u00eda hasta ese sector, lo que no ser\u00eda responsabilidad de su administraci\u00f3n, sin embargo, indic\u00f3 que por voluntad propia ha paralizado las obras para subsanar los inconvenientes y sostuvo que las once personas que trabajan en su planta ser\u00e1n reubicadas en otras labores mientras dura el proceso.<br \/>\n<strong>Patricio Gallardo M.<\/strong><\/p>\n<div class=\"tiled-gallery type-rectangular tiled-gallery-unresized\" data-original-width=\"640\" data-carousel-extra='null' itemscope itemtype=\"http:\/\/schema.org\/ImageGallery\" > <div class=\"gallery-row\" style=\"width: 640px; height: 284px;\" data-original-width=\"640\" data-original-height=\"284\" > <div class=\"gallery-group images-1\" style=\"width: 427px; height: 284px;\" data-original-width=\"427\" data-original-height=\"284\" > <div class=\"tiled-gallery-item tiled-gallery-item-large\" itemprop=\"associatedMedia\" itemscope itemtype=\"http:\/\/schema.org\/ImageObject\"> <a href=\"https:\/\/eltrabajo.cl\/portal\/denuncian-contaminacion-con-riles-y-nube-toxica-en-planta-de-huesillos\/riles2\/\" border=\"0\" itemprop=\"url\"> <meta itemprop=\"width\" content=\"423\"> <meta itemprop=\"height\" content=\"280\"> <img decoding=\"async\" class=\"\" data-attachment-id=\"56056\" data-orig-file=\"https:\/\/eltrabajo.cl\/portal\/wp-content\/uploads\/2015\/02\/Riles2.jpg\" data-orig-size=\"530,350\" data-comments-opened=\"1\" data-image-meta=\"{&quot;aperture&quot;:&quot;0&quot;,&quot;credit&quot;:&quot;&quot;,&quot;camera&quot;:&quot;&quot;,&quot;caption&quot;:&quot;&quot;,&quot;created_timestamp&quot;:&quot;0&quot;,&quot;copyright&quot;:&quot;[wopmind]&quot;,&quot;focal_length&quot;:&quot;0&quot;,&quot;iso&quot;:&quot;0&quot;,&quot;shutter_speed&quot;:&quot;0&quot;,&quot;title&quot;:&quot;&quot;,&quot;orientation&quot;:&quot;0&quot;}\" data-image-title=\"Riles2\" data-image-description=\"&lt;p&gt;Una empresa procesadora de huesillos, estar\u00eda vertiendo riles en una propiedad del sector El Pedregal de Lo Vicu\u00f1a.&lt;\/p&gt; \" data-medium-file=\"https:\/\/i0.wp.com\/eltrabajo.cl\/portal\/wp-content\/uploads\/2015\/02\/Riles2.jpg?fit=300%2C198&#038;ssl=1\" data-large-file=\"https:\/\/i0.wp.com\/eltrabajo.cl\/portal\/wp-content\/uploads\/2015\/02\/Riles2.jpg?fit=530%2C350&#038;ssl=1\" src=\"https:\/\/i0.wp.com\/eltrabajo.cl\/portal\/wp-content\/uploads\/2015\/02\/Riles2.jpg?w=423&#038;h=280&#038;ssl=1\" srcset=\"https:\/\/i0.wp.com\/eltrabajo.cl\/portal\/wp-content\/uploads\/2015\/02\/Riles2.jpg?w=530&amp;ssl=1 530w, https:\/\/i0.wp.com\/eltrabajo.cl\/portal\/wp-content\/uploads\/2015\/02\/Riles2.jpg?resize=200%2C132&amp;ssl=1 200w, https:\/\/i0.wp.com\/eltrabajo.cl\/portal\/wp-content\/uploads\/2015\/02\/Riles2.jpg?resize=300%2C198&amp;ssl=1 300w, https:\/\/i0.wp.com\/eltrabajo.cl\/portal\/wp-content\/uploads\/2015\/02\/Riles2.jpg?resize=150%2C99&amp;ssl=1 150w, https:\/\/i0.wp.com\/eltrabajo.cl\/portal\/wp-content\/uploads\/2015\/02\/Riles2.jpg?resize=400%2C264&amp;ssl=1 400w\" width=\"423\" height=\"280\" loading=\"lazy\" data-original-width=\"423\" data-original-height=\"280\" itemprop=\"http:\/\/schema.org\/image\" title=\"Riles2\" alt=\"Una empresa procesadora de huesillos, estar\u00eda vertiendo riles en una propiedad del sector El Pedregal de Lo Vicu\u00f1a.\" style=\"width: 423px; height: 280px;\" \/> <\/a> <div class=\"tiled-gallery-caption\" itemprop=\"caption description\"> Una empresa procesadora de huesillos, estar\u00eda vertiendo riles en una propiedad del sector El Pedregal de Lo Vicu\u00f1a. <\/div> <\/div> <\/div> <!-- close group --> <div class=\"gallery-group images-2\" style=\"width: 213px; height: 284px;\" data-original-width=\"213\" data-original-height=\"284\" > <div class=\"tiled-gallery-item tiled-gallery-item-small\" itemprop=\"associatedMedia\" itemscope itemtype=\"http:\/\/schema.org\/ImageObject\"> <a href=\"https:\/\/eltrabajo.cl\/portal\/denuncian-contaminacion-con-riles-y-nube-toxica-en-planta-de-huesillos\/luis-gonzales\/\" border=\"0\" itemprop=\"url\"> <meta itemprop=\"width\" content=\"209\"> <meta itemprop=\"height\" content=\"138\"> <img decoding=\"async\" class=\"\" data-attachment-id=\"56057\" data-orig-file=\"https:\/\/eltrabajo.cl\/portal\/wp-content\/uploads\/2015\/02\/LUIS-GONZALES.jpg\" data-orig-size=\"530,350\" data-comments-opened=\"1\" data-image-meta=\"{&quot;aperture&quot;:&quot;0&quot;,&quot;credit&quot;:&quot;&quot;,&quot;camera&quot;:&quot;&quot;,&quot;caption&quot;:&quot;&quot;,&quot;created_timestamp&quot;:&quot;0&quot;,&quot;copyright&quot;:&quot;[wopmind]&quot;,&quot;focal_length&quot;:&quot;0&quot;,&quot;iso&quot;:&quot;0&quot;,&quot;shutter_speed&quot;:&quot;0&quot;,&quot;title&quot;:&quot;&quot;,&quot;orientation&quot;:&quot;0&quot;}\" data-image-title=\"LUIS GONZALES\" data-image-description=\"&lt;p&gt;Luis Gonz\u00e1lez Estay, hizo la denuncia p\u00fablica.&lt;\/p&gt; \" data-medium-file=\"https:\/\/i0.wp.com\/eltrabajo.cl\/portal\/wp-content\/uploads\/2015\/02\/LUIS-GONZALES.jpg?fit=300%2C198&#038;ssl=1\" data-large-file=\"https:\/\/i0.wp.com\/eltrabajo.cl\/portal\/wp-content\/uploads\/2015\/02\/LUIS-GONZALES.jpg?fit=530%2C350&#038;ssl=1\" src=\"https:\/\/i0.wp.com\/eltrabajo.cl\/portal\/wp-content\/uploads\/2015\/02\/LUIS-GONZALES.jpg?w=209&#038;h=138&#038;ssl=1\" srcset=\"https:\/\/i0.wp.com\/eltrabajo.cl\/portal\/wp-content\/uploads\/2015\/02\/LUIS-GONZALES.jpg?w=530&amp;ssl=1 530w, https:\/\/i0.wp.com\/eltrabajo.cl\/portal\/wp-content\/uploads\/2015\/02\/LUIS-GONZALES.jpg?resize=200%2C132&amp;ssl=1 200w, https:\/\/i0.wp.com\/eltrabajo.cl\/portal\/wp-content\/uploads\/2015\/02\/LUIS-GONZALES.jpg?resize=300%2C198&amp;ssl=1 300w, https:\/\/i0.wp.com\/eltrabajo.cl\/portal\/wp-content\/uploads\/2015\/02\/LUIS-GONZALES.jpg?resize=150%2C99&amp;ssl=1 150w, https:\/\/i0.wp.com\/eltrabajo.cl\/portal\/wp-content\/uploads\/2015\/02\/LUIS-GONZALES.jpg?resize=400%2C264&amp;ssl=1 400w\" width=\"209\" height=\"138\" loading=\"lazy\" data-original-width=\"209\" data-original-height=\"138\" itemprop=\"http:\/\/schema.org\/image\" title=\"LUIS GONZALES\" alt=\"Luis Gonz\u00e1lez Estay, hizo la denuncia p\u00fablica.\" style=\"width: 209px; height: 138px;\" \/> <\/a> <div class=\"tiled-gallery-caption\" itemprop=\"caption description\"> Luis Gonz\u00e1lez Estay, hizo la denuncia p\u00fablica. <\/div> <\/div> <div class=\"tiled-gallery-item tiled-gallery-item-small\" itemprop=\"associatedMedia\" itemscope itemtype=\"http:\/\/schema.org\/ImageObject\"> <a href=\"https:\/\/eltrabajo.cl\/portal\/denuncian-contaminacion-con-riles-y-nube-toxica-en-planta-de-huesillos\/mario-herrera-2\/\" border=\"0\" itemprop=\"url\"> <meta itemprop=\"width\" content=\"209\"> <meta itemprop=\"height\" content=\"138\"> <img decoding=\"async\" class=\"\" data-attachment-id=\"56058\" data-orig-file=\"https:\/\/eltrabajo.cl\/portal\/wp-content\/uploads\/2015\/02\/MARIO-HERRERA.jpg\" data-orig-size=\"530,350\" data-comments-opened=\"1\" data-image-meta=\"{&quot;aperture&quot;:&quot;0&quot;,&quot;credit&quot;:&quot;&quot;,&quot;camera&quot;:&quot;&quot;,&quot;caption&quot;:&quot;&quot;,&quot;created_timestamp&quot;:&quot;0&quot;,&quot;copyright&quot;:&quot;[wopmind]&quot;,&quot;focal_length&quot;:&quot;0&quot;,&quot;iso&quot;:&quot;0&quot;,&quot;shutter_speed&quot;:&quot;0&quot;,&quot;title&quot;:&quot;&quot;,&quot;orientation&quot;:&quot;0&quot;}\" data-image-title=\"MARIO HERRERA\" data-image-description=\"&lt;p&gt;Administrador de la empresa San Antonio, Mario Herrera.&lt;\/p&gt; \" data-medium-file=\"https:\/\/i0.wp.com\/eltrabajo.cl\/portal\/wp-content\/uploads\/2015\/02\/MARIO-HERRERA.jpg?fit=300%2C198&#038;ssl=1\" data-large-file=\"https:\/\/i0.wp.com\/eltrabajo.cl\/portal\/wp-content\/uploads\/2015\/02\/MARIO-HERRERA.jpg?fit=530%2C350&#038;ssl=1\" src=\"https:\/\/i0.wp.com\/eltrabajo.cl\/portal\/wp-content\/uploads\/2015\/02\/MARIO-HERRERA.jpg?w=209&#038;h=138&#038;ssl=1\" srcset=\"https:\/\/i0.wp.com\/eltrabajo.cl\/portal\/wp-content\/uploads\/2015\/02\/MARIO-HERRERA.jpg?w=530&amp;ssl=1 530w, https:\/\/i0.wp.com\/eltrabajo.cl\/portal\/wp-content\/uploads\/2015\/02\/MARIO-HERRERA.jpg?resize=200%2C132&amp;ssl=1 200w, https:\/\/i0.wp.com\/eltrabajo.cl\/portal\/wp-content\/uploads\/2015\/02\/MARIO-HERRERA.jpg?resize=300%2C198&amp;ssl=1 300w, https:\/\/i0.wp.com\/eltrabajo.cl\/portal\/wp-content\/uploads\/2015\/02\/MARIO-HERRERA.jpg?resize=150%2C99&amp;ssl=1 150w, https:\/\/i0.wp.com\/eltrabajo.cl\/portal\/wp-content\/uploads\/2015\/02\/MARIO-HERRERA.jpg?resize=400%2C264&amp;ssl=1 400w\" width=\"209\" height=\"138\" loading=\"lazy\" data-original-width=\"209\" data-original-height=\"138\" itemprop=\"http:\/\/schema.org\/image\" title=\"MARIO HERRERA\" alt=\"Administrador de la empresa San Antonio, Mario Herrera.\" style=\"width: 209px; height: 138px;\" \/> <\/a> <div class=\"tiled-gallery-caption\" itemprop=\"caption description\"> Administrador de la empresa San Antonio, Mario Herrera. <\/div> <\/div> <\/div> <!-- close group --> <\/div> <!-- close row --> <div class=\"gallery-row\" style=\"width: 640px; height: 424px;\" data-original-width=\"640\" data-original-height=\"424\" > <div class=\"gallery-group images-1\" style=\"width: 640px; height: 424px;\" data-original-width=\"640\" data-original-height=\"424\" > <div class=\"tiled-gallery-item tiled-gallery-item-large\" itemprop=\"associatedMedia\" itemscope itemtype=\"http:\/\/schema.org\/ImageObject\"> <a href=\"https:\/\/eltrabajo.cl\/portal\/denuncian-contaminacion-con-riles-y-nube-toxica-en-planta-de-huesillos\/riles1\/\" border=\"0\" itemprop=\"url\"> <meta itemprop=\"width\" content=\"636\"> <meta itemprop=\"height\" content=\"420\"> <img decoding=\"async\" class=\"\" data-attachment-id=\"56059\" data-orig-file=\"https:\/\/eltrabajo.cl\/portal\/wp-content\/uploads\/2015\/02\/Riles1.jpg\" data-orig-size=\"530,350\" data-comments-opened=\"1\" data-image-meta=\"{&quot;aperture&quot;:&quot;0&quot;,&quot;credit&quot;:&quot;&quot;,&quot;camera&quot;:&quot;&quot;,&quot;caption&quot;:&quot;&quot;,&quot;created_timestamp&quot;:&quot;0&quot;,&quot;copyright&quot;:&quot;[wopmind]&quot;,&quot;focal_length&quot;:&quot;0&quot;,&quot;iso&quot;:&quot;0&quot;,&quot;shutter_speed&quot;:&quot;0&quot;,&quot;title&quot;:&quot;&quot;,&quot;orientation&quot;:&quot;0&quot;}\" data-image-title=\"Riles1\" data-image-description=\"&lt;p&gt;Este humo ha generado un da\u00f1o insostenible, sobre todo por los olores que han atra\u00eddo moscas y zancudos.&lt;\/p&gt; \" data-medium-file=\"https:\/\/i0.wp.com\/eltrabajo.cl\/portal\/wp-content\/uploads\/2015\/02\/Riles1.jpg?fit=300%2C198&#038;ssl=1\" data-large-file=\"https:\/\/i0.wp.com\/eltrabajo.cl\/portal\/wp-content\/uploads\/2015\/02\/Riles1.jpg?fit=530%2C350&#038;ssl=1\" src=\"https:\/\/i0.wp.com\/eltrabajo.cl\/portal\/wp-content\/uploads\/2015\/02\/Riles1.jpg?w=636&#038;h=420&#038;ssl=1\" srcset=\"https:\/\/i0.wp.com\/eltrabajo.cl\/portal\/wp-content\/uploads\/2015\/02\/Riles1.jpg?w=530&amp;ssl=1 530w, https:\/\/i0.wp.com\/eltrabajo.cl\/portal\/wp-content\/uploads\/2015\/02\/Riles1.jpg?resize=200%2C132&amp;ssl=1 200w, https:\/\/i0.wp.com\/eltrabajo.cl\/portal\/wp-content\/uploads\/2015\/02\/Riles1.jpg?resize=300%2C198&amp;ssl=1 300w, https:\/\/i0.wp.com\/eltrabajo.cl\/portal\/wp-content\/uploads\/2015\/02\/Riles1.jpg?resize=150%2C99&amp;ssl=1 150w, https:\/\/i0.wp.com\/eltrabajo.cl\/portal\/wp-content\/uploads\/2015\/02\/Riles1.jpg?resize=400%2C264&amp;ssl=1 400w\" width=\"636\" height=\"420\" loading=\"lazy\" data-original-width=\"636\" data-original-height=\"420\" itemprop=\"http:\/\/schema.org\/image\" title=\"Riles1\" alt=\"Este humo ha generado un da\u00f1o insostenible, sobre todo por los olores que han atra\u00eddo moscas y zancudos.\" style=\"width: 636px; height: 420px;\" \/> <\/a> <div class=\"tiled-gallery-caption\" itemprop=\"caption description\"> Este humo ha generado un da\u00f1o insostenible, sobre todo por los olores que han atra\u00eddo moscas y zancudos. <\/div> <\/div> <\/div> <!-- close group --> <\/div> <!-- close row --> <\/div>\n","protected":false},"excerpt":{"rendered":"<p>PUTAENDO.- Una grave denuncia formul\u00f3 un conocido vecino de sector El Pedregal de Lo Vicu\u00f1a, en contra de una empresa procesadora de huesillos, la que asegura, vierte riles en su propiedad y&#8230;<\/p>\n","protected":false},"author":1,"featured_media":56059,"comment_status":"open","ping_status":"closed","sticky":false,"template":"","format":"standard","meta":{"advanced_seo_description":"","jetpack_seo_html_title":"","jetpack_seo_noindex":false,"_jetpack_memberships_contains_paid_content":false,"footnotes":""},"categories":[15],"tags":[],"class_list":["post-56055","post","type-post","status-publish","format-standard","has-post-thumbnail","hentry","category-comunidad"],"jetpack_featured_media_url":"https:\/\/i0.wp.com\/eltrabajo.cl\/portal\/wp-content\/uploads\/2015\/02\/Riles1.jpg?fit=530%2C350&ssl=1","jetpack_sharing_enabled":true,"jetpack_likes_enabled":true,"jetpack-related-posts":[],"_links":{"self":[{"href":"https:\/\/eltrabajo.cl\/portal\/wp-json\/wp\/v2\/posts\/56055","targetHints":{"allow":["GET"]}}],"collection":[{"href":"https:\/\/eltrabajo.cl\/portal\/wp-json\/wp\/v2\/posts"}],"about":[{"href":"https:\/\/eltrabajo.cl\/portal\/wp-json\/wp\/v2\/types\/post"}],"author":[{"embeddable":true,"href":"https:\/\/eltrabajo.cl\/portal\/wp-json\/wp\/v2\/users\/1"}],"replies":[{"embeddable":true,"href":"https:\/\/eltrabajo.cl\/portal\/wp-json\/wp\/v2\/comments?post=56055"}],"version-history":[{"count":0,"href":"https:\/\/eltrabajo.cl\/portal\/wp-json\/wp\/v2\/posts\/56055\/revisions"}],"wp:featuredmedia":[{"embeddable":true,"href":"https:\/\/eltrabajo.cl\/portal\/wp-json\/wp\/v2\/media\/56059"}],"wp:attachment":[{"href":"https:\/\/eltrabajo.cl\/portal\/wp-json\/wp\/v2\/media?parent=56055"}],"wp:term":[{"taxonomy":"category","embeddable":true,"href":"https:\/\/eltrabajo.cl\/portal\/wp-json\/wp\/v2\/categories?post=56055"},{"taxonomy":"post_tag","embeddable":true,"href":"https:\/\/eltrabajo.cl\/portal\/wp-json\/wp\/v2\/tags?post=56055"}],"curies":[{"name":"wp","href":"https:\/\/api.w.org\/{rel}","templated":true}]}}