{"id":56070,"date":"2015-02-12T08:44:11","date_gmt":"2015-02-12T11:44:11","guid":{"rendered":"http:\/\/www.eltrabajo.cl\/portal\/?p=56070"},"modified":"2015-02-12T08:44:11","modified_gmt":"2015-02-12T11:44:11","slug":"acusan-a-caja-la-araucana-de-cobrar-credito-que-ya-estaria-cancelado","status":"publish","type":"post","link":"https:\/\/eltrabajo.cl\/portal\/acusan-a-caja-la-araucana-de-cobrar-credito-que-ya-estaria-cancelado\/","title":{"rendered":"Acusan a Caja La Araucana de cobrar cr\u00e9dito que ya estar\u00eda cancelado"},"content":{"rendered":"<p>La sanfelipe\u00f1a Miriam Rojas Acevedo, trabajadora de Supermercados Santa Isabel y madre de cuatro ni\u00f1os, est\u00e1 reclamando que la Caja de compensaci\u00f3n La Araucana le est\u00e1 cobrando un pr\u00e9stamo que ella ya ha cancelado hace m\u00e1s de un a\u00f1o, algo que le ha perjudicado en su calidad de vida, ya que el cr\u00e9dito es descontado de su suelo por planilla. Incluso ella ha extremado recursos al ir a la sede La Araucana en Santiago para buscar respuestas, mismas que no encontr\u00f3.<br \/>\n\u00abHace cuatro a\u00f1os aproximadamente yo ped\u00ed un cr\u00e9dito, del cual en septiembre del 2013 yo hab\u00eda pagado 33 de las 49 cuotas del pr\u00e9stamo, que eran de $19.000 mensuales, luego yo tuve que pedir un pr\u00e9stamo para poder sacar una casa el a\u00f1o 2013 de $1.700.000, pero yo pagu\u00e9 el otro cr\u00e9dito que ten\u00eda, por lo que me dieron s\u00f3lo $990.546 en un cheque.<br \/>\nEn octubre de 2014 me apareci\u00f3 nuevamente el pr\u00e9stamo que yo hab\u00eda pagado, incluso me estaban cobrando la cuota 13, adem\u00e1s con un monto distinto, yo pagaba $19.000 de ese cr\u00e9dito y ahora me estaban cobrando $55.397, adem\u00e1s del nuevo cr\u00e9dito que yo ped\u00ed de $58.000 aproximadamente, esto est\u00e1 pasando desde octubre, yo reclam\u00e9, pero en noviembre volvi\u00f3 a aparecer nuevamente hasta ahora\u00bb, expres\u00f3 muy molesta Miriam Rojas.<br \/>\n\u00abEn Santiago me respondieron que la culpa es de San Felipe, ya que no informaron de la repactaci\u00f3n del cr\u00e9dito anterior con el nuevo que saqu\u00e9, me est\u00e1n descontando $55.000 mensuales que a m\u00ed me hacen falta por culpa de ellos, incluso es muy curioso, porque el pr\u00e9stamo era de $19.000 y ahora est\u00e1n cobrando mucho m\u00e1s\u00bb, destac\u00f3 Miriam.<br \/>\n<strong>LE QUEDAN S\u00d3LO\u00a0$20.000 MENSUALES<\/strong><br \/>\n\u00abMe mandaron a Santiago a conversar con Luis Fajardo Villanueva, quien es encargado en Caja La Araucana, \u00e9l me dijo que la culpa era de la sucursal de San Felipe, ahora se tiran la pelota uno a otro y no tengo una soluci\u00f3n. Adem\u00e1s me mandaron a Santiago y me hab\u00edan dicho que me iban a devolver el dinero de los pasajes, pero ni eso me han devuelto\u00bb, coment\u00f3 Miriam.<br \/>\nIncluso Miriam, debido a que necesitaba dinero para poder comprar su casa, tuvo que pedir otros pr\u00e9stamos, sumados a estos la han dejado con tan s\u00f3lo con un sueldo liquido de 20.000 pesos mensuales.<\/p>\n<p><strong>CAJA LA ARAUCANA<\/strong><br \/>\nDiario El Trabajo se comunic\u00f3 con Luis Fajardo Villanueva trabajador de La Araucana, con quien se comunic\u00f3 la afectada en Santiago. Fajardo expres\u00f3 que no pod\u00eda entregar informaci\u00f3n debido a que es un tema privado con la afectada, pero no descart\u00f3 que se hubiera cometido un error en el procedimiento al interior de la caja de compensaci\u00f3n. Adem\u00e1s, no descart\u00f3 la posibilidad de que se devolviera el dinero a Miriam, a quien se le est\u00e1 cobrando dos cr\u00e9ditos a la vez de octubre pasado, toda vez que se logre aclarar su caso.<br \/>\n<strong>Mat\u00edas Ortiz<\/strong><\/p>\n<div class=\"tiled-gallery type-rectangular tiled-gallery-unresized\" data-original-width=\"640\" data-carousel-extra='null' itemscope itemtype=\"http:\/\/schema.org\/ImageGallery\" > <div class=\"gallery-row\" style=\"width: 640px; height: 212px;\" data-original-width=\"640\" data-original-height=\"212\" > <div class=\"gallery-group images-1\" style=\"width: 320px; height: 212px;\" data-original-width=\"320\" data-original-height=\"212\" > <div class=\"tiled-gallery-item tiled-gallery-item-large\" itemprop=\"associatedMedia\" itemscope itemtype=\"http:\/\/schema.org\/ImageObject\"> <a href=\"https:\/\/eltrabajo.cl\/portal\/acusan-a-caja-la-araucana-de-cobrar-credito-que-ya-estaria-cancelado\/miriam\/\" border=\"0\" itemprop=\"url\"> <meta itemprop=\"width\" content=\"316\"> <meta itemprop=\"height\" content=\"208\"> <img decoding=\"async\" class=\"\" data-attachment-id=\"56071\" data-orig-file=\"https:\/\/eltrabajo.cl\/portal\/wp-content\/uploads\/2015\/02\/miriam.jpg\" data-orig-size=\"530,349\" data-comments-opened=\"1\" data-image-meta=\"{&quot;aperture&quot;:&quot;0&quot;,&quot;credit&quot;:&quot;&quot;,&quot;camera&quot;:&quot;&quot;,&quot;caption&quot;:&quot;&quot;,&quot;created_timestamp&quot;:&quot;0&quot;,&quot;copyright&quot;:&quot;&quot;,&quot;focal_length&quot;:&quot;0&quot;,&quot;iso&quot;:&quot;0&quot;,&quot;shutter_speed&quot;:&quot;0&quot;,&quot;title&quot;:&quot;&quot;,&quot;orientation&quot;:&quot;0&quot;}\" data-image-title=\"miriam\" data-image-description=\"&lt;p&gt;Miriam Rojas muy molesta, se acerc\u00f3 a Diario El Trabajo para buscar ayuda, ya que se le est\u00e1 cobrando un cr\u00e9dito que ella asegura ya pag\u00f3.&lt;\/p&gt; \" data-medium-file=\"https:\/\/i0.wp.com\/eltrabajo.cl\/portal\/wp-content\/uploads\/2015\/02\/miriam.jpg?fit=300%2C198&#038;ssl=1\" data-large-file=\"https:\/\/i0.wp.com\/eltrabajo.cl\/portal\/wp-content\/uploads\/2015\/02\/miriam.jpg?fit=530%2C349&#038;ssl=1\" src=\"https:\/\/i0.wp.com\/eltrabajo.cl\/portal\/wp-content\/uploads\/2015\/02\/miriam.jpg?w=316&#038;h=208&#038;ssl=1\" srcset=\"https:\/\/i0.wp.com\/eltrabajo.cl\/portal\/wp-content\/uploads\/2015\/02\/miriam.jpg?w=530&amp;ssl=1 530w, https:\/\/i0.wp.com\/eltrabajo.cl\/portal\/wp-content\/uploads\/2015\/02\/miriam.jpg?resize=200%2C132&amp;ssl=1 200w, https:\/\/i0.wp.com\/eltrabajo.cl\/portal\/wp-content\/uploads\/2015\/02\/miriam.jpg?resize=300%2C198&amp;ssl=1 300w, https:\/\/i0.wp.com\/eltrabajo.cl\/portal\/wp-content\/uploads\/2015\/02\/miriam.jpg?resize=150%2C99&amp;ssl=1 150w, https:\/\/i0.wp.com\/eltrabajo.cl\/portal\/wp-content\/uploads\/2015\/02\/miriam.jpg?resize=400%2C263&amp;ssl=1 400w\" width=\"316\" height=\"208\" loading=\"lazy\" data-original-width=\"316\" data-original-height=\"208\" itemprop=\"http:\/\/schema.org\/image\" title=\"miriam\" alt=\"Miriam Rojas muy molesta, se acerc\u00f3 a Diario El Trabajo para buscar ayuda, ya que se le est\u00e1 cobrando un cr\u00e9dito que ella asegura ya pag\u00f3.\" style=\"width: 316px; height: 208px;\" \/> <\/a> <div class=\"tiled-gallery-caption\" itemprop=\"caption description\"> Miriam Rojas muy molesta, se acerc\u00f3 a Diario El Trabajo para buscar ayuda, ya que se le est\u00e1 cobrando un cr\u00e9dito que ella asegura ya pag\u00f3. <\/div> <\/div> <\/div> <!-- close group --> <div class=\"gallery-group images-1\" style=\"width: 320px; height: 212px;\" data-original-width=\"320\" data-original-height=\"212\" > <div class=\"tiled-gallery-item tiled-gallery-item-large\" itemprop=\"associatedMedia\" itemscope itemtype=\"http:\/\/schema.org\/ImageObject\"> <a href=\"https:\/\/eltrabajo.cl\/portal\/acusan-a-caja-la-araucana-de-cobrar-credito-que-ya-estaria-cancelado\/papeles\/\" border=\"0\" itemprop=\"url\"> <meta itemprop=\"width\" content=\"316\"> <meta itemprop=\"height\" content=\"208\"> <img decoding=\"async\" class=\"\" data-attachment-id=\"56072\" data-orig-file=\"https:\/\/eltrabajo.cl\/portal\/wp-content\/uploads\/2015\/02\/papeles.jpg\" data-orig-size=\"530,350\" data-comments-opened=\"1\" data-image-meta=\"{&quot;aperture&quot;:&quot;0&quot;,&quot;credit&quot;:&quot;&quot;,&quot;camera&quot;:&quot;&quot;,&quot;caption&quot;:&quot;&quot;,&quot;created_timestamp&quot;:&quot;0&quot;,&quot;copyright&quot;:&quot;&quot;,&quot;focal_length&quot;:&quot;0&quot;,&quot;iso&quot;:&quot;0&quot;,&quot;shutter_speed&quot;:&quot;0&quot;,&quot;title&quot;:&quot;&quot;,&quot;orientation&quot;:&quot;0&quot;}\" data-image-title=\"papeles\" data-image-description=\"&lt;p&gt;Aqu\u00ed se demuestra que Miriam hizo una repactaci\u00f3n de la deuda en la misma Caja de Compensaci\u00f3n La Araucana con un nuevo pr\u00e9stamo para compra de cartera, por el cual solo se le dio la diferencia de 990 mil pesos y ni el mill\u00f3n 700 mil que se le otorg\u00f3. &lt;\/p&gt; \" data-medium-file=\"https:\/\/i0.wp.com\/eltrabajo.cl\/portal\/wp-content\/uploads\/2015\/02\/papeles.jpg?fit=300%2C198&#038;ssl=1\" data-large-file=\"https:\/\/i0.wp.com\/eltrabajo.cl\/portal\/wp-content\/uploads\/2015\/02\/papeles.jpg?fit=530%2C350&#038;ssl=1\" src=\"https:\/\/i0.wp.com\/eltrabajo.cl\/portal\/wp-content\/uploads\/2015\/02\/papeles.jpg?w=316&#038;h=208&#038;ssl=1\" srcset=\"https:\/\/i0.wp.com\/eltrabajo.cl\/portal\/wp-content\/uploads\/2015\/02\/papeles.jpg?w=530&amp;ssl=1 530w, https:\/\/i0.wp.com\/eltrabajo.cl\/portal\/wp-content\/uploads\/2015\/02\/papeles.jpg?resize=200%2C132&amp;ssl=1 200w, https:\/\/i0.wp.com\/eltrabajo.cl\/portal\/wp-content\/uploads\/2015\/02\/papeles.jpg?resize=300%2C198&amp;ssl=1 300w, https:\/\/i0.wp.com\/eltrabajo.cl\/portal\/wp-content\/uploads\/2015\/02\/papeles.jpg?resize=150%2C99&amp;ssl=1 150w, https:\/\/i0.wp.com\/eltrabajo.cl\/portal\/wp-content\/uploads\/2015\/02\/papeles.jpg?resize=400%2C264&amp;ssl=1 400w\" width=\"316\" height=\"208\" loading=\"lazy\" data-original-width=\"316\" data-original-height=\"208\" itemprop=\"http:\/\/schema.org\/image\" title=\"papeles\" alt=\"Aqu\u00ed se demuestra que Miriam hizo una repactaci\u00f3n de la deuda en la misma Caja de Compensaci\u00f3n La Araucana con un nuevo pr\u00e9stamo para compra de cartera, por el cual solo se le dio la diferencia de 990 mil pesos y ni el mill\u00f3n 700 mil que se le otorg\u00f3.\" style=\"width: 316px; height: 208px;\" \/> <\/a> <div class=\"tiled-gallery-caption\" itemprop=\"caption description\"> Aqu\u00ed se demuestra que Miriam hizo una repactaci\u00f3n de la deuda en la misma Caja de Compensaci\u00f3n La Araucana con un nuevo pr\u00e9stamo para compra de cartera, por el cual solo se le dio la diferencia de 990 mil pesos y ni el mill\u00f3n 700 mil que se le otorg\u00f3. <\/div> <\/div> <\/div> <!-- close group --> <\/div> <!-- close row --> <\/div>\n","protected":false},"excerpt":{"rendered":"<p>La sanfelipe\u00f1a Miriam Rojas Acevedo, trabajadora de Supermercados Santa Isabel y madre de cuatro ni\u00f1os, est\u00e1 reclamando que la Caja de compensaci\u00f3n La Araucana le est\u00e1 cobrando un pr\u00e9stamo que ella ya&#8230;<\/p>\n","protected":false},"author":1,"featured_media":56071,"comment_status":"open","ping_status":"closed","sticky":false,"template":"","format":"standard","meta":{"advanced_seo_description":"","jetpack_seo_html_title":"","jetpack_seo_noindex":false,"_jetpack_memberships_contains_paid_content":false,"footnotes":""},"categories":[15],"tags":[],"class_list":["post-56070","post","type-post","status-publish","format-standard","has-post-thumbnail","hentry","category-comunidad"],"jetpack_featured_media_url":"https:\/\/i0.wp.com\/eltrabajo.cl\/portal\/wp-content\/uploads\/2015\/02\/miriam.jpg?fit=530%2C349&ssl=1","jetpack_sharing_enabled":true,"jetpack_likes_enabled":true,"jetpack-related-posts":[],"_links":{"self":[{"href":"https:\/\/eltrabajo.cl\/portal\/wp-json\/wp\/v2\/posts\/56070","targetHints":{"allow":["GET"]}}],"collection":[{"href":"https:\/\/eltrabajo.cl\/portal\/wp-json\/wp\/v2\/posts"}],"about":[{"href":"https:\/\/eltrabajo.cl\/portal\/wp-json\/wp\/v2\/types\/post"}],"author":[{"embeddable":true,"href":"https:\/\/eltrabajo.cl\/portal\/wp-json\/wp\/v2\/users\/1"}],"replies":[{"embeddable":true,"href":"https:\/\/eltrabajo.cl\/portal\/wp-json\/wp\/v2\/comments?post=56070"}],"version-history":[{"count":0,"href":"https:\/\/eltrabajo.cl\/portal\/wp-json\/wp\/v2\/posts\/56070\/revisions"}],"wp:featuredmedia":[{"embeddable":true,"href":"https:\/\/eltrabajo.cl\/portal\/wp-json\/wp\/v2\/media\/56071"}],"wp:attachment":[{"href":"https:\/\/eltrabajo.cl\/portal\/wp-json\/wp\/v2\/media?parent=56070"}],"wp:term":[{"taxonomy":"category","embeddable":true,"href":"https:\/\/eltrabajo.cl\/portal\/wp-json\/wp\/v2\/categories?post=56070"},{"taxonomy":"post_tag","embeddable":true,"href":"https:\/\/eltrabajo.cl\/portal\/wp-json\/wp\/v2\/tags?post=56070"}],"curies":[{"name":"wp","href":"https:\/\/api.w.org\/{rel}","templated":true}]}}