{"id":56088,"date":"2015-02-13T08:37:08","date_gmt":"2015-02-13T11:37:08","guid":{"rendered":"http:\/\/www.eltrabajo.cl\/portal\/?p=56088"},"modified":"2015-02-13T08:37:08","modified_gmt":"2015-02-13T11:37:08","slug":"a-pedradas-vandalos-destruyen-ventanas-de-hogar-de-ancianos","status":"publish","type":"post","link":"https:\/\/eltrabajo.cl\/portal\/a-pedradas-vandalos-destruyen-ventanas-de-hogar-de-ancianos\/","title":{"rendered":"A pedradas v\u00e1ndalos destruyen ventanas de hogar de ancianos"},"content":{"rendered":"<p><strong>SAN ESTEBAN.-<\/strong> Una actitud completamente repudiable y deleznable, tuvo un grupo de sujetos que amparados en la oscuridad de la noche atacaron a pedradas el hogar de ancianos que Fundaci\u00f3n Mar\u00eda Dignifica mantiene en el parque La Ermita de la comuna de San Esteban.<br \/>\nLa Presidenta de la fundaci\u00f3n, Mar\u00eda Cleta Baeza, inform\u00f3 que el ataque se produjo pasadas las dos de la ma\u00f1ana del pasado lunes, cuando un grupo de sujetos que al parecer se drogaba y beb\u00eda alcohol en la derruida casona del parque se acerc\u00f3 hasta el hogar por un calle de servicio que hay al lado poniente desde donde comenzaron a lanzar vidrios.<br \/>\nLa presidenta se\u00f1al\u00f3 que en ese momento hab\u00eda dos cuidadoras en el hogar quienes sintieron p\u00e1nico por el ataque, toda vez que tienen a su cargo a 31 abuelitos, de los cuales dos sintieron las pedradas y trataron de levantarse. A ra\u00edz de los piedrazos resultaron da\u00f1ados los vidrios de los ventanales de una peque\u00f1a sala de estar contigua a la cocina y un corredor.<br \/>\nAparentemente la intenci\u00f3n de los sujetos era causar destrozos, toda vez que no hay indicios de que hayan saltado el cerco perimetral para ingresar a robar. \u201cLas chicas estaban solas y corrieron hacia una de las puertas pudiendo observar al menos a dos sujetos corriendo hacia el parque que incluso segu\u00edan lanzando piedras y all\u00ed llamaron a Carabineros, pero cuando ellos llegaron no encontraron a nadie. Yo habl\u00e9 con el Teniente Cornejo y me dijo que ellos estaban tratando de sacar a grupos de drogadictos que se meten al parque y la casona\u201d, relat\u00f3.<br \/>\nRecord\u00f3 que hace dos a\u00f1os, justamente para la Fiesta Huasa, desconocidos ingresaron al hogar y sustrajeron un generador, \u201cpero en este caso los piedrazos s\u00f3lo fueron para causar da\u00f1o y si bien se trata de un hecho aislado, recurrentemente las chicas siente carreras de j\u00f3venes y bulla en el parque\u201d.<br \/>\nManifest\u00f3 que a pesar de estar al frente de la plaza de la comuna se sienten un poco aislados debido a que faltan mayores rondas de Carabineros por el interior del parque durante las noches que es donde se juntan j\u00f3venes a beber y drogarse.<br \/>\nMar\u00eda Cleta Baeza afirm\u00f3 que estos hechos fueron puestos en conocimiento del Alcalde Ren\u00e9 Mardones a fin de que pudiera ayudarlos a reparar los da\u00f1os, \u201cpero lamentablemente no nos fue muy bien y no nos apoy\u00f3 en nada. Lamentablemente es un realidad\u201d.<br \/>\nLa presidenta record\u00f3 que con mucho esfuerzo mantienen este hogar que atiende a abuelitos de toda la provincia y solamente del municipio recibe un aporte anual de $2 millones y mensualmente los costos operacionales son de $6 millones. Agreg\u00f3 que esperan contar con mayor vigilancia de Carabineros durante las noches a fin de que estos hechos no se vuelvan a repetir.<\/p>\n<div class=\"tiled-gallery type-rectangular tiled-gallery-unresized\" data-original-width=\"640\" data-carousel-extra='null' itemscope itemtype=\"http:\/\/schema.org\/ImageGallery\" > <div class=\"gallery-row\" style=\"width: 640px; height: 283px;\" data-original-width=\"640\" data-original-height=\"283\" > <div class=\"gallery-group images-1\" style=\"width: 427px; height: 283px;\" data-original-width=\"427\" data-original-height=\"283\" > <div class=\"tiled-gallery-item tiled-gallery-item-large\" itemprop=\"associatedMedia\" itemscope itemtype=\"http:\/\/schema.org\/ImageObject\"> <a href=\"https:\/\/eltrabajo.cl\/portal\/a-pedradas-vandalos-destruyen-ventanas-de-hogar-de-ancianos\/ventana1-7\/\" border=\"0\" itemprop=\"url\"> <meta itemprop=\"width\" content=\"423\"> <meta itemprop=\"height\" content=\"279\"> <img decoding=\"async\" class=\"\" data-attachment-id=\"56091\" data-orig-file=\"https:\/\/eltrabajo.cl\/portal\/wp-content\/uploads\/2015\/02\/Ventana1.jpg\" data-orig-size=\"530,349\" data-comments-opened=\"1\" data-image-meta=\"{&quot;aperture&quot;:&quot;0&quot;,&quot;credit&quot;:&quot;&quot;,&quot;camera&quot;:&quot;&quot;,&quot;caption&quot;:&quot;&quot;,&quot;created_timestamp&quot;:&quot;0&quot;,&quot;copyright&quot;:&quot;&quot;,&quot;focal_length&quot;:&quot;0&quot;,&quot;iso&quot;:&quot;0&quot;,&quot;shutter_speed&quot;:&quot;0&quot;,&quot;title&quot;:&quot;&quot;,&quot;orientation&quot;:&quot;0&quot;}\" data-image-title=\"Ventana1\" data-image-description=\"&lt;p&gt;As\u00ed qued\u00f3 una de las ventanas del hogar de ancianos, luego que v\u00e1ndalos decidieran destruirla a pedradas.&lt;\/p&gt; \" data-medium-file=\"https:\/\/i0.wp.com\/eltrabajo.cl\/portal\/wp-content\/uploads\/2015\/02\/Ventana1.jpg?fit=300%2C198&#038;ssl=1\" data-large-file=\"https:\/\/i0.wp.com\/eltrabajo.cl\/portal\/wp-content\/uploads\/2015\/02\/Ventana1.jpg?fit=530%2C349&#038;ssl=1\" src=\"https:\/\/i0.wp.com\/eltrabajo.cl\/portal\/wp-content\/uploads\/2015\/02\/Ventana1.jpg?w=423&#038;h=279&#038;ssl=1\" srcset=\"https:\/\/i0.wp.com\/eltrabajo.cl\/portal\/wp-content\/uploads\/2015\/02\/Ventana1.jpg?w=530&amp;ssl=1 530w, https:\/\/i0.wp.com\/eltrabajo.cl\/portal\/wp-content\/uploads\/2015\/02\/Ventana1.jpg?resize=200%2C132&amp;ssl=1 200w, https:\/\/i0.wp.com\/eltrabajo.cl\/portal\/wp-content\/uploads\/2015\/02\/Ventana1.jpg?resize=300%2C198&amp;ssl=1 300w, https:\/\/i0.wp.com\/eltrabajo.cl\/portal\/wp-content\/uploads\/2015\/02\/Ventana1.jpg?resize=150%2C99&amp;ssl=1 150w, https:\/\/i0.wp.com\/eltrabajo.cl\/portal\/wp-content\/uploads\/2015\/02\/Ventana1.jpg?resize=400%2C263&amp;ssl=1 400w\" width=\"423\" height=\"279\" loading=\"lazy\" data-original-width=\"423\" data-original-height=\"279\" itemprop=\"http:\/\/schema.org\/image\" title=\"Ventana1\" alt=\"As\u00ed qued\u00f3 una de las ventanas del hogar de ancianos, luego que v\u00e1ndalos decidieran destruirla a pedradas.\" style=\"width: 423px; height: 279px;\" \/> <\/a> <div class=\"tiled-gallery-caption\" itemprop=\"caption description\"> As\u00ed qued\u00f3 una de las ventanas del hogar de ancianos, luego que v\u00e1ndalos decidieran destruirla a pedradas. <\/div> <\/div> <\/div> <!-- close group --> <div class=\"gallery-group images-2\" style=\"width: 213px; height: 283px;\" data-original-width=\"213\" data-original-height=\"283\" > <div class=\"tiled-gallery-item tiled-gallery-item-small\" itemprop=\"associatedMedia\" itemscope itemtype=\"http:\/\/schema.org\/ImageObject\"> <a href=\"https:\/\/eltrabajo.cl\/portal\/a-pedradas-vandalos-destruyen-ventanas-de-hogar-de-ancianos\/piedras1-3\/\" border=\"0\" itemprop=\"url\"> <meta itemprop=\"width\" content=\"209\"> <meta itemprop=\"height\" content=\"138\"> <img decoding=\"async\" class=\"\" data-attachment-id=\"56090\" data-orig-file=\"https:\/\/eltrabajo.cl\/portal\/wp-content\/uploads\/2015\/02\/Piedras1.jpg\" data-orig-size=\"530,349\" data-comments-opened=\"1\" data-image-meta=\"{&quot;aperture&quot;:&quot;0&quot;,&quot;credit&quot;:&quot;&quot;,&quot;camera&quot;:&quot;&quot;,&quot;caption&quot;:&quot;&quot;,&quot;created_timestamp&quot;:&quot;0&quot;,&quot;copyright&quot;:&quot;&quot;,&quot;focal_length&quot;:&quot;0&quot;,&quot;iso&quot;:&quot;0&quot;,&quot;shutter_speed&quot;:&quot;0&quot;,&quot;title&quot;:&quot;&quot;,&quot;orientation&quot;:&quot;0&quot;}\" data-image-title=\"Piedras1\" data-image-description=\"&lt;p&gt;Estas son alguna de las piedras con las que los cobardes atacaron el edificio.&lt;\/p&gt; \" data-medium-file=\"https:\/\/i0.wp.com\/eltrabajo.cl\/portal\/wp-content\/uploads\/2015\/02\/Piedras1.jpg?fit=300%2C198&#038;ssl=1\" data-large-file=\"https:\/\/i0.wp.com\/eltrabajo.cl\/portal\/wp-content\/uploads\/2015\/02\/Piedras1.jpg?fit=530%2C349&#038;ssl=1\" src=\"https:\/\/i0.wp.com\/eltrabajo.cl\/portal\/wp-content\/uploads\/2015\/02\/Piedras1.jpg?w=209&#038;h=138&#038;ssl=1\" srcset=\"https:\/\/i0.wp.com\/eltrabajo.cl\/portal\/wp-content\/uploads\/2015\/02\/Piedras1.jpg?w=530&amp;ssl=1 530w, https:\/\/i0.wp.com\/eltrabajo.cl\/portal\/wp-content\/uploads\/2015\/02\/Piedras1.jpg?resize=200%2C132&amp;ssl=1 200w, https:\/\/i0.wp.com\/eltrabajo.cl\/portal\/wp-content\/uploads\/2015\/02\/Piedras1.jpg?resize=300%2C198&amp;ssl=1 300w, https:\/\/i0.wp.com\/eltrabajo.cl\/portal\/wp-content\/uploads\/2015\/02\/Piedras1.jpg?resize=150%2C99&amp;ssl=1 150w, https:\/\/i0.wp.com\/eltrabajo.cl\/portal\/wp-content\/uploads\/2015\/02\/Piedras1.jpg?resize=400%2C263&amp;ssl=1 400w\" width=\"209\" height=\"138\" loading=\"lazy\" data-original-width=\"209\" data-original-height=\"138\" itemprop=\"http:\/\/schema.org\/image\" title=\"Piedras1\" alt=\"Estas son alguna de las piedras con las que los cobardes atacaron el edificio.\" style=\"width: 209px; height: 138px;\" \/> <\/a> <div class=\"tiled-gallery-caption\" itemprop=\"caption description\"> Estas son alguna de las piedras con las que los cobardes atacaron el edificio. <\/div> <\/div> <div class=\"tiled-gallery-item tiled-gallery-item-small\" itemprop=\"associatedMedia\" itemscope itemtype=\"http:\/\/schema.org\/ImageObject\"> <a href=\"https:\/\/eltrabajo.cl\/portal\/a-pedradas-vandalos-destruyen-ventanas-de-hogar-de-ancianos\/maria_cleta\/\" border=\"0\" itemprop=\"url\"> <meta itemprop=\"width\" content=\"209\"> <meta itemprop=\"height\" content=\"137\"> <img decoding=\"async\" class=\"\" data-attachment-id=\"56089\" data-orig-file=\"https:\/\/eltrabajo.cl\/portal\/wp-content\/uploads\/2015\/02\/maria_cleta.jpg\" data-orig-size=\"530,349\" data-comments-opened=\"1\" data-image-meta=\"{&quot;aperture&quot;:&quot;0&quot;,&quot;credit&quot;:&quot;&quot;,&quot;camera&quot;:&quot;&quot;,&quot;caption&quot;:&quot;&quot;,&quot;created_timestamp&quot;:&quot;0&quot;,&quot;copyright&quot;:&quot;&quot;,&quot;focal_length&quot;:&quot;0&quot;,&quot;iso&quot;:&quot;0&quot;,&quot;shutter_speed&quot;:&quot;0&quot;,&quot;title&quot;:&quot;&quot;,&quot;orientation&quot;:&quot;0&quot;}\" data-image-title=\"maria_cleta\" data-image-description=\"&lt;p&gt;Presidenta de Fundaci\u00f3n Mar\u00eda Dignifica, Mar\u00eda Cleta Baeza.&lt;\/p&gt; \" data-medium-file=\"https:\/\/i0.wp.com\/eltrabajo.cl\/portal\/wp-content\/uploads\/2015\/02\/maria_cleta.jpg?fit=300%2C198&#038;ssl=1\" data-large-file=\"https:\/\/i0.wp.com\/eltrabajo.cl\/portal\/wp-content\/uploads\/2015\/02\/maria_cleta.jpg?fit=530%2C349&#038;ssl=1\" src=\"https:\/\/i0.wp.com\/eltrabajo.cl\/portal\/wp-content\/uploads\/2015\/02\/maria_cleta.jpg?w=209&#038;h=137&#038;ssl=1\" srcset=\"https:\/\/i0.wp.com\/eltrabajo.cl\/portal\/wp-content\/uploads\/2015\/02\/maria_cleta.jpg?w=530&amp;ssl=1 530w, https:\/\/i0.wp.com\/eltrabajo.cl\/portal\/wp-content\/uploads\/2015\/02\/maria_cleta.jpg?resize=200%2C132&amp;ssl=1 200w, https:\/\/i0.wp.com\/eltrabajo.cl\/portal\/wp-content\/uploads\/2015\/02\/maria_cleta.jpg?resize=300%2C198&amp;ssl=1 300w, https:\/\/i0.wp.com\/eltrabajo.cl\/portal\/wp-content\/uploads\/2015\/02\/maria_cleta.jpg?resize=150%2C99&amp;ssl=1 150w, https:\/\/i0.wp.com\/eltrabajo.cl\/portal\/wp-content\/uploads\/2015\/02\/maria_cleta.jpg?resize=400%2C263&amp;ssl=1 400w\" width=\"209\" height=\"137\" loading=\"lazy\" data-original-width=\"209\" data-original-height=\"137\" itemprop=\"http:\/\/schema.org\/image\" title=\"maria_cleta\" alt=\"Presidenta de Fundaci\u00f3n Mar\u00eda Dignifica, Mar\u00eda Cleta Baeza.\" style=\"width: 209px; height: 137px;\" \/> <\/a> <div class=\"tiled-gallery-caption\" itemprop=\"caption description\"> Presidenta de Fundaci\u00f3n Mar\u00eda Dignifica, Mar\u00eda Cleta Baeza. <\/div> <\/div> <\/div> <!-- close group --> <\/div> <!-- close row --> <\/div>\n","protected":false},"excerpt":{"rendered":"<p>SAN ESTEBAN.- Una actitud completamente repudiable y deleznable, tuvo un grupo de sujetos que amparados en la oscuridad de la noche atacaron a pedradas el hogar de ancianos que Fundaci\u00f3n Mar\u00eda Dignifica&#8230;<\/p>\n","protected":false},"author":1,"featured_media":56091,"comment_status":"open","ping_status":"open","sticky":false,"template":"","format":"standard","meta":{"advanced_seo_description":"","jetpack_seo_html_title":"","jetpack_seo_noindex":false,"_jetpack_memberships_contains_paid_content":false,"footnotes":""},"categories":[15],"tags":[],"class_list":["post-56088","post","type-post","status-publish","format-standard","has-post-thumbnail","hentry","category-comunidad"],"jetpack_featured_media_url":"https:\/\/i0.wp.com\/eltrabajo.cl\/portal\/wp-content\/uploads\/2015\/02\/Ventana1.jpg?fit=530%2C349&ssl=1","jetpack_sharing_enabled":true,"jetpack_likes_enabled":true,"jetpack-related-posts":[],"_links":{"self":[{"href":"https:\/\/eltrabajo.cl\/portal\/wp-json\/wp\/v2\/posts\/56088","targetHints":{"allow":["GET"]}}],"collection":[{"href":"https:\/\/eltrabajo.cl\/portal\/wp-json\/wp\/v2\/posts"}],"about":[{"href":"https:\/\/eltrabajo.cl\/portal\/wp-json\/wp\/v2\/types\/post"}],"author":[{"embeddable":true,"href":"https:\/\/eltrabajo.cl\/portal\/wp-json\/wp\/v2\/users\/1"}],"replies":[{"embeddable":true,"href":"https:\/\/eltrabajo.cl\/portal\/wp-json\/wp\/v2\/comments?post=56088"}],"version-history":[{"count":0,"href":"https:\/\/eltrabajo.cl\/portal\/wp-json\/wp\/v2\/posts\/56088\/revisions"}],"wp:featuredmedia":[{"embeddable":true,"href":"https:\/\/eltrabajo.cl\/portal\/wp-json\/wp\/v2\/media\/56091"}],"wp:attachment":[{"href":"https:\/\/eltrabajo.cl\/portal\/wp-json\/wp\/v2\/media?parent=56088"}],"wp:term":[{"taxonomy":"category","embeddable":true,"href":"https:\/\/eltrabajo.cl\/portal\/wp-json\/wp\/v2\/categories?post=56088"},{"taxonomy":"post_tag","embeddable":true,"href":"https:\/\/eltrabajo.cl\/portal\/wp-json\/wp\/v2\/tags?post=56088"}],"curies":[{"name":"wp","href":"https:\/\/api.w.org\/{rel}","templated":true}]}}