{"id":56101,"date":"2015-02-13T08:47:00","date_gmt":"2015-02-13T11:47:00","guid":{"rendered":"http:\/\/www.eltrabajo.cl\/portal\/?p=56101"},"modified":"2015-02-13T08:47:00","modified_gmt":"2015-02-13T11:47:00","slug":"coipos-estan-muriendo-por-la-sequia-en-el-valle-de-aconcagua","status":"publish","type":"post","link":"https:\/\/eltrabajo.cl\/portal\/coipos-estan-muriendo-por-la-sequia-en-el-valle-de-aconcagua\/","title":{"rendered":"Coipos est\u00e1n muriendo por la sequ\u00eda en el Valle de Aconcagua"},"content":{"rendered":"<p><strong>LLAY LLAY.-<\/strong> Este jueves se reuni\u00f3 el Gobernador Eduardo Le\u00f3n con miembros de la comisi\u00f3n Defensa del Agua de Las Palmas de Llay Llay, para iniciar un trabajo coordinado en busca de enfrentar la sequ\u00eda que afecta al sector y que ha influido, incluso, en la desaparici\u00f3n de flora y fauna de la zona, lo que ha sido catalogado por los vecinos y autoridades como preocupante.<br \/>\nAnte esto, Le\u00f3n se\u00f1al\u00f3 que la situaci\u00f3n en el sector es grave, y que debido al aviso de estos vecinos se podr\u00e1n iniciar trabajos buscando una soluci\u00f3n para la zona.<br \/>\nEl jefe provincial manifest\u00f3 que \u201cagradezco a los vecinos de Las Palmas por acercarse a contarnos este problema que afecta a la fauna nativa. Hay algunos coipos que est\u00e1n desapareciendo por la falta de agua, misma situaci\u00f3n que se replica con algunos quiques. Estamos trabajando coordinadamente buscando entregarles una respuesta favorable\u201d.<br \/>\nPor su parte Karina Oliva, Coordinadora de \u2018El Viento Clama por Agua\u2019, comisi\u00f3n creada en Las Palmas para afrontar esta escasez h\u00eddrica, manifest\u00f3 que \u201cqueremos visibilizar la dr\u00e1stica situaci\u00f3n que estamos viviendo ac\u00e1 con el d\u00e9ficit h\u00eddrico\u201d.<br \/>\nEn este sentido, Le\u00f3n asegur\u00f3 que notific\u00f3 al Servicio Agr\u00edcola y Ganadero (SAG) para que verifiquen los da\u00f1os que la sequ\u00eda ha ocasionado en la flora y fauna en Llay Llay, y al MOP, para que inicie un monitoreo de los pozos que funcionan en la comuna.<\/p>\n<div class=\"tiled-gallery type-rectangular tiled-gallery-unresized\" data-original-width=\"640\" data-carousel-extra='null' itemscope itemtype=\"http:\/\/schema.org\/ImageGallery\" > <div class=\"gallery-row\" style=\"width: 640px; height: 213px;\" data-original-width=\"640\" data-original-height=\"213\" > <div class=\"gallery-group images-1\" style=\"width: 320px; height: 213px;\" data-original-width=\"320\" data-original-height=\"213\" > <div class=\"tiled-gallery-item tiled-gallery-item-large\" itemprop=\"associatedMedia\" itemscope itemtype=\"http:\/\/schema.org\/ImageObject\"> <a href=\"https:\/\/eltrabajo.cl\/portal\/coipos-estan-muriendo-por-la-sequia-en-el-valle-de-aconcagua\/coipo-1\/\" border=\"0\" itemprop=\"url\"> <meta itemprop=\"width\" content=\"316\"> <meta itemprop=\"height\" content=\"209\"> <img decoding=\"async\" class=\"\" data-attachment-id=\"56102\" data-orig-file=\"https:\/\/eltrabajo.cl\/portal\/wp-content\/uploads\/2015\/02\/coipo-1.jpg\" data-orig-size=\"530,350\" data-comments-opened=\"1\" data-image-meta=\"{&quot;aperture&quot;:&quot;0&quot;,&quot;credit&quot;:&quot;&quot;,&quot;camera&quot;:&quot;&quot;,&quot;caption&quot;:&quot;&quot;,&quot;created_timestamp&quot;:&quot;0&quot;,&quot;copyright&quot;:&quot;&quot;,&quot;focal_length&quot;:&quot;0&quot;,&quot;iso&quot;:&quot;0&quot;,&quot;shutter_speed&quot;:&quot;0&quot;,&quot;title&quot;:&quot;&quot;,&quot;orientation&quot;:&quot;0&quot;}\" data-image-title=\"coipo 1\" data-image-description=\"&lt;p&gt;El Coipo es un animal que vive preferentemente en humedales, por lo que la situaci\u00f3n de escasez h\u00eddrica les est\u00e1 afectando dram\u00e1ticamente, al punto que algunos de ellos est\u00e1n desapareciendo.&lt;\/p&gt; \" data-medium-file=\"https:\/\/i0.wp.com\/eltrabajo.cl\/portal\/wp-content\/uploads\/2015\/02\/coipo-1.jpg?fit=300%2C198&#038;ssl=1\" data-large-file=\"https:\/\/i0.wp.com\/eltrabajo.cl\/portal\/wp-content\/uploads\/2015\/02\/coipo-1.jpg?fit=530%2C350&#038;ssl=1\" src=\"https:\/\/i0.wp.com\/eltrabajo.cl\/portal\/wp-content\/uploads\/2015\/02\/coipo-1.jpg?w=316&#038;h=209&#038;ssl=1\" srcset=\"https:\/\/i0.wp.com\/eltrabajo.cl\/portal\/wp-content\/uploads\/2015\/02\/coipo-1.jpg?w=530&amp;ssl=1 530w, https:\/\/i0.wp.com\/eltrabajo.cl\/portal\/wp-content\/uploads\/2015\/02\/coipo-1.jpg?resize=200%2C132&amp;ssl=1 200w, https:\/\/i0.wp.com\/eltrabajo.cl\/portal\/wp-content\/uploads\/2015\/02\/coipo-1.jpg?resize=300%2C198&amp;ssl=1 300w, https:\/\/i0.wp.com\/eltrabajo.cl\/portal\/wp-content\/uploads\/2015\/02\/coipo-1.jpg?resize=150%2C99&amp;ssl=1 150w, https:\/\/i0.wp.com\/eltrabajo.cl\/portal\/wp-content\/uploads\/2015\/02\/coipo-1.jpg?resize=400%2C264&amp;ssl=1 400w\" width=\"316\" height=\"209\" loading=\"lazy\" data-original-width=\"316\" data-original-height=\"209\" itemprop=\"http:\/\/schema.org\/image\" title=\"coipo 1\" alt=\"El Coipo es un animal que vive preferentemente en humedales, por lo que la situaci\u00f3n de escasez h\u00eddrica les est\u00e1 afectando dram\u00e1ticamente, al punto que algunos de ellos est\u00e1n desapareciendo.\" style=\"width: 316px; height: 209px;\" \/> <\/a> <div class=\"tiled-gallery-caption\" itemprop=\"caption description\"> El Coipo es un animal que vive preferentemente en humedales, por lo que la situaci\u00f3n de escasez h\u00eddrica les est\u00e1 afectando dram\u00e1ticamente, al punto que algunos de ellos est\u00e1n desapareciendo. <\/div> <\/div> <\/div> <!-- close group --> <div class=\"gallery-group images-1\" style=\"width: 320px; height: 213px;\" data-original-width=\"320\" data-original-height=\"213\" > <div class=\"tiled-gallery-item tiled-gallery-item-large\" itemprop=\"associatedMedia\" itemscope itemtype=\"http:\/\/schema.org\/ImageObject\"> <a href=\"https:\/\/eltrabajo.cl\/portal\/coipos-estan-muriendo-por-la-sequia-en-el-valle-de-aconcagua\/visita1-16\/\" border=\"0\" itemprop=\"url\"> <meta itemprop=\"width\" content=\"316\"> <meta itemprop=\"height\" content=\"209\"> <img decoding=\"async\" class=\"\" data-attachment-id=\"56103\" data-orig-file=\"https:\/\/eltrabajo.cl\/portal\/wp-content\/uploads\/2015\/02\/Visita1.jpg\" data-orig-size=\"530,350\" data-comments-opened=\"1\" data-image-meta=\"{&quot;aperture&quot;:&quot;0&quot;,&quot;credit&quot;:&quot;&quot;,&quot;camera&quot;:&quot;&quot;,&quot;caption&quot;:&quot;&quot;,&quot;created_timestamp&quot;:&quot;0&quot;,&quot;copyright&quot;:&quot;&quot;,&quot;focal_length&quot;:&quot;0&quot;,&quot;iso&quot;:&quot;0&quot;,&quot;shutter_speed&quot;:&quot;0&quot;,&quot;title&quot;:&quot;&quot;,&quot;orientation&quot;:&quot;0&quot;}\" data-image-title=\"Visita1\" data-image-description=\"&lt;p&gt;Karina Oliva, Coordinadora de \u2018El Viento clama por agua\u2019, se reuni\u00f3 este jueves con el Gobernador Eduardo Le\u00f3n y otros con miembros de la comisi\u00f3n Defensa del Agua de Las Palmas de Llay Llay.&lt;\/p&gt; \" data-medium-file=\"https:\/\/i0.wp.com\/eltrabajo.cl\/portal\/wp-content\/uploads\/2015\/02\/Visita1.jpg?fit=300%2C198&#038;ssl=1\" data-large-file=\"https:\/\/i0.wp.com\/eltrabajo.cl\/portal\/wp-content\/uploads\/2015\/02\/Visita1.jpg?fit=530%2C350&#038;ssl=1\" src=\"https:\/\/i0.wp.com\/eltrabajo.cl\/portal\/wp-content\/uploads\/2015\/02\/Visita1.jpg?w=316&#038;h=209&#038;ssl=1\" srcset=\"https:\/\/i0.wp.com\/eltrabajo.cl\/portal\/wp-content\/uploads\/2015\/02\/Visita1.jpg?w=530&amp;ssl=1 530w, https:\/\/i0.wp.com\/eltrabajo.cl\/portal\/wp-content\/uploads\/2015\/02\/Visita1.jpg?resize=200%2C132&amp;ssl=1 200w, https:\/\/i0.wp.com\/eltrabajo.cl\/portal\/wp-content\/uploads\/2015\/02\/Visita1.jpg?resize=300%2C198&amp;ssl=1 300w, https:\/\/i0.wp.com\/eltrabajo.cl\/portal\/wp-content\/uploads\/2015\/02\/Visita1.jpg?resize=150%2C99&amp;ssl=1 150w, https:\/\/i0.wp.com\/eltrabajo.cl\/portal\/wp-content\/uploads\/2015\/02\/Visita1.jpg?resize=400%2C264&amp;ssl=1 400w\" width=\"316\" height=\"209\" loading=\"lazy\" data-original-width=\"316\" data-original-height=\"209\" itemprop=\"http:\/\/schema.org\/image\" title=\"Visita1\" alt=\"Karina Oliva, Coordinadora de \u2018El Viento clama por agua\u2019, se reuni\u00f3 este jueves con el Gobernador Eduardo Le\u00f3n y otros con miembros de la comisi\u00f3n Defensa del Agua de Las Palmas de Llay Llay.\" style=\"width: 316px; height: 209px;\" \/> <\/a> <div class=\"tiled-gallery-caption\" itemprop=\"caption description\"> Karina Oliva, Coordinadora de \u2018El Viento clama por agua\u2019, se reuni\u00f3 este jueves con el Gobernador Eduardo Le\u00f3n y otros con miembros de la comisi\u00f3n Defensa del Agua de Las Palmas de Llay Llay. <\/div> <\/div> <\/div> <!-- close group --> <\/div> <!-- close row --> <\/div>\n","protected":false},"excerpt":{"rendered":"<p>LLAY LLAY.- Este jueves se reuni\u00f3 el Gobernador Eduardo Le\u00f3n con miembros de la comisi\u00f3n Defensa del Agua de Las Palmas de Llay Llay, para iniciar un trabajo coordinado en busca de&#8230;<\/p>\n","protected":false},"author":1,"featured_media":56102,"comment_status":"open","ping_status":"open","sticky":false,"template":"","format":"standard","meta":{"advanced_seo_description":"","jetpack_seo_html_title":"","jetpack_seo_noindex":false,"_jetpack_memberships_contains_paid_content":false,"footnotes":""},"categories":[15],"tags":[],"class_list":["post-56101","post","type-post","status-publish","format-standard","has-post-thumbnail","hentry","category-comunidad"],"jetpack_featured_media_url":"https:\/\/i0.wp.com\/eltrabajo.cl\/portal\/wp-content\/uploads\/2015\/02\/coipo-1.jpg?fit=530%2C350&ssl=1","jetpack_sharing_enabled":true,"jetpack_likes_enabled":true,"jetpack-related-posts":[],"_links":{"self":[{"href":"https:\/\/eltrabajo.cl\/portal\/wp-json\/wp\/v2\/posts\/56101","targetHints":{"allow":["GET"]}}],"collection":[{"href":"https:\/\/eltrabajo.cl\/portal\/wp-json\/wp\/v2\/posts"}],"about":[{"href":"https:\/\/eltrabajo.cl\/portal\/wp-json\/wp\/v2\/types\/post"}],"author":[{"embeddable":true,"href":"https:\/\/eltrabajo.cl\/portal\/wp-json\/wp\/v2\/users\/1"}],"replies":[{"embeddable":true,"href":"https:\/\/eltrabajo.cl\/portal\/wp-json\/wp\/v2\/comments?post=56101"}],"version-history":[{"count":0,"href":"https:\/\/eltrabajo.cl\/portal\/wp-json\/wp\/v2\/posts\/56101\/revisions"}],"wp:featuredmedia":[{"embeddable":true,"href":"https:\/\/eltrabajo.cl\/portal\/wp-json\/wp\/v2\/media\/56102"}],"wp:attachment":[{"href":"https:\/\/eltrabajo.cl\/portal\/wp-json\/wp\/v2\/media?parent=56101"}],"wp:term":[{"taxonomy":"category","embeddable":true,"href":"https:\/\/eltrabajo.cl\/portal\/wp-json\/wp\/v2\/categories?post=56101"},{"taxonomy":"post_tag","embeddable":true,"href":"https:\/\/eltrabajo.cl\/portal\/wp-json\/wp\/v2\/tags?post=56101"}],"curies":[{"name":"wp","href":"https:\/\/api.w.org\/{rel}","templated":true}]}}