{"id":56146,"date":"2015-02-16T08:59:16","date_gmt":"2015-02-16T11:59:16","guid":{"rendered":"http:\/\/www.eltrabajo.cl\/portal\/?p=56146"},"modified":"2015-02-16T09:00:42","modified_gmt":"2015-02-16T12:00:42","slug":"piden-a-dga-fiscalizar-intervencion-de-anglo-american-en-estero-riecillos","status":"publish","type":"post","link":"https:\/\/eltrabajo.cl\/portal\/piden-a-dga-fiscalizar-intervencion-de-anglo-american-en-estero-riecillos\/","title":{"rendered":"Piden a DGA fiscalizar intervenci\u00f3n Anglo American en Estero Riecillos"},"content":{"rendered":"<figure id=\"attachment_56147\" aria-describedby=\"caption-attachment-56147\" style=\"width: 300px\" class=\"wp-caption alignleft\"><a href=\"http:\/\/www.eltrabajo.cl\/portal\/2015\/02\/piden-a-dga-fiscalizar-intervencion-de-anglo-american-en-estero-riecillos\/alcalde-mardones-2\/\" rel=\"attachment wp-att-56147\"><img data-recalc-dims=\"1\" loading=\"lazy\" decoding=\"async\" class=\"size-medium wp-image-56147\" src=\"https:\/\/i0.wp.com\/www.eltrabajo.cl\/portal\/wp-content\/uploads\/2015\/02\/Alcalde-mardones-300x197.jpg?resize=300%2C197\" alt=\"El Alcalde de la comuna de San Esteban, Ren\u00e9 Mardones, entreg\u00f3 antecedentes a la Direcci\u00f3n General de Aguas respecto a la intervenci\u00f3n ilegal que estar\u00eda realizando la empresa Anglo American del cauce de Estero Riecillos, afluente de R\u00edo Aconcagua.\" width=\"300\" height=\"197\" srcset=\"https:\/\/i0.wp.com\/eltrabajo.cl\/portal\/wp-content\/uploads\/2015\/02\/Alcalde-mardones.jpg?resize=300%2C197&amp;ssl=1 300w, https:\/\/i0.wp.com\/eltrabajo.cl\/portal\/wp-content\/uploads\/2015\/02\/Alcalde-mardones.jpg?resize=200%2C131&amp;ssl=1 200w, https:\/\/i0.wp.com\/eltrabajo.cl\/portal\/wp-content\/uploads\/2015\/02\/Alcalde-mardones.jpg?resize=150%2C98&amp;ssl=1 150w, https:\/\/i0.wp.com\/eltrabajo.cl\/portal\/wp-content\/uploads\/2015\/02\/Alcalde-mardones.jpg?resize=400%2C263&amp;ssl=1 400w, https:\/\/i0.wp.com\/eltrabajo.cl\/portal\/wp-content\/uploads\/2015\/02\/Alcalde-mardones.jpg?w=530&amp;ssl=1 530w\" sizes=\"auto, (max-width: 300px) 100vw, 300px\" \/><\/a><figcaption id=\"caption-attachment-56147\" class=\"wp-caption-text\">El Alcalde de la comuna de San Esteban, Ren\u00e9 Mardones, entreg\u00f3 antecedentes a la Direcci\u00f3n General de Aguas respecto a la intervenci\u00f3n ilegal que estar\u00eda realizando la empresa Anglo American del cauce de Estero Riecillos, afluente de R\u00edo Aconcagua.<\/figcaption><\/figure>\n<p><strong>SAN ESTEBAN.-<\/strong> El Alcalde de la comuna de San Esteban, Ren\u00e9 Mardones, entreg\u00f3 antecedentes a la Direcci\u00f3n General de Aguas respecto a la intervenci\u00f3n ilegal que estar\u00eda realizando la empresa Anglo American del cauce de Estero Riecillos, afluente de R\u00edo Aconcagua.<br \/>\nMardones sostuvo que ante una situaci\u00f3n de sequ\u00eda y escasez h\u00eddrica como la que hoy se vive en todo el Valle de Aconcagua, resulta inaceptable que una minera se encuentre efectuando una intervenci\u00f3n del cauce del estero, el cual ya casi no lleva agua y que estar\u00eda trasladando a sus faenas en la regi\u00f3n metropolitana.<br \/>\n\u201cNosotros le pedimos a la DGA que fiscalice esta situaci\u00f3n an\u00f3mala, porque yo no s\u00e9 con qu\u00e9 permiso est\u00e1 funcionando Anglo American para sacar agua de una cuenca a otra, porque esta agua la est\u00e1n bombeando a trav\u00e9s de tres plantas hacia el sector de Los Bronces en la regi\u00f3n metropolitana, entonces yo hago un llamado a las autoridades para que investiguen esta situaci\u00f3n y que se refleja en el poco volumen de agua que trae el r\u00edo\u201d, expuso el edil.<br \/>\nMardones expuso adem\u00e1s, la situaci\u00f3n que afecta Estero San Francisco, en donde hay una desviaci\u00f3n del cauce por parte de algunos particulares, quienes tambi\u00e9n fueron denunciados ante la DGA, \u201cya que los peque\u00f1os parceleros no est\u00e1n pudiendo regar debido a esta situaci\u00f3n an\u00f3mala que se est\u00e1 produciendo arriba en donde nace el estero, por lo tanto esperemos que se fiscalice para optimizar el recurso h\u00eddrico\u201d.<br \/>\nAgreg\u00f3 que la DGA estaba esperando la denuncia formal para poder llevar adelante esta fiscalizaci\u00f3n, \u201cporque aqu\u00ed se le est\u00e1 dando un muy mal uso al agua por parte de Anglo American y por el otro lado en Estero San Francisco, en donde no estar\u00eda llegando el agua a los peque\u00f1os parceleros\u201d. Mardones dijo que si esto contin\u00faa, se podr\u00eda ver afectado el agua para el consumo humano, por lo que insisti\u00f3 en que la DGA debe intervenir.<\/p>\n","protected":false},"excerpt":{"rendered":"<p>SAN ESTEBAN.- El Alcalde de la comuna de San Esteban, Ren\u00e9 Mardones, entreg\u00f3 antecedentes a la Direcci\u00f3n General de Aguas respecto a la intervenci\u00f3n ilegal que estar\u00eda realizando la empresa Anglo American&#8230;<\/p>\n","protected":false},"author":1,"featured_media":56147,"comment_status":"open","ping_status":"open","sticky":false,"template":"","format":"standard","meta":{"advanced_seo_description":"","jetpack_seo_html_title":"","jetpack_seo_noindex":false,"_jetpack_memberships_contains_paid_content":false,"footnotes":""},"categories":[15],"tags":[],"class_list":["post-56146","post","type-post","status-publish","format-standard","has-post-thumbnail","hentry","category-comunidad"],"jetpack_featured_media_url":"https:\/\/i0.wp.com\/eltrabajo.cl\/portal\/wp-content\/uploads\/2015\/02\/Alcalde-mardones.jpg?fit=530%2C348&ssl=1","jetpack_sharing_enabled":true,"jetpack_likes_enabled":true,"jetpack-related-posts":[],"_links":{"self":[{"href":"https:\/\/eltrabajo.cl\/portal\/wp-json\/wp\/v2\/posts\/56146","targetHints":{"allow":["GET"]}}],"collection":[{"href":"https:\/\/eltrabajo.cl\/portal\/wp-json\/wp\/v2\/posts"}],"about":[{"href":"https:\/\/eltrabajo.cl\/portal\/wp-json\/wp\/v2\/types\/post"}],"author":[{"embeddable":true,"href":"https:\/\/eltrabajo.cl\/portal\/wp-json\/wp\/v2\/users\/1"}],"replies":[{"embeddable":true,"href":"https:\/\/eltrabajo.cl\/portal\/wp-json\/wp\/v2\/comments?post=56146"}],"version-history":[{"count":0,"href":"https:\/\/eltrabajo.cl\/portal\/wp-json\/wp\/v2\/posts\/56146\/revisions"}],"wp:featuredmedia":[{"embeddable":true,"href":"https:\/\/eltrabajo.cl\/portal\/wp-json\/wp\/v2\/media\/56147"}],"wp:attachment":[{"href":"https:\/\/eltrabajo.cl\/portal\/wp-json\/wp\/v2\/media?parent=56146"}],"wp:term":[{"taxonomy":"category","embeddable":true,"href":"https:\/\/eltrabajo.cl\/portal\/wp-json\/wp\/v2\/categories?post=56146"},{"taxonomy":"post_tag","embeddable":true,"href":"https:\/\/eltrabajo.cl\/portal\/wp-json\/wp\/v2\/tags?post=56146"}],"curies":[{"name":"wp","href":"https:\/\/api.w.org\/{rel}","templated":true}]}}