{"id":56186,"date":"2015-02-18T08:37:36","date_gmt":"2015-02-18T11:37:36","guid":{"rendered":"http:\/\/www.eltrabajo.cl\/portal\/?p=56186"},"modified":"2015-02-18T08:37:40","modified_gmt":"2015-02-18T11:37:40","slug":"vecina-de-campamento-olegario-contreras-recibe-su-casa-propia","status":"publish","type":"post","link":"https:\/\/eltrabajo.cl\/portal\/vecina-de-campamento-olegario-contreras-recibe-su-casa-propia\/","title":{"rendered":"Vecina de Campamento Olegario Contreras recibe su casa propia"},"content":{"rendered":"<p><strong>PANQUEHUE.-<\/strong> Emocionada y muy agradecida se mostr\u00f3 Susana Valdivia, propietaria de la primera vivienda que se hace entrega a vecinos de Panquehue y que resid\u00edan al sector de Campamento Olegario Contreras.<br \/>\nEsta posibilidad se gest\u00f3 luego de que en el mes de julio del a\u00f1o pasado, el Gobernador Eduardo Le\u00f3n recibiera a las familias de este campamento, quienes buscaban una soluci\u00f3n habitacional, iniciando as\u00ed una mesa de trabajo con las distintas entidades p\u00fablicas y privadas, con el objetivo de generar acciones coordinadas y eficientes en beneficio de estos vecinos, quienes deber\u00e1n abandonar este asentamiento irregular por la construcci\u00f3n de la Ruta 60 CH.<br \/>\nEl sue\u00f1o de esta mujer se materializ\u00f3 este martes, cuando las autoridades<br \/>\ny representantes de otras instituciones llegaron hasta Poblaci\u00f3n Bulnes en el sector de La Pirca, para materializar el sue\u00f1o de Susana.<br \/>\n\u201cEstoy muy contenta. Esto significa mucho, yo nunca hab\u00eda tenido una casa y ahora la tengo gracias a las autoridades. Yo viv\u00ed como trece a\u00f1os en el campamento con todos mis familiares, pero ahora tendr\u00e9 otras comodidades\u201d, se\u00f1al\u00f3 la beneficiada.<br \/>\nPor su parte Le\u00f3n, destac\u00f3 que \u201chace seis meses iniciamos una fuerte coordinaci\u00f3n de trabajo de los servicios p\u00fablicos con el municipio, tambi\u00e9n con la empresa constructora de la carretera, para poder sacar a esta gente de buena manera. Tal como dijimos, quer\u00edamos que salieran con dignidad. La se\u00f1ora Susana escogi\u00f3 su vivienda, por lo que est\u00e1 muy feliz\u201d.<br \/>\nAsimismo, la m\u00e1xima autoridad provincial manifest\u00f3 que se ha realizado un esfuerzo conjunto donde la gobernaci\u00f3n puso toda su disposici\u00f3n y el trabajo gestionado para facilitar las metas comprometidas con las familias. En tanto, el Director Regional de Serviu, Nelson Bas\u00e1ez, se mostr\u00f3 contento con la actividad, se\u00f1alando que \u201cesta es una tremenda alegr\u00eda tambi\u00e9n para nosotros como equipo Serviu-Minvu, porque gratamente vemos el resultado de un proceso\u201d.<br \/>\nEn rigor, son trece las familias que resid\u00edan en este campamento, tres de ellas ya lo dejaron definitivamente y nueve son las que a\u00fan buscan una soluci\u00f3n habitacional, a la que las autoridades comprometieron darle una soluci\u00f3n a la brevedad, tal como a la se\u00f1ora Susana Valdivia.<\/p>\n<figure id=\"attachment_56187\" aria-describedby=\"caption-attachment-56187\" style=\"width: 530px\" class=\"wp-caption alignleft\"><a href=\"http:\/\/www.eltrabajo.cl\/portal\/2015\/02\/vecina-de-campamento-olegario-contreras-recibe-su-casa-propia\/casita1-7\/\" rel=\"attachment wp-att-56187\"><img data-recalc-dims=\"1\" loading=\"lazy\" decoding=\"async\" class=\"size-full wp-image-56187\" src=\"https:\/\/i0.wp.com\/www.eltrabajo.cl\/portal\/wp-content\/uploads\/2015\/02\/Casita1.jpg?resize=530%2C350\" alt=\"El sue\u00f1o de esta mujer se materializ\u00f3 este martes, cuando las autoridades y representantes de otras instituciones llegaron hasta Poblaci\u00f3n Bulnes en el sector de La Pirca, para materializar el sue\u00f1o de Susana.\" width=\"530\" height=\"350\" srcset=\"https:\/\/i0.wp.com\/eltrabajo.cl\/portal\/wp-content\/uploads\/2015\/02\/Casita1.jpg?w=530&amp;ssl=1 530w, https:\/\/i0.wp.com\/eltrabajo.cl\/portal\/wp-content\/uploads\/2015\/02\/Casita1.jpg?resize=200%2C132&amp;ssl=1 200w, https:\/\/i0.wp.com\/eltrabajo.cl\/portal\/wp-content\/uploads\/2015\/02\/Casita1.jpg?resize=300%2C198&amp;ssl=1 300w, https:\/\/i0.wp.com\/eltrabajo.cl\/portal\/wp-content\/uploads\/2015\/02\/Casita1.jpg?resize=150%2C99&amp;ssl=1 150w, https:\/\/i0.wp.com\/eltrabajo.cl\/portal\/wp-content\/uploads\/2015\/02\/Casita1.jpg?resize=400%2C264&amp;ssl=1 400w\" sizes=\"auto, (max-width: 530px) 100vw, 530px\" \/><\/a><figcaption id=\"caption-attachment-56187\" class=\"wp-caption-text\">El sue\u00f1o de esta mujer se materializ\u00f3 este martes, cuando las autoridades y representantes de otras instituciones llegaron hasta Poblaci\u00f3n Bulnes en el sector de La Pirca, para materializar el sue\u00f1o de Susana.<\/figcaption><\/figure>\n","protected":false},"excerpt":{"rendered":"<p>PANQUEHUE.- Emocionada y muy agradecida se mostr\u00f3 Susana Valdivia, propietaria de la primera vivienda que se hace entrega a vecinos de Panquehue y que resid\u00edan al sector de Campamento Olegario Contreras. Esta&#8230;<\/p>\n","protected":false},"author":1,"featured_media":56187,"comment_status":"open","ping_status":"open","sticky":false,"template":"","format":"standard","meta":{"advanced_seo_description":"","jetpack_seo_html_title":"","jetpack_seo_noindex":false,"_jetpack_memberships_contains_paid_content":false,"footnotes":""},"categories":[15],"tags":[],"class_list":["post-56186","post","type-post","status-publish","format-standard","has-post-thumbnail","hentry","category-comunidad"],"jetpack_featured_media_url":"https:\/\/i0.wp.com\/eltrabajo.cl\/portal\/wp-content\/uploads\/2015\/02\/Casita1.jpg?fit=530%2C350&ssl=1","jetpack_sharing_enabled":true,"jetpack_likes_enabled":true,"jetpack-related-posts":[],"_links":{"self":[{"href":"https:\/\/eltrabajo.cl\/portal\/wp-json\/wp\/v2\/posts\/56186","targetHints":{"allow":["GET"]}}],"collection":[{"href":"https:\/\/eltrabajo.cl\/portal\/wp-json\/wp\/v2\/posts"}],"about":[{"href":"https:\/\/eltrabajo.cl\/portal\/wp-json\/wp\/v2\/types\/post"}],"author":[{"embeddable":true,"href":"https:\/\/eltrabajo.cl\/portal\/wp-json\/wp\/v2\/users\/1"}],"replies":[{"embeddable":true,"href":"https:\/\/eltrabajo.cl\/portal\/wp-json\/wp\/v2\/comments?post=56186"}],"version-history":[{"count":0,"href":"https:\/\/eltrabajo.cl\/portal\/wp-json\/wp\/v2\/posts\/56186\/revisions"}],"wp:featuredmedia":[{"embeddable":true,"href":"https:\/\/eltrabajo.cl\/portal\/wp-json\/wp\/v2\/media\/56187"}],"wp:attachment":[{"href":"https:\/\/eltrabajo.cl\/portal\/wp-json\/wp\/v2\/media?parent=56186"}],"wp:term":[{"taxonomy":"category","embeddable":true,"href":"https:\/\/eltrabajo.cl\/portal\/wp-json\/wp\/v2\/categories?post=56186"},{"taxonomy":"post_tag","embeddable":true,"href":"https:\/\/eltrabajo.cl\/portal\/wp-json\/wp\/v2\/tags?post=56186"}],"curies":[{"name":"wp","href":"https:\/\/api.w.org\/{rel}","templated":true}]}}