{"id":56220,"date":"2015-02-18T08:57:03","date_gmt":"2015-02-18T11:57:03","guid":{"rendered":"http:\/\/www.eltrabajo.cl\/portal\/?p=56220"},"modified":"2015-02-18T08:57:03","modified_gmt":"2015-02-18T11:57:03","slug":"jauria-de-agresivos-perros-muerde-a-motociclista-en-calle-san-martin","status":"publish","type":"post","link":"https:\/\/eltrabajo.cl\/portal\/jauria-de-agresivos-perros-muerde-a-motociclista-en-calle-san-martin\/","title":{"rendered":"Jaur\u00eda de agresivos perros muerde a motociclista en calle San Mart\u00edn"},"content":{"rendered":"<ul>\n<li><strong>V\u00edctima pide a las autoridades intervenir ante reiterados ataques:<\/strong><\/li>\n<\/ul>\n<p>Una nueva v\u00edctima de los reiterados ataques que realizan varios perros en calle San Mart\u00edn, se registr\u00f3 la ma\u00f1ana de ayer martes, afectando esta vez a un motociclista identificado como Mario Ortiz, quien se desplazaba en su motocicleta el d\u00eda martes a eso de las 10:30 horas, cuando una jaur\u00eda de perros lo atac\u00f3 dej\u00e1ndolo con heridas en su pierna izquierda.<br \/>\nLa supuesta due\u00f1a de los canes es una mujer de edad que constantemente los deja en la calle, sin darles los cuidados necesarios a los animales que adem\u00e1s no cuentan con sus vacunas al d\u00eda.<br \/>\nA las oficinas de Diario El Trabajo lleg\u00f3 con su pierna izquierda ensangrentada y con un evidente dolor debido a la mordedura del perro, Mario Ortiz coment\u00f3 que transitaba por calle San Mart\u00edn, entre Salinas y Coimas en su motocicleta, cuando de improviso un grupo de cuatro perros se cruzaron en su camino y lo atacaron, alcanzando uno a morderle la pierna izquierda, dej\u00e1ndolo con heridas sangrantes. El lesionado procedi\u00f3 a llamar a Carabineros, servidores p\u00fablicos que nunca llegaron al lugar de los hechos, ya que minutos despu\u00e9s se registr\u00f3 un fuerte s\u00edsmo que ocup\u00f3 a todo el contingente policial.<br \/>\nSeg\u00fan informaci\u00f3n extraoficial, la due\u00f1a de los canes es una ex trabajadora del Hospital San Camilo, quien normalmente es vista en el centro de la cuidad pidiendo dinero.<br \/>\n\u201cYo vine al Diario El Trabajo a exponer esto, porque es inaceptable que esta se\u00f1ora tenga a los perros en la calle, ya que no es la primera vez que los perros atacan a personas, incluso a mi sobrino hace un mes aproximadamente lo atacaron estos mismos perros. La autoridad tiene que hacer algo para que estos animales no est\u00e9n m\u00e1s en la calle\u201d, expres\u00f3 Ortiz muy molesto, luego del ataque.<\/p>\n<p><strong>DESORIENTADA<\/strong><br \/>\nLa supuesta due\u00f1a de los perros, quien se apreciaba muy desconsolada y mentalmente perturbada por el incidente, le dec\u00eda a las personas que transitaban por el lugar: \u201cQuiero morirme, \u00bfporqu\u00e9 son tan malos conmigo?\u201d, incluso insist\u00eda que los canes \u201cse me hab\u00edan escapado y por eso est\u00e1n fuera, por favor no llame a Carabineros, por favor ay\u00fademe, a los que me ayudan les va bien y a los que son malos conmigo les va mal\u201d.<br \/>\nDiario El Trabajo ya hab\u00eda expuesto hace un tiempo un reclamo en contra de estos perros, debido a los numerosos y reiterados casos de ataques a transe\u00fantes, pues en la pr\u00e1ctica casi todo el d\u00eda est\u00e1n los perros ladrando a los transe\u00fantes, y en ocasiones mordi\u00e9ndolos como en este \u00faltimo caso.<br \/>\n<strong>Mat\u00edas Ortiz<\/strong><\/p>\n<div class=\"tiled-gallery type-rectangular tiled-gallery-unresized\" data-original-width=\"640\" data-carousel-extra='null' itemscope itemtype=\"http:\/\/schema.org\/ImageGallery\" > <div class=\"gallery-row\" style=\"width: 640px; height: 283px;\" data-original-width=\"640\" data-original-height=\"283\" > <div class=\"gallery-group images-1\" style=\"width: 428px; height: 283px;\" data-original-width=\"428\" data-original-height=\"283\" > <div class=\"tiled-gallery-item tiled-gallery-item-large\" itemprop=\"associatedMedia\" itemscope itemtype=\"http:\/\/schema.org\/ImageObject\"> <a href=\"https:\/\/eltrabajo.cl\/portal\/jauria-de-agresivos-perros-muerde-a-motociclista-en-calle-san-martin\/duena-de-perros\/\" border=\"0\" itemprop=\"url\"> <meta itemprop=\"width\" content=\"424\"> <meta itemprop=\"height\" content=\"279\"> <img decoding=\"async\" class=\"\" data-attachment-id=\"56221\" data-orig-file=\"https:\/\/eltrabajo.cl\/portal\/wp-content\/uploads\/2015\/02\/duena-de-perros.jpg\" data-orig-size=\"530,349\" data-comments-opened=\"1\" data-image-meta=\"{&quot;aperture&quot;:&quot;0&quot;,&quot;credit&quot;:&quot;&quot;,&quot;camera&quot;:&quot;&quot;,&quot;caption&quot;:&quot;&quot;,&quot;created_timestamp&quot;:&quot;0&quot;,&quot;copyright&quot;:&quot;&quot;,&quot;focal_length&quot;:&quot;0&quot;,&quot;iso&quot;:&quot;0&quot;,&quot;shutter_speed&quot;:&quot;0&quot;,&quot;title&quot;:&quot;&quot;,&quot;orientation&quot;:&quot;0&quot;}\" data-image-title=\"duena de perros\" data-image-description=\"&lt;p&gt;La supuesta due\u00f1a de los perros se mostr\u00f3 bastante perturbada por lo sucedido.&lt;\/p&gt; \" data-medium-file=\"https:\/\/i0.wp.com\/eltrabajo.cl\/portal\/wp-content\/uploads\/2015\/02\/duena-de-perros.jpg?fit=300%2C198&#038;ssl=1\" data-large-file=\"https:\/\/i0.wp.com\/eltrabajo.cl\/portal\/wp-content\/uploads\/2015\/02\/duena-de-perros.jpg?fit=530%2C349&#038;ssl=1\" src=\"https:\/\/i0.wp.com\/eltrabajo.cl\/portal\/wp-content\/uploads\/2015\/02\/duena-de-perros.jpg?w=424&#038;h=279&#038;ssl=1\" srcset=\"https:\/\/i0.wp.com\/eltrabajo.cl\/portal\/wp-content\/uploads\/2015\/02\/duena-de-perros.jpg?w=530&amp;ssl=1 530w, https:\/\/i0.wp.com\/eltrabajo.cl\/portal\/wp-content\/uploads\/2015\/02\/duena-de-perros.jpg?resize=200%2C132&amp;ssl=1 200w, https:\/\/i0.wp.com\/eltrabajo.cl\/portal\/wp-content\/uploads\/2015\/02\/duena-de-perros.jpg?resize=300%2C198&amp;ssl=1 300w, https:\/\/i0.wp.com\/eltrabajo.cl\/portal\/wp-content\/uploads\/2015\/02\/duena-de-perros.jpg?resize=150%2C99&amp;ssl=1 150w, https:\/\/i0.wp.com\/eltrabajo.cl\/portal\/wp-content\/uploads\/2015\/02\/duena-de-perros.jpg?resize=400%2C263&amp;ssl=1 400w\" width=\"424\" height=\"279\" loading=\"lazy\" data-original-width=\"424\" data-original-height=\"279\" itemprop=\"http:\/\/schema.org\/image\" title=\"duena de perros\" alt=\"La supuesta due\u00f1a de los perros se mostr\u00f3 bastante perturbada por lo sucedido.\" style=\"width: 424px; height: 279px;\" \/> <\/a> <div class=\"tiled-gallery-caption\" itemprop=\"caption description\"> La supuesta due\u00f1a de los perros se mostr\u00f3 bastante perturbada por lo sucedido. <\/div> <\/div> <\/div> <!-- close group --> <div class=\"gallery-group images-2\" style=\"width: 212px; height: 283px;\" data-original-width=\"212\" data-original-height=\"283\" > <div class=\"tiled-gallery-item tiled-gallery-item-small\" itemprop=\"associatedMedia\" itemscope itemtype=\"http:\/\/schema.org\/ImageObject\"> <a href=\"https:\/\/eltrabajo.cl\/portal\/jauria-de-agresivos-perros-muerde-a-motociclista-en-calle-san-martin\/herida\/\" border=\"0\" itemprop=\"url\"> <meta itemprop=\"width\" content=\"208\"> <meta itemprop=\"height\" content=\"138\"> <img decoding=\"async\" class=\"\" data-attachment-id=\"56222\" data-orig-file=\"https:\/\/eltrabajo.cl\/portal\/wp-content\/uploads\/2015\/02\/herida.jpg\" data-orig-size=\"530,350\" data-comments-opened=\"1\" data-image-meta=\"{&quot;aperture&quot;:&quot;0&quot;,&quot;credit&quot;:&quot;&quot;,&quot;camera&quot;:&quot;&quot;,&quot;caption&quot;:&quot;&quot;,&quot;created_timestamp&quot;:&quot;0&quot;,&quot;copyright&quot;:&quot;&quot;,&quot;focal_length&quot;:&quot;0&quot;,&quot;iso&quot;:&quot;0&quot;,&quot;shutter_speed&quot;:&quot;0&quot;,&quot;title&quot;:&quot;&quot;,&quot;orientation&quot;:&quot;0&quot;}\" data-image-title=\"herida\" data-image-description=\"&lt;p&gt;Estas son las heridas que sufri\u00f3 Mario Ortiz debido al ataque de los canes.&lt;\/p&gt; \" data-medium-file=\"https:\/\/i0.wp.com\/eltrabajo.cl\/portal\/wp-content\/uploads\/2015\/02\/herida.jpg?fit=300%2C198&#038;ssl=1\" data-large-file=\"https:\/\/i0.wp.com\/eltrabajo.cl\/portal\/wp-content\/uploads\/2015\/02\/herida.jpg?fit=530%2C350&#038;ssl=1\" src=\"https:\/\/i0.wp.com\/eltrabajo.cl\/portal\/wp-content\/uploads\/2015\/02\/herida.jpg?w=208&#038;h=138&#038;ssl=1\" srcset=\"https:\/\/i0.wp.com\/eltrabajo.cl\/portal\/wp-content\/uploads\/2015\/02\/herida.jpg?w=530&amp;ssl=1 530w, https:\/\/i0.wp.com\/eltrabajo.cl\/portal\/wp-content\/uploads\/2015\/02\/herida.jpg?resize=200%2C132&amp;ssl=1 200w, https:\/\/i0.wp.com\/eltrabajo.cl\/portal\/wp-content\/uploads\/2015\/02\/herida.jpg?resize=300%2C198&amp;ssl=1 300w, https:\/\/i0.wp.com\/eltrabajo.cl\/portal\/wp-content\/uploads\/2015\/02\/herida.jpg?resize=150%2C99&amp;ssl=1 150w, https:\/\/i0.wp.com\/eltrabajo.cl\/portal\/wp-content\/uploads\/2015\/02\/herida.jpg?resize=400%2C264&amp;ssl=1 400w\" width=\"208\" height=\"138\" loading=\"lazy\" data-original-width=\"208\" data-original-height=\"138\" itemprop=\"http:\/\/schema.org\/image\" title=\"herida\" alt=\"Estas son las heridas que sufri\u00f3 Mario Ortiz debido al ataque de los canes.\" style=\"width: 208px; height: 138px;\" \/> <\/a> <div class=\"tiled-gallery-caption\" itemprop=\"caption description\"> Estas son las heridas que sufri\u00f3 Mario Ortiz debido al ataque de los canes. <\/div> <\/div> <div class=\"tiled-gallery-item tiled-gallery-item-small\" itemprop=\"associatedMedia\" itemscope itemtype=\"http:\/\/schema.org\/ImageObject\"> <a href=\"https:\/\/eltrabajo.cl\/portal\/jauria-de-agresivos-perros-muerde-a-motociclista-en-calle-san-martin\/perros-3\/\" border=\"0\" itemprop=\"url\"> <meta itemprop=\"width\" content=\"208\"> <meta itemprop=\"height\" content=\"137\"> <img decoding=\"async\" class=\"\" data-attachment-id=\"56223\" data-orig-file=\"https:\/\/eltrabajo.cl\/portal\/wp-content\/uploads\/2015\/02\/perros.jpg\" data-orig-size=\"530,349\" data-comments-opened=\"1\" data-image-meta=\"{&quot;aperture&quot;:&quot;0&quot;,&quot;credit&quot;:&quot;&quot;,&quot;camera&quot;:&quot;&quot;,&quot;caption&quot;:&quot;&quot;,&quot;created_timestamp&quot;:&quot;0&quot;,&quot;copyright&quot;:&quot;&quot;,&quot;focal_length&quot;:&quot;0&quot;,&quot;iso&quot;:&quot;0&quot;,&quot;shutter_speed&quot;:&quot;0&quot;,&quot;title&quot;:&quot;&quot;,&quot;orientation&quot;:&quot;0&quot;}\" data-image-title=\"perros\" data-image-description=\"&lt;p&gt;Estos perros son los que atacaron a Mario y normalmente se encuentran en la berma en donde atacan a los transe\u00fantes.&lt;\/p&gt; \" data-medium-file=\"https:\/\/i0.wp.com\/eltrabajo.cl\/portal\/wp-content\/uploads\/2015\/02\/perros.jpg?fit=300%2C198&#038;ssl=1\" data-large-file=\"https:\/\/i0.wp.com\/eltrabajo.cl\/portal\/wp-content\/uploads\/2015\/02\/perros.jpg?fit=530%2C349&#038;ssl=1\" src=\"https:\/\/i0.wp.com\/eltrabajo.cl\/portal\/wp-content\/uploads\/2015\/02\/perros.jpg?w=208&#038;h=137&#038;ssl=1\" srcset=\"https:\/\/i0.wp.com\/eltrabajo.cl\/portal\/wp-content\/uploads\/2015\/02\/perros.jpg?w=530&amp;ssl=1 530w, https:\/\/i0.wp.com\/eltrabajo.cl\/portal\/wp-content\/uploads\/2015\/02\/perros.jpg?resize=200%2C132&amp;ssl=1 200w, https:\/\/i0.wp.com\/eltrabajo.cl\/portal\/wp-content\/uploads\/2015\/02\/perros.jpg?resize=300%2C198&amp;ssl=1 300w, https:\/\/i0.wp.com\/eltrabajo.cl\/portal\/wp-content\/uploads\/2015\/02\/perros.jpg?resize=150%2C99&amp;ssl=1 150w, https:\/\/i0.wp.com\/eltrabajo.cl\/portal\/wp-content\/uploads\/2015\/02\/perros.jpg?resize=400%2C263&amp;ssl=1 400w\" width=\"208\" height=\"137\" loading=\"lazy\" data-original-width=\"208\" data-original-height=\"137\" itemprop=\"http:\/\/schema.org\/image\" title=\"perros\" alt=\"Estos perros son los que atacaron a Mario y normalmente se encuentran en la berma en donde atacan a los transe\u00fantes.\" style=\"width: 208px; height: 137px;\" \/> <\/a> <div class=\"tiled-gallery-caption\" itemprop=\"caption description\"> Estos perros son los que atacaron a Mario y normalmente se encuentran en la berma en donde atacan a los transe\u00fantes. <\/div> <\/div> <\/div> <!-- close group --> <\/div> <!-- close row --> <\/div>\n","protected":false},"excerpt":{"rendered":"<p>V\u00edctima pide a las autoridades intervenir ante reiterados ataques: Una nueva v\u00edctima de los reiterados ataques que realizan varios perros en calle San Mart\u00edn, se registr\u00f3 la ma\u00f1ana de ayer martes, afectando&#8230;<\/p>\n","protected":false},"author":1,"featured_media":56223,"comment_status":"open","ping_status":"open","sticky":false,"template":"","format":"standard","meta":{"advanced_seo_description":"","jetpack_seo_html_title":"","jetpack_seo_noindex":false,"_jetpack_memberships_contains_paid_content":false,"footnotes":""},"categories":[15],"tags":[],"class_list":["post-56220","post","type-post","status-publish","format-standard","has-post-thumbnail","hentry","category-comunidad"],"jetpack_featured_media_url":"https:\/\/i0.wp.com\/eltrabajo.cl\/portal\/wp-content\/uploads\/2015\/02\/perros.jpg?fit=530%2C349&ssl=1","jetpack_sharing_enabled":true,"jetpack_likes_enabled":true,"jetpack-related-posts":[],"_links":{"self":[{"href":"https:\/\/eltrabajo.cl\/portal\/wp-json\/wp\/v2\/posts\/56220","targetHints":{"allow":["GET"]}}],"collection":[{"href":"https:\/\/eltrabajo.cl\/portal\/wp-json\/wp\/v2\/posts"}],"about":[{"href":"https:\/\/eltrabajo.cl\/portal\/wp-json\/wp\/v2\/types\/post"}],"author":[{"embeddable":true,"href":"https:\/\/eltrabajo.cl\/portal\/wp-json\/wp\/v2\/users\/1"}],"replies":[{"embeddable":true,"href":"https:\/\/eltrabajo.cl\/portal\/wp-json\/wp\/v2\/comments?post=56220"}],"version-history":[{"count":0,"href":"https:\/\/eltrabajo.cl\/portal\/wp-json\/wp\/v2\/posts\/56220\/revisions"}],"wp:featuredmedia":[{"embeddable":true,"href":"https:\/\/eltrabajo.cl\/portal\/wp-json\/wp\/v2\/media\/56223"}],"wp:attachment":[{"href":"https:\/\/eltrabajo.cl\/portal\/wp-json\/wp\/v2\/media?parent=56220"}],"wp:term":[{"taxonomy":"category","embeddable":true,"href":"https:\/\/eltrabajo.cl\/portal\/wp-json\/wp\/v2\/categories?post=56220"},{"taxonomy":"post_tag","embeddable":true,"href":"https:\/\/eltrabajo.cl\/portal\/wp-json\/wp\/v2\/tags?post=56220"}],"curies":[{"name":"wp","href":"https:\/\/api.w.org\/{rel}","templated":true}]}}