{"id":56250,"date":"2015-02-19T09:58:19","date_gmt":"2015-02-19T12:58:19","guid":{"rendered":"http:\/\/www.eltrabajo.cl\/portal\/?p=56250"},"modified":"2015-02-19T09:58:19","modified_gmt":"2015-02-19T12:58:19","slug":"comerciante-protesta-desde-su-local-exigiendo-presencia-policial","status":"publish","type":"post","link":"https:\/\/eltrabajo.cl\/portal\/comerciante-protesta-desde-su-local-exigiendo-presencia-policial\/","title":{"rendered":"Comerciante protesta desde su local exigiendo presencia policial"},"content":{"rendered":"<ul>\n<li><strong>Fue enca\u00f1ado por tres delincuentes este lunes:<\/strong><\/li>\n<\/ul>\n<p>El se\u00f1or V\u00edctor Hugo Urbina Lencioni es comerciante hace diez a\u00f1os y propietario del local \u2018Mares Alimentos\u2019, ubicado en calle Traslavi\u00f1a casi al llegar a Artem\u00f3n Cifuentes en San Felipe, en donde se ha hecho conocido entre sus habituales clientes y vecinos que realizan compras en especial atenci\u00f3n para alimentar a sus mascotas.<br \/>\nEste emprendedor y ac\u00e9rrimo hincha del Un\u00ed no ha estado exento del flagelo de la delincuencia, convirti\u00e9ndose por tercera vez en v\u00edctima de desalmados que han irrumpido al interior de su local, para cometer il\u00edcitos a tal punto de exponer su propia vida tras enfrentar un escalofriante episodio delictual como el que nos narr\u00f3 desde su local comercial.<br \/>\nEl pasado lunes 16 a eso de las 18:00 horas, Don V\u00edctor se encontraba realizando sus labores habituales atendiendo el pedido de un cliente, cuando sorpresivamente irrumpieron dentro del local tres sujetos armados a rostro cubierto, para enca\u00f1onarlo y obligar hacer entregar del dinero que manten\u00eda en la caja registradora.<br \/>\nV\u00edctor, at\u00f3nito ante la grave situaci\u00f3n, decidi\u00f3 en cuesti\u00f3n de mil\u00e9simas de segundos iniciar un di\u00e1logo con los sujetos mientras miraba atentamente las miradas de los sujetos y sus movimientos, observando adem\u00e1s el temor que manifestaba el cliente de alrededor de 70 a\u00f1os de edad, quien qued\u00f3 inmovilizado con el actuar de los delincuentes que alcanzaron a estar largos minutos en el interior a pleno d\u00eda.<\/p>\n<p><strong>DECIDEN ESCAPAR<\/strong><br \/>\n\u201cMe apuntaron con el revolver y con puros insultos, me obligaban a hacer entrega del dinero y yo dialogu\u00e9 con ellos para que no le hicieran nada al cliente y para que no me agredieran a m\u00ed, para alargar el asalto, ya despu\u00e9s empec\u00e9 a gritar para que alguien me pudiera escuchar y se sinti\u00f3 una persona que estaba cerca por ac\u00e1 que los ahuyent\u00f3\u201d, recuerda V\u00edctor Urbina.<br \/>\nLos sujetos al parecer inexpertos, no dudaron en abandonar el local para no ser descubiertos, sin lograr apoderarse del dinero y de ninguna especie, escapando en direcci\u00f3n a Villa Los \u00c1lamos ubicada a s\u00f3lo metros del lugar de los hechos, mientras V\u00edctor junto a un vecino decidieron ir tras los antisociales para no perderlos de vista.<br \/>\nTras un lapso de tiempo, personal de Carabineros concurri\u00f3 hasta el sitio del suceso luego de una llamada de auxilio que realiz\u00f3 uno de los vecinos para alertar el delito. Las primeras diligencias policiales fueron tomar la declaraci\u00f3n del comerciante, \u201cme preguntaron si los pude reconocer, pero encapuchados es dif\u00edcil distinguirlos, pero es muy r\u00e1pida la secuencia cuando te asaltan, si lo \u00fanico que uno quiere es que vaya a ocurrir una desgracia\u201d, relata V\u00edctor.<\/p>\n<p><strong>LA ENTREVISTA<\/strong><br \/>\nSin embargo la Polic\u00eda uniformada no obtuvo pistas de los delincuentes que lograron escapar sin ser detenidos. Esta frustraci\u00f3n motiv\u00f3 a V\u00edctor Urbina al d\u00eda siguiente de lo ocurrido, un poco m\u00e1s calmado para protestar pac\u00edficamente colgando letreros que exigen que las autoridades y las Polic\u00edas tomen cartas en el asunto contra estos episodios delincuenciales, como lo detalla en una entrevista para Diario El Trabajo.<br \/>\n<strong>&#8211; \u00bfPor qu\u00e9 decidi\u00f3 protestar de esta manera?<\/strong><br \/>\n&#8211; \u201cPorque yo quiero llamar la atenci\u00f3n a Carabineros, Investigaciones y todas las autoridades en este asunto para que hagan algo, el mismo gobernador que pueda coordinar algo con ellos, que la seguridad aumente, porque yo encuentro que hay poca seguridad en San Felipe, por eso hice esto, para que se sepa y no lo voy a sacar, porque no voy demostrar miedo y la idea es representar a las otras personas que vivieron lo mismo que me sucedi\u00f3\u201d.<br \/>\n<strong>&#8211; \u00bfUsted ha sido v\u00edctima de otros delitos?<\/strong><br \/>\n&#8211; \u201cEsta es la tercera vez que soy v\u00edctima, mi sue\u00f1o fue tener un negocio pero pens\u00e9 que ten\u00eda que vivir estas situaciones, no sabes que hacer a qu\u00e9 atenerse, porque el delincuente lo \u00fanico que quiere es agredirlo a uno y sacarle lo que uno tiene. Una vez me robaron una balanza de alto costo y al segunda vez tambi\u00e9n intentaron asaltarme en el d\u00eda\u201d.<br \/>\n<strong>&#8211; \u00bfQu\u00e9 medidas de seguridad ha pensado en optar?<\/strong><br \/>\n&#8211; \u201cCon los vecinos y otro comerciante queremos instalar una bocina que se active para dar cuenta de un asalto o robo, para que puedan alertar a Carabineros porque ellos llegan muy tarde, la secuencia es lenta y se ven siempre en el centro de la ciudad\u201d.<br \/>\n<strong>&#8211; \u00bfHa pensado en portar un arma de fuego para resguardarse?<\/strong><br \/>\n&#8211; \u201cEstoy preparado para eso, porque yo fui soldado conscripto, estoy apto para eso pero uno piensa que le pase algo a alguien que no tenga que ver conmigo, porque yo puedo herir a otra persona al usar un arma, es peligroso pero es distinto cuando a uno lo asaltan, porque la reacci\u00f3n de las personas puede ser fatal y matar a otra persona\u201d.<br \/>\n<strong>&#8211; \u00bfTemi\u00f3 perder su vida durante el \u00faltimo asalto?<\/strong><br \/>\n&#8211; \u201cClaro que tem\u00ed, porque uno no sabe que va a pasar, yo quiero hacer un llamado para que Carabineros haga m\u00e1s patrullajes, porque hay horarios en que no se ven, yo mi local lo cierro a las 22:00 horas debiera haber m\u00e1s presencia policial, deber\u00eda haber m\u00e1s contingente de uniformados, porque es impresionante la cantidad de gente que ha sido asaltada\u201d.<br \/>\n<strong>Pablo Salinas Sald\u00edas<\/strong><\/p>\n<div class=\"tiled-gallery type-rectangular tiled-gallery-unresized\" data-original-width=\"640\" data-carousel-extra='null' itemscope itemtype=\"http:\/\/schema.org\/ImageGallery\" > <div class=\"gallery-row\" style=\"width: 640px; height: 213px;\" data-original-width=\"640\" data-original-height=\"213\" > <div class=\"gallery-group images-1\" style=\"width: 320px; height: 213px;\" data-original-width=\"320\" data-original-height=\"213\" > <div class=\"tiled-gallery-item tiled-gallery-item-large\" itemprop=\"associatedMedia\" itemscope itemtype=\"http:\/\/schema.org\/ImageObject\"> <a href=\"https:\/\/eltrabajo.cl\/portal\/comerciante-protesta-desde-su-local-exigiendo-presencia-policial\/frontis-local-2\/\" border=\"0\" itemprop=\"url\"> <meta itemprop=\"width\" content=\"316\"> <meta itemprop=\"height\" content=\"209\"> <img decoding=\"async\" class=\"\" data-attachment-id=\"56251\" data-orig-file=\"https:\/\/eltrabajo.cl\/portal\/wp-content\/uploads\/2015\/02\/Frontis-local-2.jpg\" data-orig-size=\"530,350\" data-comments-opened=\"1\" data-image-meta=\"{&quot;aperture&quot;:&quot;0&quot;,&quot;credit&quot;:&quot;&quot;,&quot;camera&quot;:&quot;&quot;,&quot;caption&quot;:&quot;&quot;,&quot;created_timestamp&quot;:&quot;0&quot;,&quot;copyright&quot;:&quot;&quot;,&quot;focal_length&quot;:&quot;0&quot;,&quot;iso&quot;:&quot;0&quot;,&quot;shutter_speed&quot;:&quot;0&quot;,&quot;title&quot;:&quot;&quot;,&quot;orientation&quot;:&quot;0&quot;}\" data-image-title=\"Frontis local 2\" data-image-description=\"&lt;p&gt;Desde el frontis de su local, V\u00edctor Urbina colg\u00f3 unos letreros protestando en contra de las autoridades y polic\u00edas exigiendo m\u00e1s seguridad para la ciudadan\u00eda tras vivir recientemente un asalto a mano armada.&lt;\/p&gt; \" data-medium-file=\"https:\/\/i0.wp.com\/eltrabajo.cl\/portal\/wp-content\/uploads\/2015\/02\/Frontis-local-2.jpg?fit=300%2C198&#038;ssl=1\" data-large-file=\"https:\/\/i0.wp.com\/eltrabajo.cl\/portal\/wp-content\/uploads\/2015\/02\/Frontis-local-2.jpg?fit=530%2C350&#038;ssl=1\" src=\"https:\/\/i0.wp.com\/eltrabajo.cl\/portal\/wp-content\/uploads\/2015\/02\/Frontis-local-2.jpg?w=316&#038;h=209&#038;ssl=1\" srcset=\"https:\/\/i0.wp.com\/eltrabajo.cl\/portal\/wp-content\/uploads\/2015\/02\/Frontis-local-2.jpg?w=530&amp;ssl=1 530w, https:\/\/i0.wp.com\/eltrabajo.cl\/portal\/wp-content\/uploads\/2015\/02\/Frontis-local-2.jpg?resize=200%2C132&amp;ssl=1 200w, https:\/\/i0.wp.com\/eltrabajo.cl\/portal\/wp-content\/uploads\/2015\/02\/Frontis-local-2.jpg?resize=300%2C198&amp;ssl=1 300w, https:\/\/i0.wp.com\/eltrabajo.cl\/portal\/wp-content\/uploads\/2015\/02\/Frontis-local-2.jpg?resize=150%2C99&amp;ssl=1 150w, https:\/\/i0.wp.com\/eltrabajo.cl\/portal\/wp-content\/uploads\/2015\/02\/Frontis-local-2.jpg?resize=400%2C264&amp;ssl=1 400w\" width=\"316\" height=\"209\" loading=\"lazy\" data-original-width=\"316\" data-original-height=\"209\" itemprop=\"http:\/\/schema.org\/image\" title=\"Frontis local 2\" alt=\"Desde el frontis de su local, V\u00edctor Urbina colg\u00f3 unos letreros protestando en contra de las autoridades y polic\u00edas exigiendo m\u00e1s seguridad para la ciudadan\u00eda tras vivir recientemente un asalto a mano armada.\" style=\"width: 316px; height: 209px;\" \/> <\/a> <div class=\"tiled-gallery-caption\" itemprop=\"caption description\"> Desde el frontis de su local, V\u00edctor Urbina colg\u00f3 unos letreros protestando en contra de las autoridades y polic\u00edas exigiendo m\u00e1s seguridad para la ciudadan\u00eda tras vivir recientemente un asalto a mano armada. <\/div> <\/div> <\/div> <!-- close group --> <div class=\"gallery-group images-1\" style=\"width: 320px; height: 213px;\" data-original-width=\"320\" data-original-height=\"213\" > <div class=\"tiled-gallery-item tiled-gallery-item-large\" itemprop=\"associatedMedia\" itemscope itemtype=\"http:\/\/schema.org\/ImageObject\"> <a href=\"https:\/\/eltrabajo.cl\/portal\/comerciante-protesta-desde-su-local-exigiendo-presencia-policial\/victor-urbina-2\/\" border=\"0\" itemprop=\"url\"> <meta itemprop=\"width\" content=\"316\"> <meta itemprop=\"height\" content=\"209\"> <img decoding=\"async\" class=\"\" data-attachment-id=\"56252\" data-orig-file=\"https:\/\/eltrabajo.cl\/portal\/wp-content\/uploads\/2015\/02\/Victor-Urbina.jpg\" data-orig-size=\"530,350\" data-comments-opened=\"1\" data-image-meta=\"{&quot;aperture&quot;:&quot;0&quot;,&quot;credit&quot;:&quot;&quot;,&quot;camera&quot;:&quot;&quot;,&quot;caption&quot;:&quot;&quot;,&quot;created_timestamp&quot;:&quot;0&quot;,&quot;copyright&quot;:&quot;&quot;,&quot;focal_length&quot;:&quot;0&quot;,&quot;iso&quot;:&quot;0&quot;,&quot;shutter_speed&quot;:&quot;0&quot;,&quot;title&quot;:&quot;&quot;,&quot;orientation&quot;:&quot;0&quot;}\" data-image-title=\"Victor Urbina\" data-image-description=\"&lt;p&gt;V\u00edctor Urbina Lencioni es comerciante hace diez a\u00f1os en la comuna de San Felipe, en tres oportunidades ha sido v\u00edctima de la delincuencia.&lt;\/p&gt; \" data-medium-file=\"https:\/\/i0.wp.com\/eltrabajo.cl\/portal\/wp-content\/uploads\/2015\/02\/Victor-Urbina.jpg?fit=300%2C198&#038;ssl=1\" data-large-file=\"https:\/\/i0.wp.com\/eltrabajo.cl\/portal\/wp-content\/uploads\/2015\/02\/Victor-Urbina.jpg?fit=530%2C350&#038;ssl=1\" src=\"https:\/\/i0.wp.com\/eltrabajo.cl\/portal\/wp-content\/uploads\/2015\/02\/Victor-Urbina.jpg?w=316&#038;h=209&#038;ssl=1\" srcset=\"https:\/\/i0.wp.com\/eltrabajo.cl\/portal\/wp-content\/uploads\/2015\/02\/Victor-Urbina.jpg?w=530&amp;ssl=1 530w, https:\/\/i0.wp.com\/eltrabajo.cl\/portal\/wp-content\/uploads\/2015\/02\/Victor-Urbina.jpg?resize=200%2C132&amp;ssl=1 200w, https:\/\/i0.wp.com\/eltrabajo.cl\/portal\/wp-content\/uploads\/2015\/02\/Victor-Urbina.jpg?resize=300%2C198&amp;ssl=1 300w, https:\/\/i0.wp.com\/eltrabajo.cl\/portal\/wp-content\/uploads\/2015\/02\/Victor-Urbina.jpg?resize=150%2C99&amp;ssl=1 150w, https:\/\/i0.wp.com\/eltrabajo.cl\/portal\/wp-content\/uploads\/2015\/02\/Victor-Urbina.jpg?resize=400%2C264&amp;ssl=1 400w\" width=\"316\" height=\"209\" loading=\"lazy\" data-original-width=\"316\" data-original-height=\"209\" itemprop=\"http:\/\/schema.org\/image\" title=\"Victor Urbina\" alt=\"V\u00edctor Urbina Lencioni es comerciante hace diez a\u00f1os en la comuna de San Felipe, en tres oportunidades ha sido v\u00edctima de la delincuencia.\" style=\"width: 316px; height: 209px;\" \/> <\/a> <div class=\"tiled-gallery-caption\" itemprop=\"caption description\"> V\u00edctor Urbina Lencioni es comerciante hace diez a\u00f1os en la comuna de San Felipe, en tres oportunidades ha sido v\u00edctima de la delincuencia. <\/div> <\/div> <\/div> <!-- close group --> <\/div> <!-- close row --> <\/div>\n","protected":false},"excerpt":{"rendered":"<p>Fue enca\u00f1ado por tres delincuentes este lunes: El se\u00f1or V\u00edctor Hugo Urbina Lencioni es comerciante hace diez a\u00f1os y propietario del local \u2018Mares Alimentos\u2019, ubicado en calle Traslavi\u00f1a casi al llegar a&#8230;<\/p>\n","protected":false},"author":1,"featured_media":56251,"comment_status":"open","ping_status":"open","sticky":false,"template":"","format":"standard","meta":{"advanced_seo_description":"","jetpack_seo_html_title":"","jetpack_seo_noindex":false,"_jetpack_memberships_contains_paid_content":false,"footnotes":""},"categories":[15],"tags":[],"class_list":["post-56250","post","type-post","status-publish","format-standard","has-post-thumbnail","hentry","category-comunidad"],"jetpack_featured_media_url":"https:\/\/i0.wp.com\/eltrabajo.cl\/portal\/wp-content\/uploads\/2015\/02\/Frontis-local-2.jpg?fit=530%2C350&ssl=1","jetpack_sharing_enabled":true,"jetpack_likes_enabled":true,"jetpack-related-posts":[],"_links":{"self":[{"href":"https:\/\/eltrabajo.cl\/portal\/wp-json\/wp\/v2\/posts\/56250","targetHints":{"allow":["GET"]}}],"collection":[{"href":"https:\/\/eltrabajo.cl\/portal\/wp-json\/wp\/v2\/posts"}],"about":[{"href":"https:\/\/eltrabajo.cl\/portal\/wp-json\/wp\/v2\/types\/post"}],"author":[{"embeddable":true,"href":"https:\/\/eltrabajo.cl\/portal\/wp-json\/wp\/v2\/users\/1"}],"replies":[{"embeddable":true,"href":"https:\/\/eltrabajo.cl\/portal\/wp-json\/wp\/v2\/comments?post=56250"}],"version-history":[{"count":0,"href":"https:\/\/eltrabajo.cl\/portal\/wp-json\/wp\/v2\/posts\/56250\/revisions"}],"wp:featuredmedia":[{"embeddable":true,"href":"https:\/\/eltrabajo.cl\/portal\/wp-json\/wp\/v2\/media\/56251"}],"wp:attachment":[{"href":"https:\/\/eltrabajo.cl\/portal\/wp-json\/wp\/v2\/media?parent=56250"}],"wp:term":[{"taxonomy":"category","embeddable":true,"href":"https:\/\/eltrabajo.cl\/portal\/wp-json\/wp\/v2\/categories?post=56250"},{"taxonomy":"post_tag","embeddable":true,"href":"https:\/\/eltrabajo.cl\/portal\/wp-json\/wp\/v2\/tags?post=56250"}],"curies":[{"name":"wp","href":"https:\/\/api.w.org\/{rel}","templated":true}]}}