{"id":56262,"date":"2015-02-20T08:29:55","date_gmt":"2015-02-20T11:29:55","guid":{"rendered":"http:\/\/www.eltrabajo.cl\/portal\/?p=56262"},"modified":"2015-02-20T08:29:58","modified_gmt":"2015-02-20T11:29:58","slug":"se-prepara-la-nueva-version-de-la-fiesta-de-la-chaya-en-curimon","status":"publish","type":"post","link":"https:\/\/eltrabajo.cl\/portal\/se-prepara-la-nueva-version-de-la-fiesta-de-la-chaya-en-curimon\/","title":{"rendered":"Se prepara la nueva versi\u00f3n de la Fiesta de la Chaya en Curim\u00f3n"},"content":{"rendered":"<p>Con la animaci\u00f3n de \u2018El Charro Papudano\u2019 Nelson Sagredo y la participaci\u00f3n musical de bandas locales, se desarrollar\u00e1 en la localidad de Curim\u00f3n la Fiesta de la Chaya este y el pr\u00f3ximo fin de semana en la plaza de armas del sector, el Presidente del Club Alianza de Curim\u00f3n, Hugo Cortez, destac\u00f3 que este evento se realizar\u00e1 s\u00f3lo los fines de semana con el fin que llegue m\u00e1s gente al carnaval y sea m\u00e1s rentable para los comerciantes, quienes tienen la posibilidad de poner puestos de venta en el sector.<br \/>\n\u201cVenderemos pisos para que puedan poner puestos de ventas para la fiesta a $50.000 que incluye a los seis d\u00edas que contar\u00e1 con m\u00fasica en vivo, adem\u00e1s contar\u00e1 con mucha seguridad. Todos los que quieran comprar el piso en la fiesta deben comunicarse al 57552481, este a\u00f1o fue autorizada la venta de cervezas solamente y para los que preguntaban si estaba autorizada la venta de \u2018terremoto\u2019 y tampoco la venta de spray que contenga espuma\u201d, expres\u00f3 Cortez.<br \/>\nLa m\u00fasica estar\u00e1 a cargo de la Sonora Santa Cecilia el d\u00eda viernes 20, el s\u00e1bado 21 se presentar\u00e1 a cargo de Combinaci\u00f3n Perfecta, mientras que el d\u00eda domingo 22 llegar\u00e1 a la plaza de Curim\u00f3n el Grupo Carisma de Colina, poniendo fin a la fiesta de la chaya este fin de semana.<br \/>\nEl pr\u00f3ximo fin de semana se desarrollar\u00e1 la segunda parte de esta fiesta donde nuevamente con la animaci\u00f3n de \u2018El Charro Papudano\u2019 Nelson Sagredo y se presentar\u00e1n en lo musical el d\u00eda viernes 27 MusicMan\u00eda, el s\u00e1bado 28 llegar\u00e1n Alianza Tropical y el d\u00eda domingo primero Sonora Santa Cecilia.<br \/>\nAdem\u00e1s estar\u00e1n acompa\u00f1ando Dayana Romina, Jose Luis Dur\u00e1n, Los Charros de Lonquimay, The Pocker, Caso Cl\u00ednico y Paulina Valenzuela como artistas invitados.<br \/>\nAdem\u00e1s, los organizadores hicieron un llamado a los comerciantes que compren sus puestos asistan al SII para regularizar su trabajo temporal para esos seis d\u00edas, ya que en versiones anteriores lleg\u00f3 el Servicio de Impuestos Internos a fiscalizar. Adem\u00e1s confirmaron que s\u00f3lo ser\u00e1n autorizados a trabajar los carros de comida que tengan la autorizaci\u00f3n de la autoridad sanitaria.<br \/>\n\u201cEsto es del pueblo, que quede claro que no es del club alianza, nosotros estamos organizando pero no es lo nuestro, anoche estuvimos armando el escenario y est\u00e1 todo perfecto. Tambi\u00e9n pusimos un puesto que se llamar\u00e1 Los Amigos de San Francisco con el fin de pintar y traer bailes t\u00edpicos chinos para el cuatro de octubre en la iglesia de San Francisco. El Club Alianza siempre est\u00e1 pensando siempre en el pueblo de Curim\u00f3n, hacer cosas bonitas como la plazoleta al frente de carabineros\u201d, expres\u00f3 uno de los organizadores, Eugenio Silva.<\/p>\n<figure id=\"attachment_56263\" aria-describedby=\"caption-attachment-56263\" style=\"width: 530px\" class=\"wp-caption alignleft\"><a href=\"http:\/\/www.eltrabajo.cl\/portal\/2015\/02\/se-prepara-la-nueva-version-de-la-fiesta-de-la-chaya-en-curimon\/silva-y-cortez\/\" rel=\"attachment wp-att-56263\"><img data-recalc-dims=\"1\" loading=\"lazy\" decoding=\"async\" class=\"size-full wp-image-56263\" src=\"https:\/\/i0.wp.com\/www.eltrabajo.cl\/portal\/wp-content\/uploads\/2015\/02\/silva-y-cortez.jpg?resize=530%2C350\" alt=\"Hugo Cortez y Eugenio Silva hicieron una invitaci\u00f3n a toda la comunidad del valle de Aconcagua a esta fiesta.\" width=\"530\" height=\"350\" srcset=\"https:\/\/i0.wp.com\/eltrabajo.cl\/portal\/wp-content\/uploads\/2015\/02\/silva-y-cortez.jpg?w=530&amp;ssl=1 530w, https:\/\/i0.wp.com\/eltrabajo.cl\/portal\/wp-content\/uploads\/2015\/02\/silva-y-cortez.jpg?resize=200%2C132&amp;ssl=1 200w, https:\/\/i0.wp.com\/eltrabajo.cl\/portal\/wp-content\/uploads\/2015\/02\/silva-y-cortez.jpg?resize=300%2C198&amp;ssl=1 300w, https:\/\/i0.wp.com\/eltrabajo.cl\/portal\/wp-content\/uploads\/2015\/02\/silva-y-cortez.jpg?resize=150%2C99&amp;ssl=1 150w, https:\/\/i0.wp.com\/eltrabajo.cl\/portal\/wp-content\/uploads\/2015\/02\/silva-y-cortez.jpg?resize=400%2C264&amp;ssl=1 400w\" sizes=\"auto, (max-width: 530px) 100vw, 530px\" \/><\/a><figcaption id=\"caption-attachment-56263\" class=\"wp-caption-text\">Hugo Cortez y Eugenio Silva hicieron una invitaci\u00f3n a toda la comunidad del valle de Aconcagua a esta fiesta.<\/figcaption><\/figure>\n","protected":false},"excerpt":{"rendered":"<p>Con la animaci\u00f3n de \u2018El Charro Papudano\u2019 Nelson Sagredo y la participaci\u00f3n musical de bandas locales, se desarrollar\u00e1 en la localidad de Curim\u00f3n la Fiesta de la Chaya este y el pr\u00f3ximo&#8230;<\/p>\n","protected":false},"author":1,"featured_media":56263,"comment_status":"open","ping_status":"open","sticky":false,"template":"","format":"standard","meta":{"advanced_seo_description":"","jetpack_seo_html_title":"","jetpack_seo_noindex":false,"_jetpack_memberships_contains_paid_content":false,"footnotes":""},"categories":[15],"tags":[],"class_list":["post-56262","post","type-post","status-publish","format-standard","has-post-thumbnail","hentry","category-comunidad"],"jetpack_featured_media_url":"https:\/\/i0.wp.com\/eltrabajo.cl\/portal\/wp-content\/uploads\/2015\/02\/silva-y-cortez.jpg?fit=530%2C350&ssl=1","jetpack_sharing_enabled":true,"jetpack_likes_enabled":true,"jetpack-related-posts":[],"_links":{"self":[{"href":"https:\/\/eltrabajo.cl\/portal\/wp-json\/wp\/v2\/posts\/56262","targetHints":{"allow":["GET"]}}],"collection":[{"href":"https:\/\/eltrabajo.cl\/portal\/wp-json\/wp\/v2\/posts"}],"about":[{"href":"https:\/\/eltrabajo.cl\/portal\/wp-json\/wp\/v2\/types\/post"}],"author":[{"embeddable":true,"href":"https:\/\/eltrabajo.cl\/portal\/wp-json\/wp\/v2\/users\/1"}],"replies":[{"embeddable":true,"href":"https:\/\/eltrabajo.cl\/portal\/wp-json\/wp\/v2\/comments?post=56262"}],"version-history":[{"count":0,"href":"https:\/\/eltrabajo.cl\/portal\/wp-json\/wp\/v2\/posts\/56262\/revisions"}],"wp:featuredmedia":[{"embeddable":true,"href":"https:\/\/eltrabajo.cl\/portal\/wp-json\/wp\/v2\/media\/56263"}],"wp:attachment":[{"href":"https:\/\/eltrabajo.cl\/portal\/wp-json\/wp\/v2\/media?parent=56262"}],"wp:term":[{"taxonomy":"category","embeddable":true,"href":"https:\/\/eltrabajo.cl\/portal\/wp-json\/wp\/v2\/categories?post=56262"},{"taxonomy":"post_tag","embeddable":true,"href":"https:\/\/eltrabajo.cl\/portal\/wp-json\/wp\/v2\/tags?post=56262"}],"curies":[{"name":"wp","href":"https:\/\/api.w.org\/{rel}","templated":true}]}}