{"id":56266,"date":"2015-02-20T08:31:48","date_gmt":"2015-02-20T11:31:48","guid":{"rendered":"http:\/\/www.eltrabajo.cl\/portal\/?p=56266"},"modified":"2015-02-20T08:31:52","modified_gmt":"2015-02-20T11:31:52","slug":"comisaria-espinoza-visito-a-comerciante-asaltado-en-mares-alimentos","status":"publish","type":"post","link":"https:\/\/eltrabajo.cl\/portal\/comisaria-espinoza-visito-a-comerciante-asaltado-en-mares-alimentos\/","title":{"rendered":"Comisaria Espinoza visit\u00f3 a comerciante asaltado en \u2018Mares Alimentos\u2019"},"content":{"rendered":"<p>Luego de los m\u00faltiples robos que sufri\u00f3 en su local \u2018Mares Alimentos\u2019, V\u00edctor Hugo Urbina recibi\u00f3 la visita en hora de la ma\u00f1ana de ayer, de la Comisario de la Segunda Comisaria de San Felipe, Maureen Espinoza, quien lleg\u00f3 al lugar para hacer un an\u00e1lisis de la seguridad del local comercial con el fin de que los hechos delictivos de los que ha sido v\u00edctima el locatario que en el \u00faltimo asalto fue enca\u00f1onado con un arma de fuego, no se repitan.<br \/>\nDiario El Trabajo expuso en su edici\u00f3n anterior el caso de V\u00edctor Urbina, quien hizo un emplazamiento directo a la autoridad policial, por lo que la reci\u00e9n llegada Comisario de San Felipe, Maureen Espinoza, comprometi\u00f3 en el mismo local, ubicado en Traslavi\u00f1a al llegar a Artem\u00f3n Cifuentes, un an\u00e1lisis para frenar la oleada de robos en locales comerciales.<br \/>\n\u201cRealmente con este hecho primero nos comprometemos con la visita y poder tratar de trasmitirle en esta ocasi\u00f3n y reiteradamente una sensaci\u00f3n de seguridad, decirle que nos estamos preocupando del problema de los asaltos a los locales comerciales, que estamos trabajando en un diagnostico para establecer los multifactores que est\u00e1n afectando a estos sectores, para que sean objeto de estos robos en cualquiera de sus formas, y adem\u00e1s acercarlo a la comunidad invit\u00e1ndolo a denunciar, para que nosotros podamos distribuir nuestros servicios y destinarlos espec\u00edficamente a los lugares y horarios que se est\u00e1n ocurri\u00e9ndose los delitos\u201d, expres\u00f3 Espinoza.<br \/>\nCon la finalidad de detener los delitos y tambi\u00e9n poder sumar antecedentes para esclarecer los mismos, el Ministerio del Interior en conjunto con la fiscal\u00eda pusieron a disposici\u00f3n el n\u00famero telef\u00f3nico 600 400 0101, que se enmarca en una iniciativa del gobierno de denuncia segura para los vecinos.<br \/>\nAl ser consultada, la comisario sobre la problem\u00e1tica de la delincuencia en San Felipe, coment\u00f3 que \u201ces muy pronto para que yo pueda entregar una apreciaci\u00f3n a respecto de la circunstancia que est\u00e1 afectando a nuestra cuidad, pero el diagnostico est\u00e1 destinado a establecer los lugares, los modus operandi y cu\u00e1les son los factores externos, como por ejemplo la iluminaci\u00f3n que pueda estar afectando a estos locales comerciales\u201d.<br \/>\nEl afectado de los robos se mostr\u00f3 muy agradecido por la visita de la Comisario de San Felipe y destac\u00f3 que lo \u00fanico que le ped\u00eda es que la delincuencia sea perseguida por las instituciones que corresponde, y adem\u00e1s de poder aumentar la seguridad de parte de Carabineros para su local y todos los locales comerciales de la comuna.<br \/>\n\u201cBueno la experiencia es traum\u00e1tica, no sabes qu\u00e9 hacer, temes por tu vida y en este caso la vida de un cliente que estaba ac\u00e1, en cualquier horario te pueden asaltar dentro del d\u00eda, la verdad es que son experiencias que uno va viviendo, no sabes que hacer en ese momento por lo que intentas que los asaltantes se vayan\u201d, coment\u00f3 V\u00edctor Hugo Urbina.<br \/>\nAl ser consultado de la posibilidad de cerrar el negocio, el propietario muy decidido declar\u00f3, \u201cyo voy a seguir trabajando en el mismo horario, porque estoy preparado f\u00edsica y psicol\u00f3gicamente para esto. Yo esperaba que viniera la Mayor, estoy agradecido que viniera la Mayor, porque me siento apoyado y protegido por Carabineros y espero que no me vuelva a suceder a m\u00ed ni a otro comerciante\u201d.<br \/>\n<strong>Mat\u00edas Ortiz<\/strong><\/p>\n<figure id=\"attachment_56267\" aria-describedby=\"caption-attachment-56267\" style=\"width: 530px\" class=\"wp-caption alignleft\"><a href=\"http:\/\/www.eltrabajo.cl\/portal\/2015\/02\/comisaria-espinoza-visito-a-comerciante-asaltado-en-mares-alimentos\/maureen-y-victor\/\" rel=\"attachment wp-att-56267\"><img data-recalc-dims=\"1\" loading=\"lazy\" decoding=\"async\" class=\"size-full wp-image-56267\" src=\"https:\/\/i0.wp.com\/www.eltrabajo.cl\/portal\/wp-content\/uploads\/2015\/02\/maureen-y-victor.jpg?resize=530%2C349\" alt=\"La Comisario de San Felipe Maureen Espinoza, visit\u00f3 a comerciante afectado y se comprometi\u00f3 a aumentar vigilancia al local.\" width=\"530\" height=\"349\" srcset=\"https:\/\/i0.wp.com\/eltrabajo.cl\/portal\/wp-content\/uploads\/2015\/02\/maureen-y-victor.jpg?w=530&amp;ssl=1 530w, https:\/\/i0.wp.com\/eltrabajo.cl\/portal\/wp-content\/uploads\/2015\/02\/maureen-y-victor.jpg?resize=200%2C132&amp;ssl=1 200w, https:\/\/i0.wp.com\/eltrabajo.cl\/portal\/wp-content\/uploads\/2015\/02\/maureen-y-victor.jpg?resize=300%2C198&amp;ssl=1 300w, https:\/\/i0.wp.com\/eltrabajo.cl\/portal\/wp-content\/uploads\/2015\/02\/maureen-y-victor.jpg?resize=150%2C99&amp;ssl=1 150w, https:\/\/i0.wp.com\/eltrabajo.cl\/portal\/wp-content\/uploads\/2015\/02\/maureen-y-victor.jpg?resize=400%2C263&amp;ssl=1 400w\" sizes=\"auto, (max-width: 530px) 100vw, 530px\" \/><\/a><figcaption id=\"caption-attachment-56267\" class=\"wp-caption-text\">La Comisario de San Felipe Maureen Espinoza, visit\u00f3 a comerciante afectado y se comprometi\u00f3 a aumentar vigilancia al local.<\/figcaption><\/figure>\n","protected":false},"excerpt":{"rendered":"<p>Luego de los m\u00faltiples robos que sufri\u00f3 en su local \u2018Mares Alimentos\u2019, V\u00edctor Hugo Urbina recibi\u00f3 la visita en hora de la ma\u00f1ana de ayer, de la Comisario de la Segunda Comisaria&#8230;<\/p>\n","protected":false},"author":1,"featured_media":56267,"comment_status":"open","ping_status":"open","sticky":false,"template":"","format":"standard","meta":{"advanced_seo_description":"","jetpack_seo_html_title":"","jetpack_seo_noindex":false,"_jetpack_memberships_contains_paid_content":false,"footnotes":""},"categories":[15],"tags":[],"class_list":["post-56266","post","type-post","status-publish","format-standard","has-post-thumbnail","hentry","category-comunidad"],"jetpack_featured_media_url":"https:\/\/i0.wp.com\/eltrabajo.cl\/portal\/wp-content\/uploads\/2015\/02\/maureen-y-victor.jpg?fit=530%2C349&ssl=1","jetpack_sharing_enabled":true,"jetpack_likes_enabled":true,"jetpack-related-posts":[],"_links":{"self":[{"href":"https:\/\/eltrabajo.cl\/portal\/wp-json\/wp\/v2\/posts\/56266","targetHints":{"allow":["GET"]}}],"collection":[{"href":"https:\/\/eltrabajo.cl\/portal\/wp-json\/wp\/v2\/posts"}],"about":[{"href":"https:\/\/eltrabajo.cl\/portal\/wp-json\/wp\/v2\/types\/post"}],"author":[{"embeddable":true,"href":"https:\/\/eltrabajo.cl\/portal\/wp-json\/wp\/v2\/users\/1"}],"replies":[{"embeddable":true,"href":"https:\/\/eltrabajo.cl\/portal\/wp-json\/wp\/v2\/comments?post=56266"}],"version-history":[{"count":0,"href":"https:\/\/eltrabajo.cl\/portal\/wp-json\/wp\/v2\/posts\/56266\/revisions"}],"wp:featuredmedia":[{"embeddable":true,"href":"https:\/\/eltrabajo.cl\/portal\/wp-json\/wp\/v2\/media\/56267"}],"wp:attachment":[{"href":"https:\/\/eltrabajo.cl\/portal\/wp-json\/wp\/v2\/media?parent=56266"}],"wp:term":[{"taxonomy":"category","embeddable":true,"href":"https:\/\/eltrabajo.cl\/portal\/wp-json\/wp\/v2\/categories?post=56266"},{"taxonomy":"post_tag","embeddable":true,"href":"https:\/\/eltrabajo.cl\/portal\/wp-json\/wp\/v2\/tags?post=56266"}],"curies":[{"name":"wp","href":"https:\/\/api.w.org\/{rel}","templated":true}]}}