{"id":56303,"date":"2015-02-23T09:24:01","date_gmt":"2015-02-23T12:24:01","guid":{"rendered":"http:\/\/www.eltrabajo.cl\/portal\/?p=56303"},"modified":"2015-02-23T09:24:05","modified_gmt":"2015-02-23T12:24:05","slug":"aguas-servidas-tapan-alcantarillas-en-poblacion-bernardo-cruz","status":"publish","type":"post","link":"https:\/\/eltrabajo.cl\/portal\/aguas-servidas-tapan-alcantarillas-en-poblacion-bernardo-cruz\/","title":{"rendered":"Aguas servidas tapan alcantarillas en Poblaci\u00f3n Bernardo Cruz"},"content":{"rendered":"<p><strong>PUTAENDO.-<\/strong> La obstrucci\u00f3n de un colector gener\u00f3 que aguas servidas estuvieran cerca de generar una emergencia sanitaria en Poblaci\u00f3n Bernardo Cruz.<br \/>\nCarlos Rossel, propietario de una de las viviendas afectadas, asegur\u00f3 a Diario El Trabajo que hace unos d\u00edas su familia ven\u00eda sintiendo un fuerte olor a heces y que durante este s\u00e1bado la situaci\u00f3n se agrav\u00f3, luego que tras descargar la cadena del ba\u00f1o el agua se devolv\u00eda, por lo que decidieron romper las baldosas del patio para acceder a la c\u00e1mara de alcantarilla y verificaron que \u00e9sta estaba llena de aguas servidas, lo que hac\u00eda que la descarga del ba\u00f1o se devolviera.<\/p>\n<p><strong>ATIENDEN EMERGENCIA<\/strong><br \/>\nEl afectado sostuvo que luego decidieron destapar la alcantarilla que est\u00e1 en el pasaje y vieron que estaba llena de excremento, mientras que en otra alcantarilla introdujeron una varilla a trav\u00e9s del orificio y se dieron cuenta que \u00e9sta estaba llena, por lo que solicitaron la presencia de Esval.<br \/>\nPersoneros de la empresa se apersonaron en el lugar y comprobaron la gravedad de la situaci\u00f3n, ante lo cual decidieron realizar un trabajo de emergencia tendiente a despejar el colector, lo que se logr\u00f3 antes que la alcantarilla colapsara y el agua servida ingresara a alguna vivienda o escurriera por la calle.<br \/>\nEl Gerente Zonal de Esval, Alejandro Romero, se\u00f1al\u00f3 que en este caso y gracias al oportuno aviso de vecinos, la situaci\u00f3n no pas\u00f3 a mayores, lo que permiti\u00f3 enviar oportunamente un equipo de emergencia al sector, mientras se investiga que ocurri\u00f3, pues al liberar el colector no se encontraron elementos que demostraran una obstrucci\u00f3n en el colector.<br \/>\n<strong>Patricio Gallardo M.<\/strong><\/p>\n<figure id=\"attachment_56304\" aria-describedby=\"caption-attachment-56304\" style=\"width: 530px\" class=\"wp-caption alignleft\"><a href=\"http:\/\/www.eltrabajo.cl\/portal\/2015\/02\/aguas-servidas-tapan-alcantarillas-en-poblacion-bernardo-cruz\/aguas-servidas-3\/\" rel=\"attachment wp-att-56304\"><img data-recalc-dims=\"1\" loading=\"lazy\" decoding=\"async\" class=\"size-full wp-image-56304\" src=\"https:\/\/i0.wp.com\/www.eltrabajo.cl\/portal\/wp-content\/uploads\/2015\/02\/AGUAS-SERVIDAS-3.jpg?resize=530%2C350\" alt=\"La obstrucci\u00f3n de un colector gener\u00f3 que aguas servidas estuvieran cerca de generar una emergencia sanitaria en Poblaci\u00f3n Bernardo Cruz. \" width=\"530\" height=\"350\" srcset=\"https:\/\/i0.wp.com\/eltrabajo.cl\/portal\/wp-content\/uploads\/2015\/02\/AGUAS-SERVIDAS-3.jpg?w=530&amp;ssl=1 530w, https:\/\/i0.wp.com\/eltrabajo.cl\/portal\/wp-content\/uploads\/2015\/02\/AGUAS-SERVIDAS-3.jpg?resize=200%2C132&amp;ssl=1 200w, https:\/\/i0.wp.com\/eltrabajo.cl\/portal\/wp-content\/uploads\/2015\/02\/AGUAS-SERVIDAS-3.jpg?resize=300%2C198&amp;ssl=1 300w, https:\/\/i0.wp.com\/eltrabajo.cl\/portal\/wp-content\/uploads\/2015\/02\/AGUAS-SERVIDAS-3.jpg?resize=150%2C99&amp;ssl=1 150w, https:\/\/i0.wp.com\/eltrabajo.cl\/portal\/wp-content\/uploads\/2015\/02\/AGUAS-SERVIDAS-3.jpg?resize=400%2C264&amp;ssl=1 400w\" sizes=\"auto, (max-width: 530px) 100vw, 530px\" \/><\/a><figcaption id=\"caption-attachment-56304\" class=\"wp-caption-text\">La obstrucci\u00f3n de un colector gener\u00f3 que aguas servidas estuvieran cerca de generar una emergencia sanitaria en Poblaci\u00f3n Bernardo Cruz.<\/figcaption><\/figure>\n","protected":false},"excerpt":{"rendered":"<p>PUTAENDO.- La obstrucci\u00f3n de un colector gener\u00f3 que aguas servidas estuvieran cerca de generar una emergencia sanitaria en Poblaci\u00f3n Bernardo Cruz. Carlos Rossel, propietario de una de las viviendas afectadas, asegur\u00f3 a&#8230;<\/p>\n","protected":false},"author":1,"featured_media":56304,"comment_status":"open","ping_status":"open","sticky":false,"template":"","format":"standard","meta":{"advanced_seo_description":"","jetpack_seo_html_title":"","jetpack_seo_noindex":false,"_jetpack_memberships_contains_paid_content":false,"footnotes":""},"categories":[15],"tags":[],"class_list":["post-56303","post","type-post","status-publish","format-standard","has-post-thumbnail","hentry","category-comunidad"],"jetpack_featured_media_url":"https:\/\/i0.wp.com\/eltrabajo.cl\/portal\/wp-content\/uploads\/2015\/02\/AGUAS-SERVIDAS-3.jpg?fit=530%2C350&ssl=1","jetpack_sharing_enabled":true,"jetpack_likes_enabled":true,"jetpack-related-posts":[],"_links":{"self":[{"href":"https:\/\/eltrabajo.cl\/portal\/wp-json\/wp\/v2\/posts\/56303","targetHints":{"allow":["GET"]}}],"collection":[{"href":"https:\/\/eltrabajo.cl\/portal\/wp-json\/wp\/v2\/posts"}],"about":[{"href":"https:\/\/eltrabajo.cl\/portal\/wp-json\/wp\/v2\/types\/post"}],"author":[{"embeddable":true,"href":"https:\/\/eltrabajo.cl\/portal\/wp-json\/wp\/v2\/users\/1"}],"replies":[{"embeddable":true,"href":"https:\/\/eltrabajo.cl\/portal\/wp-json\/wp\/v2\/comments?post=56303"}],"version-history":[{"count":0,"href":"https:\/\/eltrabajo.cl\/portal\/wp-json\/wp\/v2\/posts\/56303\/revisions"}],"wp:featuredmedia":[{"embeddable":true,"href":"https:\/\/eltrabajo.cl\/portal\/wp-json\/wp\/v2\/media\/56304"}],"wp:attachment":[{"href":"https:\/\/eltrabajo.cl\/portal\/wp-json\/wp\/v2\/media?parent=56303"}],"wp:term":[{"taxonomy":"category","embeddable":true,"href":"https:\/\/eltrabajo.cl\/portal\/wp-json\/wp\/v2\/categories?post=56303"},{"taxonomy":"post_tag","embeddable":true,"href":"https:\/\/eltrabajo.cl\/portal\/wp-json\/wp\/v2\/tags?post=56303"}],"curies":[{"name":"wp","href":"https:\/\/api.w.org\/{rel}","templated":true}]}}