{"id":56307,"date":"2015-02-23T09:27:24","date_gmt":"2015-02-23T12:27:24","guid":{"rendered":"http:\/\/www.eltrabajo.cl\/portal\/?p=56307"},"modified":"2015-02-23T09:27:24","modified_gmt":"2015-02-23T12:27:24","slug":"belen-iturrieta-se-corono-reina-de-la-chaya-y-antukai-mawen-causo-furor","status":"publish","type":"post","link":"https:\/\/eltrabajo.cl\/portal\/belen-iturrieta-se-corono-reina-de-la-chaya-y-antukai-mawen-causo-furor\/","title":{"rendered":"Bel\u00e9n Iturrieta se coron\u00f3 Reina de la Chaya y AntuKai Mawen caus\u00f3 furor"},"content":{"rendered":"<p><strong>PUTAENDO.-<\/strong> Una gran noche tuvo la \u00faltima jornada del Carnaval de la Chaya de Putaendo, luego de la presentaci\u00f3n del Grupo Rey, Luchito Huerta y sus Llaneros, AntuKai Mawen y la Sonora Dinamita, en donde tambi\u00e9n la candidata del Hospital Psiqui\u00e1trico, Bel\u00e9n Iturrieta, se coron\u00f3 como Reina del Carnaval de la Chaya.<br \/>\nEl ya consagrado Grupo Rey, fue el encargado de abrir esta \u00faltima jornada, y con un excelente repertorio tropical deleit\u00f3 al p\u00fablico que los mantuvo en el escenario en una prolongada presentaci\u00f3n, puesto que los miles de asistentes disfrutaron a concho el ritmo de Grupo Rey, por lo que debieron subir nuevamente al escenario.<br \/>\nLo suyo tambi\u00e9n hizo Luchito Huerta y sus Llaneros, quienes con un movido repertorio ranchero hicieron bailar al p\u00fablico al ritmo de sus mejores temas, recibiendo un cerrado aplauso entre gritos que ped\u00edan que volvieran nuevamente al escenario, llev\u00e1ndose todo el cari\u00f1o de las miles de personas que repletaron la plaza de Putaendo.<br \/>\nUn emotivo momento se vivi\u00f3 durante la coronaci\u00f3n de la nueva Reina del Carnaval de la Chaya luego de nueve d\u00edas en que las representantes del Hospital Psiqui\u00e1trico Dr. Philippe Pinel y la Escuela de F\u00fatbol Valle de Putando, hicieron su mejor esfuerzo, en donde finalmente Bel\u00e9n Iturrieta, representante del hospital psiqui\u00e1trico, se coron\u00f3 como la nueva soberana, mientras que Daniela Ferrada, representante de la Escuela de F\u00fatbol Valle de Putaendo, recibi\u00f3 el t\u00edtulo de Virreina.<br \/>\nBel\u00e9n Iturrieta acompa\u00f1ada de su Rey Feo, Javier Maldonado, y quien recibi\u00f3 la corona de manos de la reina de la Chaya 2014, Marcela Estay, se mostr\u00f3 contenta con el triunfo, el que dedic\u00f3 especialmente a su padre, Jorge Iturrieta, quien fue un apoyo fundamental durante esta candidatura y agradeci\u00f3 a todas las personas y funcionarios del hospital que estuvieron junto a ella colaborando en todas las actividades.<br \/>\nEntre aplausos subi\u00f3 al escenario Grupo AntuKai Mawen, compuesto por los fundadores de Sol y Lluvia, quienes brindaron al p\u00fablico grandes temas como \u2018Largo Tour\u2019, \u2018Adi\u00f3s General\u2019 y \u2018Esp\u00edritu Santo\u2019 entre otros, desatando la euforia del p\u00fablico que core\u00f3 cada uno de los temas de estos consagrados m\u00fasicos, quienes al ritmo de la m\u00fasica latinoamericana y con un profundo contenido social, lograron entusiasmar a las miles de personas que concurrieron a la \u00faltima noche del Carnaval de la Chaya.<br \/>\nLos encargados de cerrar la jornada fueron los integrantes de Sonora Dinamita, quienes al ritmo de la cumbia dieron el toque perfecto para cerrar con emoci\u00f3n y alegr\u00eda una nueva versi\u00f3n del Carnaval de la Chaya, que culmin\u00f3 pasadas las 03:00 horas de ayer domingo.<br \/>\n<strong>Patricio Gallardo M.<\/strong><\/p>\n<div class=\"tiled-gallery type-rectangular tiled-gallery-unresized\" data-original-width=\"640\" data-carousel-extra='null' itemscope itemtype=\"http:\/\/schema.org\/ImageGallery\" > <div class=\"gallery-row\" style=\"width: 640px; height: 283px;\" data-original-width=\"640\" data-original-height=\"283\" > <div class=\"gallery-group images-1\" style=\"width: 427px; height: 283px;\" data-original-width=\"427\" data-original-height=\"283\" > <div class=\"tiled-gallery-item tiled-gallery-item-large\" itemprop=\"associatedMedia\" itemscope itemtype=\"http:\/\/schema.org\/ImageObject\"> <a href=\"https:\/\/eltrabajo.cl\/portal\/belen-iturrieta-se-corono-reina-de-la-chaya-y-antukai-mawen-causo-furor\/grupo-rey\/\" border=\"0\" itemprop=\"url\"> <meta itemprop=\"width\" content=\"423\"> <meta itemprop=\"height\" content=\"279\"> <img decoding=\"async\" class=\"\" data-attachment-id=\"56308\" data-orig-file=\"https:\/\/eltrabajo.cl\/portal\/wp-content\/uploads\/2015\/02\/Grupo-Rey.jpg\" data-orig-size=\"530,350\" data-comments-opened=\"1\" data-image-meta=\"{&quot;aperture&quot;:&quot;0&quot;,&quot;credit&quot;:&quot;&quot;,&quot;camera&quot;:&quot;&quot;,&quot;caption&quot;:&quot;&quot;,&quot;created_timestamp&quot;:&quot;0&quot;,&quot;copyright&quot;:&quot;[wopmind]&quot;,&quot;focal_length&quot;:&quot;0&quot;,&quot;iso&quot;:&quot;0&quot;,&quot;shutter_speed&quot;:&quot;0&quot;,&quot;title&quot;:&quot;&quot;,&quot;orientation&quot;:&quot;0&quot;}\" data-image-title=\"Grupo Rey\" data-image-description=\"&lt;p&gt;El ya consagrado Grupo Rey fue el encargado de abrir esta \u00faltima jornada, y con un excelente repertorio tropical deleit\u00f3 al p\u00fablico que los mantuvo en el escenario en una prolongada presentaci\u00f3n.&lt;\/p&gt; \" data-medium-file=\"https:\/\/i0.wp.com\/eltrabajo.cl\/portal\/wp-content\/uploads\/2015\/02\/Grupo-Rey.jpg?fit=300%2C198&#038;ssl=1\" data-large-file=\"https:\/\/i0.wp.com\/eltrabajo.cl\/portal\/wp-content\/uploads\/2015\/02\/Grupo-Rey.jpg?fit=530%2C350&#038;ssl=1\" src=\"https:\/\/i0.wp.com\/eltrabajo.cl\/portal\/wp-content\/uploads\/2015\/02\/Grupo-Rey.jpg?w=423&#038;h=279&#038;ssl=1\" srcset=\"https:\/\/i0.wp.com\/eltrabajo.cl\/portal\/wp-content\/uploads\/2015\/02\/Grupo-Rey.jpg?w=530&amp;ssl=1 530w, https:\/\/i0.wp.com\/eltrabajo.cl\/portal\/wp-content\/uploads\/2015\/02\/Grupo-Rey.jpg?resize=200%2C132&amp;ssl=1 200w, https:\/\/i0.wp.com\/eltrabajo.cl\/portal\/wp-content\/uploads\/2015\/02\/Grupo-Rey.jpg?resize=300%2C198&amp;ssl=1 300w, https:\/\/i0.wp.com\/eltrabajo.cl\/portal\/wp-content\/uploads\/2015\/02\/Grupo-Rey.jpg?resize=150%2C99&amp;ssl=1 150w, https:\/\/i0.wp.com\/eltrabajo.cl\/portal\/wp-content\/uploads\/2015\/02\/Grupo-Rey.jpg?resize=400%2C264&amp;ssl=1 400w\" width=\"423\" height=\"279\" loading=\"lazy\" data-original-width=\"423\" data-original-height=\"279\" itemprop=\"http:\/\/schema.org\/image\" title=\"Grupo Rey\" alt=\"El ya consagrado Grupo Rey fue el encargado de abrir esta \u00faltima jornada, y con un excelente repertorio tropical deleit\u00f3 al p\u00fablico que los mantuvo en el escenario en una prolongada presentaci\u00f3n.\" style=\"width: 423px; height: 279px;\" \/> <\/a> <div class=\"tiled-gallery-caption\" itemprop=\"caption description\"> El ya consagrado Grupo Rey fue el encargado de abrir esta \u00faltima jornada, y con un excelente repertorio tropical deleit\u00f3 al p\u00fablico que los mantuvo en el escenario en una prolongada presentaci\u00f3n. <\/div> <\/div> <\/div> <!-- close group --> <div class=\"gallery-group images-2\" style=\"width: 213px; height: 283px;\" data-original-width=\"213\" data-original-height=\"283\" > <div class=\"tiled-gallery-item tiled-gallery-item-small\" itemprop=\"associatedMedia\" itemscope itemtype=\"http:\/\/schema.org\/ImageObject\"> <a href=\"https:\/\/eltrabajo.cl\/portal\/belen-iturrieta-se-corono-reina-de-la-chaya-y-antukai-mawen-causo-furor\/publico1-10\/\" border=\"0\" itemprop=\"url\"> <meta itemprop=\"width\" content=\"209\"> <meta itemprop=\"height\" content=\"138\"> <img decoding=\"async\" class=\"\" data-attachment-id=\"56309\" data-orig-file=\"https:\/\/eltrabajo.cl\/portal\/wp-content\/uploads\/2015\/02\/Publico1.jpg\" data-orig-size=\"530,350\" data-comments-opened=\"1\" data-image-meta=\"{&quot;aperture&quot;:&quot;0&quot;,&quot;credit&quot;:&quot;&quot;,&quot;camera&quot;:&quot;&quot;,&quot;caption&quot;:&quot;&quot;,&quot;created_timestamp&quot;:&quot;0&quot;,&quot;copyright&quot;:&quot;[wopmind]&quot;,&quot;focal_length&quot;:&quot;0&quot;,&quot;iso&quot;:&quot;0&quot;,&quot;shutter_speed&quot;:&quot;0&quot;,&quot;title&quot;:&quot;&quot;,&quot;orientation&quot;:&quot;0&quot;}\" data-image-title=\"Publico1\" data-image-description=\"&lt;p&gt;Los putaendinos se dieron cita en el centro de la comuna para disfrutar en grande de la \u00faltima noche de Chaya 2015.&lt;\/p&gt; \" data-medium-file=\"https:\/\/i0.wp.com\/eltrabajo.cl\/portal\/wp-content\/uploads\/2015\/02\/Publico1.jpg?fit=300%2C198&#038;ssl=1\" data-large-file=\"https:\/\/i0.wp.com\/eltrabajo.cl\/portal\/wp-content\/uploads\/2015\/02\/Publico1.jpg?fit=530%2C350&#038;ssl=1\" src=\"https:\/\/i0.wp.com\/eltrabajo.cl\/portal\/wp-content\/uploads\/2015\/02\/Publico1.jpg?w=209&#038;h=138&#038;ssl=1\" srcset=\"https:\/\/i0.wp.com\/eltrabajo.cl\/portal\/wp-content\/uploads\/2015\/02\/Publico1.jpg?w=530&amp;ssl=1 530w, https:\/\/i0.wp.com\/eltrabajo.cl\/portal\/wp-content\/uploads\/2015\/02\/Publico1.jpg?resize=200%2C132&amp;ssl=1 200w, https:\/\/i0.wp.com\/eltrabajo.cl\/portal\/wp-content\/uploads\/2015\/02\/Publico1.jpg?resize=300%2C198&amp;ssl=1 300w, https:\/\/i0.wp.com\/eltrabajo.cl\/portal\/wp-content\/uploads\/2015\/02\/Publico1.jpg?resize=150%2C99&amp;ssl=1 150w, https:\/\/i0.wp.com\/eltrabajo.cl\/portal\/wp-content\/uploads\/2015\/02\/Publico1.jpg?resize=400%2C264&amp;ssl=1 400w\" width=\"209\" height=\"138\" loading=\"lazy\" data-original-width=\"209\" data-original-height=\"138\" itemprop=\"http:\/\/schema.org\/image\" title=\"Publico1\" alt=\"Los putaendinos se dieron cita en el centro de la comuna para disfrutar en grande de la \u00faltima noche de Chaya 2015.\" style=\"width: 209px; height: 138px;\" \/> <\/a> <div class=\"tiled-gallery-caption\" itemprop=\"caption description\"> Los putaendinos se dieron cita en el centro de la comuna para disfrutar en grande de la \u00faltima noche de Chaya 2015. <\/div> <\/div> <div class=\"tiled-gallery-item tiled-gallery-item-small\" itemprop=\"associatedMedia\" itemscope itemtype=\"http:\/\/schema.org\/ImageObject\"> <a href=\"https:\/\/eltrabajo.cl\/portal\/belen-iturrieta-se-corono-reina-de-la-chaya-y-antukai-mawen-causo-furor\/reina1-3\/\" border=\"0\" itemprop=\"url\"> <meta itemprop=\"width\" content=\"209\"> <meta itemprop=\"height\" content=\"137\"> <img decoding=\"async\" class=\"\" data-attachment-id=\"56310\" data-orig-file=\"https:\/\/eltrabajo.cl\/portal\/wp-content\/uploads\/2015\/02\/Reina1.jpg\" data-orig-size=\"530,348\" data-comments-opened=\"1\" data-image-meta=\"{&quot;aperture&quot;:&quot;0&quot;,&quot;credit&quot;:&quot;&quot;,&quot;camera&quot;:&quot;&quot;,&quot;caption&quot;:&quot;&quot;,&quot;created_timestamp&quot;:&quot;0&quot;,&quot;copyright&quot;:&quot;[wopmind]&quot;,&quot;focal_length&quot;:&quot;0&quot;,&quot;iso&quot;:&quot;0&quot;,&quot;shutter_speed&quot;:&quot;0&quot;,&quot;title&quot;:&quot;&quot;,&quot;orientation&quot;:&quot;0&quot;}\" data-image-title=\"Reina1\" data-image-description=\"&lt;p&gt;Bel\u00e9n Iturrieta acompa\u00f1ada de su Rey Feo, Javier Maldonado.&lt;\/p&gt; \" data-medium-file=\"https:\/\/i0.wp.com\/eltrabajo.cl\/portal\/wp-content\/uploads\/2015\/02\/Reina1.jpg?fit=300%2C197&#038;ssl=1\" data-large-file=\"https:\/\/i0.wp.com\/eltrabajo.cl\/portal\/wp-content\/uploads\/2015\/02\/Reina1.jpg?fit=530%2C348&#038;ssl=1\" src=\"https:\/\/i0.wp.com\/eltrabajo.cl\/portal\/wp-content\/uploads\/2015\/02\/Reina1.jpg?w=209&#038;h=137&#038;ssl=1\" srcset=\"https:\/\/i0.wp.com\/eltrabajo.cl\/portal\/wp-content\/uploads\/2015\/02\/Reina1.jpg?w=530&amp;ssl=1 530w, https:\/\/i0.wp.com\/eltrabajo.cl\/portal\/wp-content\/uploads\/2015\/02\/Reina1.jpg?resize=200%2C131&amp;ssl=1 200w, https:\/\/i0.wp.com\/eltrabajo.cl\/portal\/wp-content\/uploads\/2015\/02\/Reina1.jpg?resize=300%2C197&amp;ssl=1 300w, https:\/\/i0.wp.com\/eltrabajo.cl\/portal\/wp-content\/uploads\/2015\/02\/Reina1.jpg?resize=150%2C98&amp;ssl=1 150w, https:\/\/i0.wp.com\/eltrabajo.cl\/portal\/wp-content\/uploads\/2015\/02\/Reina1.jpg?resize=400%2C263&amp;ssl=1 400w\" width=\"209\" height=\"137\" loading=\"lazy\" data-original-width=\"209\" data-original-height=\"137\" itemprop=\"http:\/\/schema.org\/image\" title=\"Reina1\" alt=\"Bel\u00e9n Iturrieta acompa\u00f1ada de su Rey Feo, Javier Maldonado.\" style=\"width: 209px; height: 137px;\" \/> <\/a> <div class=\"tiled-gallery-caption\" itemprop=\"caption description\"> Bel\u00e9n Iturrieta acompa\u00f1ada de su Rey Feo, Javier Maldonado. <\/div> <\/div> <\/div> <!-- close group --> <\/div> <!-- close row --> <\/div>\n","protected":false},"excerpt":{"rendered":"<p>PUTAENDO.- Una gran noche tuvo la \u00faltima jornada del Carnaval de la Chaya de Putaendo, luego de la presentaci\u00f3n del Grupo Rey, Luchito Huerta y sus Llaneros, AntuKai Mawen y la Sonora&#8230;<\/p>\n","protected":false},"author":1,"featured_media":56309,"comment_status":"open","ping_status":"open","sticky":false,"template":"","format":"standard","meta":{"advanced_seo_description":"","jetpack_seo_html_title":"","jetpack_seo_noindex":false,"_jetpack_memberships_contains_paid_content":false,"footnotes":""},"categories":[15],"tags":[],"class_list":["post-56307","post","type-post","status-publish","format-standard","has-post-thumbnail","hentry","category-comunidad"],"jetpack_featured_media_url":"https:\/\/i0.wp.com\/eltrabajo.cl\/portal\/wp-content\/uploads\/2015\/02\/Publico1.jpg?fit=530%2C350&ssl=1","jetpack_sharing_enabled":true,"jetpack_likes_enabled":true,"jetpack-related-posts":[],"_links":{"self":[{"href":"https:\/\/eltrabajo.cl\/portal\/wp-json\/wp\/v2\/posts\/56307","targetHints":{"allow":["GET"]}}],"collection":[{"href":"https:\/\/eltrabajo.cl\/portal\/wp-json\/wp\/v2\/posts"}],"about":[{"href":"https:\/\/eltrabajo.cl\/portal\/wp-json\/wp\/v2\/types\/post"}],"author":[{"embeddable":true,"href":"https:\/\/eltrabajo.cl\/portal\/wp-json\/wp\/v2\/users\/1"}],"replies":[{"embeddable":true,"href":"https:\/\/eltrabajo.cl\/portal\/wp-json\/wp\/v2\/comments?post=56307"}],"version-history":[{"count":0,"href":"https:\/\/eltrabajo.cl\/portal\/wp-json\/wp\/v2\/posts\/56307\/revisions"}],"wp:featuredmedia":[{"embeddable":true,"href":"https:\/\/eltrabajo.cl\/portal\/wp-json\/wp\/v2\/media\/56309"}],"wp:attachment":[{"href":"https:\/\/eltrabajo.cl\/portal\/wp-json\/wp\/v2\/media?parent=56307"}],"wp:term":[{"taxonomy":"category","embeddable":true,"href":"https:\/\/eltrabajo.cl\/portal\/wp-json\/wp\/v2\/categories?post=56307"},{"taxonomy":"post_tag","embeddable":true,"href":"https:\/\/eltrabajo.cl\/portal\/wp-json\/wp\/v2\/tags?post=56307"}],"curies":[{"name":"wp","href":"https:\/\/api.w.org\/{rel}","templated":true}]}}