{"id":56321,"date":"2015-02-23T09:34:49","date_gmt":"2015-02-23T12:34:49","guid":{"rendered":"http:\/\/www.eltrabajo.cl\/portal\/?p=56321"},"modified":"2015-02-23T09:34:49","modified_gmt":"2015-02-23T12:34:49","slug":"pensionados-deben-esperar-hasta-tres-horas-para-cobrar-su-pension","status":"publish","type":"post","link":"https:\/\/eltrabajo.cl\/portal\/pensionados-deben-esperar-hasta-tres-horas-para-cobrar-su-pension\/","title":{"rendered":"Pensionados deben esperar hasta tres horas para cobrar su pensi\u00f3n"},"content":{"rendered":"<ul>\n<li><strong>Se quejan por insuficiente atenci\u00f3n en Servipag de Calle Prat.<\/strong><\/li>\n<\/ul>\n<p>Gran molestia expres\u00f3 un gran n\u00famero de pensionados, quienes se vieron afectados por el cierre de un local de la empresa Servipag, lo que los oblig\u00f3 a trasladarse a una sucursal que tan s\u00f3lo tiene una caja disponible para el gran n\u00famero de adultos mayores que llegaron para cobrar sus pensiones. Personas con problemas de salud tuvieron que estar m\u00e1s de dos horas para esperar la atenci\u00f3n que comenzaba a las 11:00 horas.<br \/>\nComo era de costumbre, el viernes reci\u00e9n pasado adultos mayores acud\u00edan a la sucursal de la empresa Servipag a cobrar sus pensiones y se encontraron con la gran sorpresa que el cierre de la sucursal m\u00e1s grande la empresa ubicada en Calle Prat se encontraba cerrada y tuvieron que desplazarse hasta la sucursal que se encuentra dentro de un supermercado en Merced con Toro Mazote.<br \/>\n\u00abAqu\u00ed hay gente que est\u00e1 esperando de las 08:00 horas y abren a las 11:00 horas, incluso no hay ni sillas para que nos podamos sentar, somos s\u00f3lo personas de la tercera edad, que la gran mayor\u00eda tenemos problemas para desplazarnos y aqu\u00ed no cuentan con la infraestructura para atender a personas como nosotros. Hay personas minusv\u00e1lidas y con artrosis, pero la empresa no cuenta con nada\u00bb, expresaba un Adulto Mayor muy enojado.<br \/>\nSeg\u00fan informaci\u00f3n que pudo recopilar Diario El Trabajo con los adultos mayores, el cierre de la sucursal m\u00e1s grande de la empresa estaba prevista para los primeros d\u00edas de marzo, pero fue adelantada sin ser informados los afectados por la medida.<br \/>\n\u00abEl mejor chiste es \u00e9ste, aqu\u00ed hay gente que viene de Llay Llay, Catemu y Granallas, aqu\u00ed el servicio de Servipag es lo peor, en la antigua sucursal empezaban a atender a las 09:00 horas y aqu\u00ed a las 11:00 horas, incluso las personas que est\u00e1n al final de la fila pueden quedar sin atenci\u00f3n, ya que s\u00f3lo atienden de las 11:00 hasta las 13:00 horas, por lo que es muy poca la atenci\u00f3n. La cajera hace bien su trabajo, ella cumple con su trabajo, pero la empresa tiene que hacer algo\u00bb, comentaban.<br \/>\nLos adultos mayores no tienen c\u00f3mo expresar su malestar con la empresa que no contaba con el libro de reclamos, tambi\u00e9n los adultos mayores piden respuestas y medidas para mitigar esta problem\u00e1tica, piden que el Estado haga gestiones para ampliar las posibilidades para cobrar la pensi\u00f3n.<br \/>\n<strong>Mat\u00edas Ortiz<\/strong><\/p>\n<div class=\"tiled-gallery type-rectangular tiled-gallery-unresized\" data-original-width=\"640\" data-carousel-extra='null' itemscope itemtype=\"http:\/\/schema.org\/ImageGallery\" > <div class=\"gallery-row\" style=\"width: 640px; height: 213px;\" data-original-width=\"640\" data-original-height=\"213\" > <div class=\"gallery-group images-1\" style=\"width: 320px; height: 213px;\" data-original-width=\"320\" data-original-height=\"213\" > <div class=\"tiled-gallery-item tiled-gallery-item-large\" itemprop=\"associatedMedia\" itemscope itemtype=\"http:\/\/schema.org\/ImageObject\"> <a href=\"https:\/\/eltrabajo.cl\/portal\/pensionados-deben-esperar-hasta-tres-horas-para-cobrar-su-pension\/adultos-2\/\" border=\"0\" itemprop=\"url\"> <meta itemprop=\"width\" content=\"316\"> <meta itemprop=\"height\" content=\"209\"> <img decoding=\"async\" class=\"\" data-attachment-id=\"56322\" data-orig-file=\"https:\/\/eltrabajo.cl\/portal\/wp-content\/uploads\/2015\/02\/adultos.jpg\" data-orig-size=\"530,350\" data-comments-opened=\"1\" data-image-meta=\"{&quot;aperture&quot;:&quot;0&quot;,&quot;credit&quot;:&quot;&quot;,&quot;camera&quot;:&quot;&quot;,&quot;caption&quot;:&quot;&quot;,&quot;created_timestamp&quot;:&quot;0&quot;,&quot;copyright&quot;:&quot;&quot;,&quot;focal_length&quot;:&quot;0&quot;,&quot;iso&quot;:&quot;0&quot;,&quot;shutter_speed&quot;:&quot;0&quot;,&quot;title&quot;:&quot;&quot;,&quot;orientation&quot;:&quot;0&quot;}\" data-image-title=\"adultos\" data-image-description=\"&lt;p&gt;Como estos abuelitos, muchos m\u00e1s tuvieron que esperar m\u00e1s de tres horas para cobrar su pensi\u00f3n.&lt;\/p&gt; \" data-medium-file=\"https:\/\/i0.wp.com\/eltrabajo.cl\/portal\/wp-content\/uploads\/2015\/02\/adultos.jpg?fit=300%2C198&#038;ssl=1\" data-large-file=\"https:\/\/i0.wp.com\/eltrabajo.cl\/portal\/wp-content\/uploads\/2015\/02\/adultos.jpg?fit=530%2C350&#038;ssl=1\" src=\"https:\/\/i0.wp.com\/eltrabajo.cl\/portal\/wp-content\/uploads\/2015\/02\/adultos.jpg?w=316&#038;h=209&#038;ssl=1\" srcset=\"https:\/\/i0.wp.com\/eltrabajo.cl\/portal\/wp-content\/uploads\/2015\/02\/adultos.jpg?w=530&amp;ssl=1 530w, https:\/\/i0.wp.com\/eltrabajo.cl\/portal\/wp-content\/uploads\/2015\/02\/adultos.jpg?resize=200%2C132&amp;ssl=1 200w, https:\/\/i0.wp.com\/eltrabajo.cl\/portal\/wp-content\/uploads\/2015\/02\/adultos.jpg?resize=300%2C198&amp;ssl=1 300w, https:\/\/i0.wp.com\/eltrabajo.cl\/portal\/wp-content\/uploads\/2015\/02\/adultos.jpg?resize=150%2C99&amp;ssl=1 150w, https:\/\/i0.wp.com\/eltrabajo.cl\/portal\/wp-content\/uploads\/2015\/02\/adultos.jpg?resize=400%2C264&amp;ssl=1 400w\" width=\"316\" height=\"209\" loading=\"lazy\" data-original-width=\"316\" data-original-height=\"209\" itemprop=\"http:\/\/schema.org\/image\" title=\"adultos\" alt=\"Como estos abuelitos, muchos m\u00e1s tuvieron que esperar m\u00e1s de tres horas para cobrar su pensi\u00f3n.\" style=\"width: 316px; height: 209px;\" \/> <\/a> <div class=\"tiled-gallery-caption\" itemprop=\"caption description\"> Como estos abuelitos, muchos m\u00e1s tuvieron que esperar m\u00e1s de tres horas para cobrar su pensi\u00f3n. <\/div> <\/div> <\/div> <!-- close group --> <div class=\"gallery-group images-1\" style=\"width: 320px; height: 213px;\" data-original-width=\"320\" data-original-height=\"213\" > <div class=\"tiled-gallery-item tiled-gallery-item-large\" itemprop=\"associatedMedia\" itemscope itemtype=\"http:\/\/schema.org\/ImageObject\"> <a href=\"https:\/\/eltrabajo.cl\/portal\/pensionados-deben-esperar-hasta-tres-horas-para-cobrar-su-pension\/fila\/\" border=\"0\" itemprop=\"url\"> <meta itemprop=\"width\" content=\"316\"> <meta itemprop=\"height\" content=\"209\"> <img decoding=\"async\" class=\"\" data-attachment-id=\"56323\" data-orig-file=\"https:\/\/eltrabajo.cl\/portal\/wp-content\/uploads\/2015\/02\/fila.jpg\" data-orig-size=\"530,350\" data-comments-opened=\"1\" data-image-meta=\"{&quot;aperture&quot;:&quot;0&quot;,&quot;credit&quot;:&quot;&quot;,&quot;camera&quot;:&quot;&quot;,&quot;caption&quot;:&quot;&quot;,&quot;created_timestamp&quot;:&quot;0&quot;,&quot;copyright&quot;:&quot;&quot;,&quot;focal_length&quot;:&quot;0&quot;,&quot;iso&quot;:&quot;0&quot;,&quot;shutter_speed&quot;:&quot;0&quot;,&quot;title&quot;:&quot;&quot;,&quot;orientation&quot;:&quot;0&quot;}\" data-image-title=\"fila\" data-image-description=\"&lt;p&gt;La imagen habla por s\u00ed sola sobre esta situaci\u00f3n que afecta principalmente a los adultos mayores, que deben esperar por horas para ser atendidos.&lt;\/p&gt; \" data-medium-file=\"https:\/\/i0.wp.com\/eltrabajo.cl\/portal\/wp-content\/uploads\/2015\/02\/fila.jpg?fit=300%2C198&#038;ssl=1\" data-large-file=\"https:\/\/i0.wp.com\/eltrabajo.cl\/portal\/wp-content\/uploads\/2015\/02\/fila.jpg?fit=530%2C350&#038;ssl=1\" src=\"https:\/\/i0.wp.com\/eltrabajo.cl\/portal\/wp-content\/uploads\/2015\/02\/fila.jpg?w=316&#038;h=209&#038;ssl=1\" srcset=\"https:\/\/i0.wp.com\/eltrabajo.cl\/portal\/wp-content\/uploads\/2015\/02\/fila.jpg?w=530&amp;ssl=1 530w, https:\/\/i0.wp.com\/eltrabajo.cl\/portal\/wp-content\/uploads\/2015\/02\/fila.jpg?resize=200%2C132&amp;ssl=1 200w, https:\/\/i0.wp.com\/eltrabajo.cl\/portal\/wp-content\/uploads\/2015\/02\/fila.jpg?resize=300%2C198&amp;ssl=1 300w, https:\/\/i0.wp.com\/eltrabajo.cl\/portal\/wp-content\/uploads\/2015\/02\/fila.jpg?resize=150%2C99&amp;ssl=1 150w, https:\/\/i0.wp.com\/eltrabajo.cl\/portal\/wp-content\/uploads\/2015\/02\/fila.jpg?resize=400%2C264&amp;ssl=1 400w\" width=\"316\" height=\"209\" loading=\"lazy\" data-original-width=\"316\" data-original-height=\"209\" itemprop=\"http:\/\/schema.org\/image\" title=\"fila\" alt=\"La imagen habla por s\u00ed sola sobre esta situaci\u00f3n que afecta principalmente a los adultos mayores, que deben esperar por horas para ser atendidos.\" style=\"width: 316px; height: 209px;\" \/> <\/a> <div class=\"tiled-gallery-caption\" itemprop=\"caption description\"> La imagen habla por s\u00ed sola sobre esta situaci\u00f3n que afecta principalmente a los adultos mayores, que deben esperar por horas para ser atendidos. <\/div> <\/div> <\/div> <!-- close group --> <\/div> <!-- close row --> <\/div>\n","protected":false},"excerpt":{"rendered":"<p>Se quejan por insuficiente atenci\u00f3n en Servipag de Calle Prat. Gran molestia expres\u00f3 un gran n\u00famero de pensionados, quienes se vieron afectados por el cierre de un local de la empresa Servipag,&#8230;<\/p>\n","protected":false},"author":1,"featured_media":56323,"comment_status":"open","ping_status":"open","sticky":false,"template":"","format":"standard","meta":{"advanced_seo_description":"","jetpack_seo_html_title":"","jetpack_seo_noindex":false,"_jetpack_memberships_contains_paid_content":false,"footnotes":""},"categories":[15],"tags":[],"class_list":["post-56321","post","type-post","status-publish","format-standard","has-post-thumbnail","hentry","category-comunidad"],"jetpack_featured_media_url":"https:\/\/i0.wp.com\/eltrabajo.cl\/portal\/wp-content\/uploads\/2015\/02\/fila.jpg?fit=530%2C350&ssl=1","jetpack_sharing_enabled":true,"jetpack_likes_enabled":true,"jetpack-related-posts":[],"_links":{"self":[{"href":"https:\/\/eltrabajo.cl\/portal\/wp-json\/wp\/v2\/posts\/56321","targetHints":{"allow":["GET"]}}],"collection":[{"href":"https:\/\/eltrabajo.cl\/portal\/wp-json\/wp\/v2\/posts"}],"about":[{"href":"https:\/\/eltrabajo.cl\/portal\/wp-json\/wp\/v2\/types\/post"}],"author":[{"embeddable":true,"href":"https:\/\/eltrabajo.cl\/portal\/wp-json\/wp\/v2\/users\/1"}],"replies":[{"embeddable":true,"href":"https:\/\/eltrabajo.cl\/portal\/wp-json\/wp\/v2\/comments?post=56321"}],"version-history":[{"count":0,"href":"https:\/\/eltrabajo.cl\/portal\/wp-json\/wp\/v2\/posts\/56321\/revisions"}],"wp:featuredmedia":[{"embeddable":true,"href":"https:\/\/eltrabajo.cl\/portal\/wp-json\/wp\/v2\/media\/56323"}],"wp:attachment":[{"href":"https:\/\/eltrabajo.cl\/portal\/wp-json\/wp\/v2\/media?parent=56321"}],"wp:term":[{"taxonomy":"category","embeddable":true,"href":"https:\/\/eltrabajo.cl\/portal\/wp-json\/wp\/v2\/categories?post=56321"},{"taxonomy":"post_tag","embeddable":true,"href":"https:\/\/eltrabajo.cl\/portal\/wp-json\/wp\/v2\/tags?post=56321"}],"curies":[{"name":"wp","href":"https:\/\/api.w.org\/{rel}","templated":true}]}}