{"id":56605,"date":"2015-03-09T09:42:42","date_gmt":"2015-03-09T12:42:42","guid":{"rendered":"http:\/\/www.eltrabajo.cl\/portal\/?p=56605"},"modified":"2015-03-09T09:42:42","modified_gmt":"2015-03-09T12:42:42","slug":"vecinos-no-ceden-presion-contra-actividad-minera-en-jahuel","status":"publish","type":"post","link":"https:\/\/eltrabajo.cl\/portal\/vecinos-no-ceden-presion-contra-actividad-minera-en-jahuel\/","title":{"rendered":"Vecinos no ceden presi\u00f3n contra actividad minera en Jahuel"},"content":{"rendered":"<figure id=\"attachment_56606\" aria-describedby=\"caption-attachment-56606\" style=\"width: 530px\" class=\"wp-caption alignnone\"><a href=\"https:\/\/i0.wp.com\/www.eltrabajo.cl\/portal\/wp-content\/uploads\/2015\/03\/Manifestantes.jpg\"><img data-recalc-dims=\"1\" loading=\"lazy\" decoding=\"async\" class=\"size-full wp-image-56606\" src=\"https:\/\/i0.wp.com\/www.eltrabajo.cl\/portal\/wp-content\/uploads\/2015\/03\/Manifestantes.jpg?resize=530%2C350\" alt=\"Nuevamente pobladores se reunieron en bad\u00e9n del Zaino en Jahuel para impedir en faenas de extracci\u00f3n a rajo abierto de la Sociedad Minera Esperanza Ltda.\" width=\"530\" height=\"350\" srcset=\"https:\/\/i0.wp.com\/eltrabajo.cl\/portal\/wp-content\/uploads\/2015\/03\/Manifestantes.jpg?w=530&amp;ssl=1 530w, https:\/\/i0.wp.com\/eltrabajo.cl\/portal\/wp-content\/uploads\/2015\/03\/Manifestantes.jpg?resize=200%2C132&amp;ssl=1 200w, https:\/\/i0.wp.com\/eltrabajo.cl\/portal\/wp-content\/uploads\/2015\/03\/Manifestantes.jpg?resize=300%2C198&amp;ssl=1 300w, https:\/\/i0.wp.com\/eltrabajo.cl\/portal\/wp-content\/uploads\/2015\/03\/Manifestantes.jpg?resize=150%2C99&amp;ssl=1 150w, https:\/\/i0.wp.com\/eltrabajo.cl\/portal\/wp-content\/uploads\/2015\/03\/Manifestantes.jpg?resize=400%2C264&amp;ssl=1 400w\" sizes=\"auto, (max-width: 530px) 100vw, 530px\" \/><\/a><figcaption id=\"caption-attachment-56606\" class=\"wp-caption-text\">Nuevamente pobladores se reunieron en bad\u00e9n del Zaino en Jahuel para impedir en faenas de extracci\u00f3n a rajo abierto de la Sociedad Minera Esperanza Ltda.<\/figcaption><\/figure>\n<p><strong>SANTA MAR\u00cdA.<\/strong>&#8211; El d\u00eda s\u00e1bado pasado nuevamente la gente se reuni\u00f3 en el bad\u00e9n del Zaino en Jahuel cerrando el camino para impedir cualquier intento de ingreso de la minera al predio.<br \/>\nSegundo Ch\u00e1vez, Secretario de la Directiva de la Comunidad de Campo, se mostr\u00f3 satisfecho con el accionar del pueblo y explic\u00f3 que al fin y al cabo es un error que opere una mina en un ecosistema tan fr\u00e1gil: \u201cNosotros estamos actuando como directiva de la comunidad, por lo que la ley nos gu\u00eda. Ahora, yo no puedo decirle qu\u00e9 determinaci\u00f3n va a tomar el pueblo, pero como yo tambi\u00e9n soy del pueblo, estoy en total desacuerdo con estas mineras por el sencillo hecho de que ellos dicen que no van a intervenir las aguas, es cierto, puede que no las vayan a intervenir, el problema est\u00e1 en donde van a trabajar. Y se ha explicado tantas veces, est\u00e1 tan cerca del agua de la vertiente donde nacen las aguas potables entonces c\u00f3mo podemos saber de d\u00f3nde vienen las napas. Por eso, si ellos siguen excavando donde lo est\u00e1n haciendo en una de\u2019sa, como se dice en chileno, puede que le achunten y el agua se desv\u00ede\u201d.<br \/>\nPeligrosamente la rabia de la gente en Jahuel se traslada al ciudadano Jos\u00e9 Ortega, due\u00f1o y arrendador de la mensura Minera Aguas Claras en Jahuel, comuna de Santa Mar\u00eda. Es que la gente no se explica c\u00f3mo la ley le da el derecho a tres personas, empresarios, por sobre la voluntad de miles de moradores y visitantes del Valle de Jahuel, donde se instalar\u00eda, en faenas de extracci\u00f3n a rajo abierto, la Sociedad Minera Esperanza Ltda.<br \/>\nOtro de los aspectos que atemoriza a la gente es el de la posibilidad de un aluvi\u00f3n cuando las lluvias son fuertes en el caj\u00f3n: \u201cDonde est\u00e1n ellos, como el caj\u00f3n del Zaino es con tanta pendiente, se supone que el lastre, el est\u00e9ril que a ellos no les va a servir, ellos lo van a soltar cerro abajo y hay guayacanes, hay espinos, hay quillayes y al pie est\u00e1 el camino y al lado est\u00e1 el estero. Por supuesto que en un aluvi\u00f3n, o en una lluvia grande en invierno todo eso se va a correr y va venir a dar al estero. En consecuencia de eso todo ese lastre viene a dar al estero. Y todo ese lastre viene a dar ac\u00e1 abajo al plan. Porque ha pasado cuando hay aluviones como esto que se sienten en la cordillera, con truenos y toda la cuesti\u00f3n, nos hemos parado en el Caj\u00f3n del Laja y hemos queda\u2019o con el barro hasta el cogote\u201d.<br \/>\nEl dirigente expres\u00f3 su voluntad de que vengan las personas a conocer el caj\u00f3n, de tal modo abrir\u00e1n las porteras el d\u00eda domingo 15 las 10:00 horas, para hacer un tour, cada uno en su veh\u00edculo, saliendo del port\u00f3n hasta el sector de picnic de los corrales, explicando la problem\u00e1tica a quien quiera o\u00edrla.<br \/>\nRoberto Mercado Aced<\/p>\n","protected":false},"excerpt":{"rendered":"<p>SANTA MAR\u00cdA.&#8211; El d\u00eda s\u00e1bado pasado nuevamente la gente se reuni\u00f3 en el bad\u00e9n del Zaino en Jahuel cerrando el camino para impedir cualquier intento de ingreso de la minera al predio&#8230;.<\/p>\n","protected":false},"author":482,"featured_media":56606,"comment_status":"open","ping_status":"open","sticky":false,"template":"","format":"standard","meta":{"advanced_seo_description":"","jetpack_seo_html_title":"","jetpack_seo_noindex":false,"_jetpack_memberships_contains_paid_content":false,"footnotes":""},"categories":[15],"tags":[],"class_list":["post-56605","post","type-post","status-publish","format-standard","has-post-thumbnail","hentry","category-comunidad"],"jetpack_featured_media_url":"https:\/\/i0.wp.com\/eltrabajo.cl\/portal\/wp-content\/uploads\/2015\/03\/Manifestantes.jpg?fit=530%2C350&ssl=1","jetpack_sharing_enabled":true,"jetpack_likes_enabled":true,"jetpack-related-posts":[],"_links":{"self":[{"href":"https:\/\/eltrabajo.cl\/portal\/wp-json\/wp\/v2\/posts\/56605","targetHints":{"allow":["GET"]}}],"collection":[{"href":"https:\/\/eltrabajo.cl\/portal\/wp-json\/wp\/v2\/posts"}],"about":[{"href":"https:\/\/eltrabajo.cl\/portal\/wp-json\/wp\/v2\/types\/post"}],"author":[{"embeddable":true,"href":"https:\/\/eltrabajo.cl\/portal\/wp-json\/wp\/v2\/users\/482"}],"replies":[{"embeddable":true,"href":"https:\/\/eltrabajo.cl\/portal\/wp-json\/wp\/v2\/comments?post=56605"}],"version-history":[{"count":0,"href":"https:\/\/eltrabajo.cl\/portal\/wp-json\/wp\/v2\/posts\/56605\/revisions"}],"wp:featuredmedia":[{"embeddable":true,"href":"https:\/\/eltrabajo.cl\/portal\/wp-json\/wp\/v2\/media\/56606"}],"wp:attachment":[{"href":"https:\/\/eltrabajo.cl\/portal\/wp-json\/wp\/v2\/media?parent=56605"}],"wp:term":[{"taxonomy":"category","embeddable":true,"href":"https:\/\/eltrabajo.cl\/portal\/wp-json\/wp\/v2\/categories?post=56605"},{"taxonomy":"post_tag","embeddable":true,"href":"https:\/\/eltrabajo.cl\/portal\/wp-json\/wp\/v2\/tags?post=56605"}],"curies":[{"name":"wp","href":"https:\/\/api.w.org\/{rel}","templated":true}]}}