{"id":56615,"date":"2015-03-10T09:21:50","date_gmt":"2015-03-10T12:21:50","guid":{"rendered":"http:\/\/www.eltrabajo.cl\/portal\/?p=56615"},"modified":"2015-03-10T09:21:50","modified_gmt":"2015-03-10T12:21:50","slug":"prodemu-y-sence-firman-convenio-que-potencia-acceso-de-mujeres-al-mercado-laboral","status":"publish","type":"post","link":"https:\/\/eltrabajo.cl\/portal\/prodemu-y-sence-firman-convenio-que-potencia-acceso-de-mujeres-al-mercado-laboral\/","title":{"rendered":"Prodemu y Sence firman convenio que potencia acceso de mujeres al mercado laboral"},"content":{"rendered":"<figure id=\"attachment_56616\" aria-describedby=\"caption-attachment-56616\" style=\"width: 530px\" class=\"wp-caption alignnone\"><a href=\"https:\/\/i0.wp.com\/www.eltrabajo.cl\/portal\/wp-content\/uploads\/2015\/03\/Prodemu.jpg\"><img data-recalc-dims=\"1\" loading=\"lazy\" decoding=\"async\" class=\"size-full wp-image-56616\" src=\"https:\/\/i0.wp.com\/www.eltrabajo.cl\/portal\/wp-content\/uploads\/2015\/03\/Prodemu.jpg?resize=530%2C350\" alt=\"Este acuerdo busca coordinar acciones en la promoci\u00f3n de los beneficios y oportunidades para mujeres jefas de hogar.\" width=\"530\" height=\"350\" srcset=\"https:\/\/i0.wp.com\/eltrabajo.cl\/portal\/wp-content\/uploads\/2015\/03\/Prodemu.jpg?w=530&amp;ssl=1 530w, https:\/\/i0.wp.com\/eltrabajo.cl\/portal\/wp-content\/uploads\/2015\/03\/Prodemu.jpg?resize=200%2C132&amp;ssl=1 200w, https:\/\/i0.wp.com\/eltrabajo.cl\/portal\/wp-content\/uploads\/2015\/03\/Prodemu.jpg?resize=300%2C198&amp;ssl=1 300w, https:\/\/i0.wp.com\/eltrabajo.cl\/portal\/wp-content\/uploads\/2015\/03\/Prodemu.jpg?resize=150%2C99&amp;ssl=1 150w, https:\/\/i0.wp.com\/eltrabajo.cl\/portal\/wp-content\/uploads\/2015\/03\/Prodemu.jpg?resize=400%2C264&amp;ssl=1 400w\" sizes=\"auto, (max-width: 530px) 100vw, 530px\" \/><\/a><figcaption id=\"caption-attachment-56616\" class=\"wp-caption-text\">Este acuerdo busca coordinar acciones en la promoci\u00f3n de los beneficios y oportunidades para mujeres jefas de hogar.<\/figcaption><\/figure>\n<p>La firma del convenio se efectu\u00f3 luego de la ceremonia de certificaci\u00f3n de 20 mujeres que fueron parte del curso \u201cOperaciones de Caja de Local Comercial\u201d, ejecutado por el organismo capacitador Cinech, cuyo requirente fue Prodemu. Sence hizo posible este curso a trav\u00e9s del Programa de Becas Laborales, con una inversi\u00f3n que alcanz\u00f3 casi los 9 millones de pesos.<br \/>\nLas alumnas aprendieron a realizar operaciones de apertura, cobro y cierre de caja registradora de local comercial, teniendo en cuenta normas de seguridad y procedimientos administrativos en los procesos propios de la funci\u00f3n, pero adem\u00e1s con enfoque en la atenci\u00f3n al cliente.<br \/>\nLa Directora Regional de la Fundaci\u00f3n para la Promoci\u00f3n y Desarrollo de la Mujer, Prodemu, Graciela Jim\u00e9nez y el Director Regional (PT) del Servicio Nacional de Capacitaci\u00f3n y Empleo, Sence, Esteban Vega, coincidieron en que nunca sobran los esfuerzos por mejorar las condiciones para la mujer cuando se trata del acceso al mercado de trabajo. Es por ello que acordaron firmar un convenio que potencie esta relaci\u00f3n, generando un trabajo conjunto en la coordinaci\u00f3n de acciones y estrategias que vaya en funci\u00f3n de ese objetivo, a trav\u00e9s de los programas y oportunidades que Sence tiene a disposici\u00f3n de la mujer chilena.<br \/>\nTanto Graciela Jim\u00e9nez como Esteban Vega destacaron el hecho que la capacitaci\u00f3n de las mujeres es una forma efectiva de mejorar las condiciones de una parte importante de los hogares chilenos, especialmente aquellos monoparentales en donde la mujer es madre y jefa de hogar.<\/p>\n","protected":false},"excerpt":{"rendered":"<p>La firma del convenio se efectu\u00f3 luego de la ceremonia de certificaci\u00f3n de 20 mujeres que fueron parte del curso \u201cOperaciones de Caja de Local Comercial\u201d, ejecutado por el organismo capacitador Cinech,&#8230;<\/p>\n","protected":false},"author":482,"featured_media":56616,"comment_status":"open","ping_status":"open","sticky":false,"template":"","format":"standard","meta":{"advanced_seo_description":"","jetpack_seo_html_title":"","jetpack_seo_noindex":false,"_jetpack_memberships_contains_paid_content":false,"footnotes":""},"categories":[15],"tags":[],"class_list":["post-56615","post","type-post","status-publish","format-standard","has-post-thumbnail","hentry","category-comunidad"],"jetpack_featured_media_url":"https:\/\/i0.wp.com\/eltrabajo.cl\/portal\/wp-content\/uploads\/2015\/03\/Prodemu.jpg?fit=530%2C350&ssl=1","jetpack_sharing_enabled":true,"jetpack_likes_enabled":true,"jetpack-related-posts":[],"_links":{"self":[{"href":"https:\/\/eltrabajo.cl\/portal\/wp-json\/wp\/v2\/posts\/56615","targetHints":{"allow":["GET"]}}],"collection":[{"href":"https:\/\/eltrabajo.cl\/portal\/wp-json\/wp\/v2\/posts"}],"about":[{"href":"https:\/\/eltrabajo.cl\/portal\/wp-json\/wp\/v2\/types\/post"}],"author":[{"embeddable":true,"href":"https:\/\/eltrabajo.cl\/portal\/wp-json\/wp\/v2\/users\/482"}],"replies":[{"embeddable":true,"href":"https:\/\/eltrabajo.cl\/portal\/wp-json\/wp\/v2\/comments?post=56615"}],"version-history":[{"count":0,"href":"https:\/\/eltrabajo.cl\/portal\/wp-json\/wp\/v2\/posts\/56615\/revisions"}],"wp:featuredmedia":[{"embeddable":true,"href":"https:\/\/eltrabajo.cl\/portal\/wp-json\/wp\/v2\/media\/56616"}],"wp:attachment":[{"href":"https:\/\/eltrabajo.cl\/portal\/wp-json\/wp\/v2\/media?parent=56615"}],"wp:term":[{"taxonomy":"category","embeddable":true,"href":"https:\/\/eltrabajo.cl\/portal\/wp-json\/wp\/v2\/categories?post=56615"},{"taxonomy":"post_tag","embeddable":true,"href":"https:\/\/eltrabajo.cl\/portal\/wp-json\/wp\/v2\/tags?post=56615"}],"curies":[{"name":"wp","href":"https:\/\/api.w.org\/{rel}","templated":true}]}}