{"id":56624,"date":"2015-03-10T09:29:09","date_gmt":"2015-03-10T12:29:09","guid":{"rendered":"http:\/\/www.eltrabajo.cl\/portal\/?p=56624"},"modified":"2015-03-10T09:29:09","modified_gmt":"2015-03-10T12:29:09","slug":"claudio-riquelme-llega-a-las-pantallas-de-tvn-a-traves-de-teleserie-duenos-del-paraiso","status":"publish","type":"post","link":"https:\/\/eltrabajo.cl\/portal\/claudio-riquelme-llega-a-las-pantallas-de-tvn-a-traves-de-teleserie-duenos-del-paraiso\/","title":{"rendered":"Claudio Riquelme llega a las pantallas de TVN a trav\u00e9s de teleserie \u00abDue\u00f1os del Para\u00edso\u00bb"},"content":{"rendered":"<figure id=\"attachment_56625\" aria-describedby=\"caption-attachment-56625\" style=\"width: 400px\" class=\"wp-caption alignleft\"><a href=\"https:\/\/i0.wp.com\/www.eltrabajo.cl\/portal\/wp-content\/uploads\/2015\/03\/CLAUDIO-RIQUELME-EN-DUE%C3%91OS-DEL-PARAISO-2.jpg\"><img data-recalc-dims=\"1\" loading=\"lazy\" decoding=\"async\" class=\"wp-image-56625\" src=\"https:\/\/i0.wp.com\/www.eltrabajo.cl\/portal\/wp-content\/uploads\/2015\/03\/CLAUDIO-RIQUELME-EN-DUE%C3%91OS-DEL-PARAISO-2.jpg?resize=400%2C263\" alt=\"En \u2018Due\u00f1os del Para\u00edso\u2019 podr\u00e1n ver la excelente actuaci\u00f3n de Claudio Riquelme personificando a \u2018Valent\u00edn\u2019.\" width=\"400\" height=\"263\" srcset=\"https:\/\/i0.wp.com\/eltrabajo.cl\/portal\/wp-content\/uploads\/2015\/03\/CLAUDIO-RIQUELME-EN-DUE%C3%91OS-DEL-PARAISO-2.jpg?w=530&amp;ssl=1 530w, https:\/\/i0.wp.com\/eltrabajo.cl\/portal\/wp-content\/uploads\/2015\/03\/CLAUDIO-RIQUELME-EN-DUE%C3%91OS-DEL-PARAISO-2.jpg?resize=200%2C132&amp;ssl=1 200w, https:\/\/i0.wp.com\/eltrabajo.cl\/portal\/wp-content\/uploads\/2015\/03\/CLAUDIO-RIQUELME-EN-DUE%C3%91OS-DEL-PARAISO-2.jpg?resize=300%2C198&amp;ssl=1 300w, https:\/\/i0.wp.com\/eltrabajo.cl\/portal\/wp-content\/uploads\/2015\/03\/CLAUDIO-RIQUELME-EN-DUE%C3%91OS-DEL-PARAISO-2.jpg?resize=150%2C99&amp;ssl=1 150w, https:\/\/i0.wp.com\/eltrabajo.cl\/portal\/wp-content\/uploads\/2015\/03\/CLAUDIO-RIQUELME-EN-DUE%C3%91OS-DEL-PARAISO-2.jpg?resize=400%2C263&amp;ssl=1 400w\" sizes=\"auto, (max-width: 400px) 100vw, 400px\" \/><\/a><figcaption id=\"caption-attachment-56625\" class=\"wp-caption-text\">En \u2018Due\u00f1os del Para\u00edso\u2019 podr\u00e1n ver la excelente actuaci\u00f3n de Claudio Riquelme personificando a \u2018Valent\u00edn\u2019.<\/figcaption><\/figure>\n<p><strong>PUTAENDO.<\/strong>&#8211; Claudio Riquelme, consagrado actor putaendino, sigue abri\u00e9ndose espacios, esta vez a trav\u00e9s de la producci\u00f3n de Televisi\u00f3n Nacional de Chile \u2018Due\u00f1os del Para\u00edso\u2019, en donde comparte escena con destacados actores como Jorge Zabaleta, Coca Guazzini y Diego Mu\u00f1oz entre otros.<br \/>\nUna nueva inclusi\u00f3n en las pantallas de Televisi\u00f3n Nacional de Chile, en grabaciones realizadas en Miami de la telenovela \u201cDue\u00f1os del Para\u00edso\u201d, en donde ya comienza a aparecer nuestro coterr\u00e1neo putaendino el actor Patricio Riquelme, personificando a un contador de nombre Valent\u00edn, quien realiza las gestiones de lavado de dinero de los traficantes.<br \/>\nEn contacto telef\u00f3nico con Patricio Riquelme, expres\u00f3 que en realidad esta es solo una peque\u00f1a inclusi\u00f3n en la serie de televisi\u00f3n de Telemundo y TVN Chile, adem\u00e1s de la telenovela \u2018Tierra de Reyes\u2019, pero que sin duda le sigue reportando espacios y logros importantes en Estados Unidos, en donde est\u00e1 radicado actualmente. Nos indica que no pierde su rumbo de sencillez y humildad en su trabajo y que se aproxima para el mes de abril una gran experiencia actoral \u00abser\u00e9 el \u00fanico de la regi\u00f3n en Off Broadway en el Thal\u00eda Theater de New York, en un trabajo actoral de gran prestigio para todo actor latinoamericano con el montaje \u201cEl Jueguito\u201d obra con la cual gan\u00e9 el Premio a Mejor Actor Secundario, as\u00ed que estoy concentrando todas mis energ\u00edas positivas en este trabajo, del cual sin duda les comunicar\u00e9 con el debido tiempo de que se trata, porque nunca olvido las ra\u00edces de mi identidad y de mi pueblo, en donde inicie mi carrera como actor y animador profesional\u201d.<br \/>\n\u2018Due\u00f1os del Para\u00edso\u2019 se transmite a trav\u00e9s de TVN de lunes a jueves a las 23:10 horas, donde se podr\u00e1 ver la excelente actuaci\u00f3n de Claudio Riquelme personificando a \u2018Valent\u00edn\u2019.<br \/>\nPatricio Gallardo M.<\/p>\n","protected":false},"excerpt":{"rendered":"<p>PUTAENDO.&#8211; Claudio Riquelme, consagrado actor putaendino, sigue abri\u00e9ndose espacios, esta vez a trav\u00e9s de la producci\u00f3n de Televisi\u00f3n Nacional de Chile \u2018Due\u00f1os del Para\u00edso\u2019, en donde comparte escena con destacados actores como&#8230;<\/p>\n","protected":false},"author":482,"featured_media":56625,"comment_status":"open","ping_status":"open","sticky":false,"template":"","format":"standard","meta":{"advanced_seo_description":"","jetpack_seo_html_title":"","jetpack_seo_noindex":false,"_jetpack_memberships_contains_paid_content":false,"footnotes":""},"categories":[15],"tags":[],"class_list":["post-56624","post","type-post","status-publish","format-standard","has-post-thumbnail","hentry","category-comunidad"],"jetpack_featured_media_url":"https:\/\/i0.wp.com\/eltrabajo.cl\/portal\/wp-content\/uploads\/2015\/03\/CLAUDIO-RIQUELME-EN-DUE%C3%91OS-DEL-PARAISO-2.jpg?fit=530%2C349&ssl=1","jetpack_sharing_enabled":true,"jetpack_likes_enabled":true,"jetpack-related-posts":[],"_links":{"self":[{"href":"https:\/\/eltrabajo.cl\/portal\/wp-json\/wp\/v2\/posts\/56624","targetHints":{"allow":["GET"]}}],"collection":[{"href":"https:\/\/eltrabajo.cl\/portal\/wp-json\/wp\/v2\/posts"}],"about":[{"href":"https:\/\/eltrabajo.cl\/portal\/wp-json\/wp\/v2\/types\/post"}],"author":[{"embeddable":true,"href":"https:\/\/eltrabajo.cl\/portal\/wp-json\/wp\/v2\/users\/482"}],"replies":[{"embeddable":true,"href":"https:\/\/eltrabajo.cl\/portal\/wp-json\/wp\/v2\/comments?post=56624"}],"version-history":[{"count":0,"href":"https:\/\/eltrabajo.cl\/portal\/wp-json\/wp\/v2\/posts\/56624\/revisions"}],"wp:featuredmedia":[{"embeddable":true,"href":"https:\/\/eltrabajo.cl\/portal\/wp-json\/wp\/v2\/media\/56625"}],"wp:attachment":[{"href":"https:\/\/eltrabajo.cl\/portal\/wp-json\/wp\/v2\/media?parent=56624"}],"wp:term":[{"taxonomy":"category","embeddable":true,"href":"https:\/\/eltrabajo.cl\/portal\/wp-json\/wp\/v2\/categories?post=56624"},{"taxonomy":"post_tag","embeddable":true,"href":"https:\/\/eltrabajo.cl\/portal\/wp-json\/wp\/v2\/tags?post=56624"}],"curies":[{"name":"wp","href":"https:\/\/api.w.org\/{rel}","templated":true}]}}