{"id":56649,"date":"2015-03-11T09:44:23","date_gmt":"2015-03-11T12:44:23","guid":{"rendered":"http:\/\/www.eltrabajo.cl\/portal\/?p=56649"},"modified":"2015-03-11T09:44:23","modified_gmt":"2015-03-11T12:44:23","slug":"acusan-a-ginecologo-de-ignorar-sangrado-de-paciente-que-termino-en-cancer","status":"publish","type":"post","link":"https:\/\/eltrabajo.cl\/portal\/acusan-a-ginecologo-de-ignorar-sangrado-de-paciente-que-termino-en-cancer\/","title":{"rendered":"Acusan a ginec\u00f3logo de ignorar sangrado de paciente que termin\u00f3 en c\u00e1ncer"},"content":{"rendered":"<figure id=\"attachment_56650\" aria-describedby=\"caption-attachment-56650\" style=\"width: 300px\" class=\"wp-caption alignleft\"><a href=\"https:\/\/i0.wp.com\/www.eltrabajo.cl\/portal\/wp-content\/uploads\/2015\/03\/Karina-Leon.jpg\"><img data-recalc-dims=\"1\" loading=\"lazy\" decoding=\"async\" class=\"wp-image-56650 size-medium\" src=\"https:\/\/i0.wp.com\/www.eltrabajo.cl\/portal\/wp-content\/uploads\/2015\/03\/Karina-Leon-300x198.jpg?resize=300%2C198\" alt=\"AMARGURA.- Visiblemente afectada por tener que relatar su amarga experiencia, Karina Le\u00f3n explic\u00f3 a Diario El Trabajo su caso.\" width=\"300\" height=\"198\" srcset=\"https:\/\/i0.wp.com\/eltrabajo.cl\/portal\/wp-content\/uploads\/2015\/03\/Karina-Leon.jpg?resize=300%2C198&amp;ssl=1 300w, https:\/\/i0.wp.com\/eltrabajo.cl\/portal\/wp-content\/uploads\/2015\/03\/Karina-Leon.jpg?resize=200%2C132&amp;ssl=1 200w, https:\/\/i0.wp.com\/eltrabajo.cl\/portal\/wp-content\/uploads\/2015\/03\/Karina-Leon.jpg?resize=150%2C99&amp;ssl=1 150w, https:\/\/i0.wp.com\/eltrabajo.cl\/portal\/wp-content\/uploads\/2015\/03\/Karina-Leon.jpg?resize=400%2C264&amp;ssl=1 400w, https:\/\/i0.wp.com\/eltrabajo.cl\/portal\/wp-content\/uploads\/2015\/03\/Karina-Leon.jpg?w=530&amp;ssl=1 530w\" sizes=\"auto, (max-width: 300px) 100vw, 300px\" \/><\/a><figcaption id=\"caption-attachment-56650\" class=\"wp-caption-text\">AMARGURA.- Visiblemente afectada por tener que relatar su amarga experiencia, Karina Le\u00f3n explic\u00f3 a Diario El Trabajo su caso.<\/figcaption><\/figure>\n<p>Sin la capacidad de poder tener hijos y ahora enfrentando un agresivo c\u00e1ncer de vejiga, as\u00ed qued\u00f3 una sanfelipe\u00f1a luego que por a\u00f1os su ginec\u00f3logo s\u00f3lo le diera palmaditas en la espalda y la mandara para su casa.<br \/>\nLlorando como se llora cuando se sufre en profundidad. Pidiendo respuestas y tambi\u00e9n un proceso justo en donde se le indemnice por haber perdido sus \u00f3rganos reproductivos a ra\u00edz de un c\u00e1ncer cervicouterino que seg\u00fan ella pudo ser tratado a tiempo, visit\u00f3 la tarde de este lunes nuestra Sala de Redacci\u00f3n la se\u00f1ora Karina Le\u00f3n Fre, quien entre l\u00e1grimas relat\u00f3 c\u00f3mo su vida ha estado al filo de extinguirse por la supuesta indiferencia de un m\u00e9dico del Hospital San Camilo.<br \/>\nSeg\u00fan el relato de Le\u00f3n Fre, vecina de Tocornal, pero quien se atiende en el consultorio de Curim\u00f3n desde hace casi diez a\u00f1os, ella presentaba serio sangrado y fuertes dolores en sus genitales, por lo que fue remitida a Ginecolog\u00eda del Hospital San Camilo para ser atendida.<\/p>\n<p><strong>\u00abESTOY DESTROZADA\u00bb<\/strong><br \/>\nEs en ese centro hospitalario en donde, seg\u00fan su relato, a ella se le dice que \u2018son achaques de vieja\u2019 lo que tiene, y que estaba muy joven para estar preocupada por ello. Diario El Trabajo habl\u00f3 con esta mujer, quien luego que fuera intervenida en Valpara\u00edso, nos comparti\u00f3 su historia.<br \/>\n<strong>&#8211; \u00bfA qui\u00e9n est\u00e1 usted denunciando y c\u00f3mo empieza su historia?<\/strong><br \/>\n<strong>&#8211;<\/strong> Yo estoy demandando (denunciando) al Doctor H\u00e9ctor Orellana, Jefe de Ginecolog\u00eda del Hospital San Camilo. Yo me atend\u00eda peri\u00f3dicamente en el consultorio de Curim\u00f3n en 2006, pues presentaba yo mucho sangrado y dolor vaginal. Luego que me hicieron los ex\u00e1menes de rigor me remitieron a Ginecolog\u00eda del San Camilo.<br \/>\n<strong>&#8211; \u00bfC\u00f3mo evolucion\u00f3 su caso ya en San Felipe?<\/strong><br \/>\n<strong>&#8211;<\/strong> En San Felipe fui atendida por el Doctor H\u00e9ctor Orellana. \u00c9l me revis\u00f3 y me dijo que no tengo nada. As\u00ed transcurrieron los a\u00f1os, siempre con los dolores y sangrados y este doctor siempre me examinaba y me dec\u00eda: \u2018chiquilla no tienes nada\u2019. Yo segu\u00eda insistiendo en que algo malo me pasaba, pues no dejaba de sangrar, yo ten\u00eda entre 35 y 36 a\u00f1os en aquel tiempo.<br \/>\n<strong>&#8211; \u00bfC\u00f3mo te enteras que tu sangrado es a causa de un c\u00e1ncer?<\/strong><br \/>\n<strong>&#8211;<\/strong> Fue hasta 2011 cuando yo ped\u00ed que me atendiera mejor otro m\u00e9dico. Me atendi\u00f3 el Dr. Ram\u00edrez y \u00e9l al tiro me revis\u00f3 y dictamin\u00f3 c\u00e1ncer cervicouterino invasor; esto pese a que yo me hac\u00eda mis PAP como correspond\u00eda, yo ped\u00ed explicaciones y nunca me dieron respuesta.<br \/>\n<strong>&#8211; \u00bfQu\u00e9 explicaciones le dieron en el San Camilo?<\/strong><br \/>\n<strong>&#8211;<\/strong> Ped\u00ed explicaciones al mismo Doctor Orellana, al entonces Director del hospital, el se\u00f1or Alberto Altermatt, pero nadie me da hasta el d\u00eda de hoy una respuesta a mi situaci\u00f3n. Ellos nada me planteaban, aseguraron que el Dr. Orellana todo lo hab\u00eda hecho bien, que \u00e9l nunca actu\u00f3 negligentemente.<br \/>\n<strong>&#8211; \u00bfLos otros m\u00e9dicos, te trataron mejor?<\/strong><br \/>\n<strong>&#8211;<\/strong> S\u00ed, el Doctor Ram\u00edrez me transfiere al Doctor L\u00f3pez, de ah\u00ed me llevan inmediatamente a Valpara\u00edso en junio de 2011. Ya en agosto yo estaba operada, pero a los cinco meses el c\u00e1ncer se me ramific\u00f3, me operaron de nuevo, me hicieron \u2018Quimio\u2019 y radioterapia. Lo que m\u00e1s duele es recordar c\u00f3mo durante todos esos a\u00f1os el Doctor Orellana me daba palmaditas en la espalda y me dec\u00eda \u2018est\u00e1s bien chiquilla, est\u00e1s muy joven como para tener esos ataques de vieja\u2019.<br \/>\n<strong>&#8211; \u00bfAlguna vez pudiste hablar con el Dr. Orellana?<\/strong><br \/>\n<strong>&#8211;<\/strong> S\u00ed. Yo en una ocasi\u00f3n despu\u00e9s de mis operaciones, pude hablar con \u00e9l delante de otros m\u00e9dicos, le dije que mi caso no se trataba de achaques de vieja, que era un c\u00e1ncer cervicouterino invasor, que si \u00e9l hubiera hecho bien su pega yo no habr\u00eda perdido todos mis \u00f3rganos reproductivos y hoy tendr\u00eda a mi conchito a mi lado, pues planeaba con mi esposo tener un hijo m\u00e1s.<br \/>\n<strong>&#8211; \u00bfQu\u00e9 tr\u00e1mites haz realizado a nivel administrativo y penal?<\/strong><br \/>\n<strong>&#8211;<\/strong> A nivel administrativo nunca recib\u00ed explicaciones, el expediente m\u00e9dico m\u00edo estuvo \u2018perdido\u2019 durante varios meses, hice mis reclamos y al tiempo apareci\u00f3, pero ya much\u00edsimas hojas de menos, s\u00f3lo una anotaci\u00f3n del Doctor Orellana. A nivel penal yo interpuse una demanda ante la Fiscal\u00eda de San Felipe el 16 de octubre de 2014, entiendo que el Fiscal Fajardo es quien tiene mi caso, estoy a la espera.<br \/>\n<strong>&#8211; \u00bfC\u00f3mo te ha afectado esta grave situaci\u00f3n?<\/strong><br \/>\n<strong>&#8211;<\/strong> Como ser humano me siento muy mal, estoy con psic\u00f3loga, es terrible (llanto) pensar que yo ten\u00eda 36 a\u00f1os, que planeaba tener mi \u2018conchito\u2019 para verlo crecer, pensar que hice mis cosas bien, todos mis ex\u00e1menes a tiempo y para nada, vivir esta experiencia no se lo deseo a nadie, esto me destruy\u00f3 completamente (llanto). O\u00edr la palabra c\u00e1ncer es muy diferente escucharla a vivirla, es terrible, y sigo con c\u00e1ncer a\u00fan a la vejiga (\u2026) mucha gente me ve serena por fuera, pero por dentro llevo un dolor muy grande.<br \/>\n<strong>&#8211; \u00bfPalabras para el doctor que te atendi\u00f3?<\/strong><br \/>\n<strong>&#8211;<\/strong> Yo le digo al Doctor Orellana, que se ponga una mano en el coraz\u00f3n, me quit\u00f3 el derecho a volver a ser mam\u00e1, \u00e9l estudi\u00f3 para salvar vidas, no para matar, porque a m\u00ed, estuvo a punto de matarme, porque si yo me sigo tratando con \u00e9l, ya en 2012 yo habr\u00eda muerto\u00bb.<\/p>\n<p><strong>DOCTOR ORELLANA\u00a0GUARDA SILENCIO<\/strong><br \/>\nDiario El Trabajo quiso contactar al Doctor Orellana a trav\u00e9s del departamento de comunicaciones del Hospital San Camilo, sin embargo el mismo galeno prefiri\u00f3 no dar explicaciones y fue el mismo hospital el que en un escueto comunicado dijo lo siguiente:<br \/>\n\u00abEl Hospital San Camilo desde los inicios de su tratamiento ha buscado en todas las solicitudes de la usuaria, disponer las soluciones para su correcta atenci\u00f3n, entregando toda la informaci\u00f3n existente y respondiendo todas las consultas realizadas, trabajo que seguir\u00e1 haciendo junto con las atenciones cl\u00ednicas que requiera la paciente ya que el equipo cl\u00ednico ha manifestado su voluntad de resolver desde todo \u00e1mbito las necesidades de la Sra. Le\u00f3n, tal como ha sido hasta ahora, a trav\u00e9s de sus controles en el Policl\u00ednico de Patolog\u00eda Cervical y a trav\u00e9s de las atenciones psicol\u00f3gicas que se le han entregado peri\u00f3dicamente durante el \u00faltimo tiempo, que buscan junto con resolver sus necesidades cl\u00ednicas, aportar un apoyo emocional a su proceso de recuperaci\u00f3n integral\u00bb.<br \/>\nRoberto Gonz\u00e1lez Short<br \/>\nrgonzalez@eltrabajo.cl<\/p>\n<div class=\"tiled-gallery type-rectangular tiled-gallery-unresized\" data-original-width=\"640\" data-carousel-extra='null' itemscope itemtype=\"http:\/\/schema.org\/ImageGallery\" > <div class=\"gallery-row\" style=\"width: 640px; height: 349px;\" data-original-width=\"640\" data-original-height=\"349\" > <div class=\"gallery-group images-1\" style=\"width: 413px; height: 349px;\" data-original-width=\"413\" data-original-height=\"349\" > <div class=\"tiled-gallery-item tiled-gallery-item-large\" itemprop=\"associatedMedia\" itemscope itemtype=\"http:\/\/schema.org\/ImageObject\"> <a href=\"https:\/\/eltrabajo.cl\/portal\/acusan-a-ginecologo-de-ignorar-sangrado-de-paciente-que-termino-en-cancer\/karina-2-2\/\" border=\"0\" itemprop=\"url\"> <meta itemprop=\"width\" content=\"409\"> <meta itemprop=\"height\" content=\"345\"> <img decoding=\"async\" class=\"\" data-attachment-id=\"56655\" data-orig-file=\"https:\/\/eltrabajo.cl\/portal\/wp-content\/uploads\/2015\/03\/KARINA-21.jpg\" data-orig-size=\"528,446\" data-comments-opened=\"1\" data-image-meta=\"{&quot;aperture&quot;:&quot;0&quot;,&quot;credit&quot;:&quot;&quot;,&quot;camera&quot;:&quot;&quot;,&quot;caption&quot;:&quot;&quot;,&quot;created_timestamp&quot;:&quot;0&quot;,&quot;copyright&quot;:&quot;&quot;,&quot;focal_length&quot;:&quot;0&quot;,&quot;iso&quot;:&quot;0&quot;,&quot;shutter_speed&quot;:&quot;0&quot;,&quot;title&quot;:&quot;&quot;,&quot;orientation&quot;:&quot;0&quot;}\" data-image-title=\"KARINA 2\" data-image-description=\"&lt;p&gt;En este documento, al que Diario El Trabajo tiene acceso y que trata de los apuntes que en el consultorio de Curim\u00f3n, se lee c\u00f3mo la funcionaria m\u00e9dica anot\u00f3 en la hoja cl\u00ednica de do\u00f1a Karina, que \u00abel Dr. Orellana no le presta atenci\u00f3n a la paciente\u00bb, aunque hab\u00eda sido remitida por un profesional m\u00e9dico.&lt;\/p&gt; \" data-medium-file=\"https:\/\/i0.wp.com\/eltrabajo.cl\/portal\/wp-content\/uploads\/2015\/03\/KARINA-21.jpg?fit=300%2C253&#038;ssl=1\" data-large-file=\"https:\/\/i0.wp.com\/eltrabajo.cl\/portal\/wp-content\/uploads\/2015\/03\/KARINA-21.jpg?fit=528%2C446&#038;ssl=1\" src=\"https:\/\/i0.wp.com\/eltrabajo.cl\/portal\/wp-content\/uploads\/2015\/03\/KARINA-21.jpg?w=409&#038;h=345&#038;ssl=1\" srcset=\"https:\/\/i0.wp.com\/eltrabajo.cl\/portal\/wp-content\/uploads\/2015\/03\/KARINA-21.jpg?w=528&amp;ssl=1 528w, https:\/\/i0.wp.com\/eltrabajo.cl\/portal\/wp-content\/uploads\/2015\/03\/KARINA-21.jpg?resize=178%2C150&amp;ssl=1 178w, https:\/\/i0.wp.com\/eltrabajo.cl\/portal\/wp-content\/uploads\/2015\/03\/KARINA-21.jpg?resize=300%2C253&amp;ssl=1 300w, https:\/\/i0.wp.com\/eltrabajo.cl\/portal\/wp-content\/uploads\/2015\/03\/KARINA-21.jpg?resize=150%2C127&amp;ssl=1 150w, https:\/\/i0.wp.com\/eltrabajo.cl\/portal\/wp-content\/uploads\/2015\/03\/KARINA-21.jpg?resize=400%2C338&amp;ssl=1 400w\" width=\"409\" height=\"345\" loading=\"lazy\" data-original-width=\"409\" data-original-height=\"345\" itemprop=\"http:\/\/schema.org\/image\" title=\"KARINA 2\" alt=\"En este documento, al que Diario El Trabajo tiene acceso y que trata de los apuntes que en el consultorio de Curim\u00f3n, se lee c\u00f3mo la funcionaria m\u00e9dica anot\u00f3 en la hoja cl\u00ednica de do\u00f1a Karina, que \u00abel Dr. Orellana no le presta atenci\u00f3n a la paciente\u00bb, aunque hab\u00eda sido remitida por un profesional m\u00e9dico.\" style=\"width: 409px; height: 345px;\" \/> <\/a> <div class=\"tiled-gallery-caption\" itemprop=\"caption description\"> En este documento, al que Diario El Trabajo tiene acceso y que trata de los apuntes que en el consultorio de Curim\u00f3n, se lee c\u00f3mo la funcionaria m\u00e9dica anot\u00f3 en la hoja cl\u00ednica de do\u00f1a Karina, que \u00abel Dr. Orellana no le presta atenci\u00f3n a la paciente\u00bb, aunque hab\u00eda sido remitida por un profesional m\u00e9dico. <\/div> <\/div> <\/div> <!-- close group --> <div class=\"gallery-group images-2\" style=\"width: 227px; height: 349px;\" data-original-width=\"227\" data-original-height=\"349\" > <div class=\"tiled-gallery-item tiled-gallery-item-small\" itemprop=\"associatedMedia\" itemscope itemtype=\"http:\/\/schema.org\/ImageObject\"> <a href=\"https:\/\/eltrabajo.cl\/portal\/acusan-a-ginecologo-de-ignorar-sangrado-de-paciente-que-termino-en-cancer\/karina-1-3\/\" border=\"0\" itemprop=\"url\"> <meta itemprop=\"width\" content=\"223\"> <meta itemprop=\"height\" content=\"193\"> <img decoding=\"async\" class=\"\" data-attachment-id=\"56657\" data-orig-file=\"https:\/\/eltrabajo.cl\/portal\/wp-content\/uploads\/2015\/03\/KARINA-12.jpg\" data-orig-size=\"529,458\" data-comments-opened=\"1\" data-image-meta=\"{&quot;aperture&quot;:&quot;0&quot;,&quot;credit&quot;:&quot;&quot;,&quot;camera&quot;:&quot;&quot;,&quot;caption&quot;:&quot;&quot;,&quot;created_timestamp&quot;:&quot;0&quot;,&quot;copyright&quot;:&quot;&quot;,&quot;focal_length&quot;:&quot;0&quot;,&quot;iso&quot;:&quot;0&quot;,&quot;shutter_speed&quot;:&quot;0&quot;,&quot;title&quot;:&quot;&quot;,&quot;orientation&quot;:&quot;0&quot;}\" data-image-title=\"KARINA 1\" data-image-description=\"&lt;p&gt;Tal como lo reconocieron en el San Camilo, cuando este c\u00e1ncer se descubri\u00f3 y Karina empez\u00f3 a pedir respuestas, su ficha m\u00e9dica no solo \u2018desapareci\u00f3\u2019 del fichero com\u00fan, tambi\u00e9n desapareci\u00f3 del mismo policl\u00ednico. Cuando apareci\u00f3, seg\u00fan la denunciante, s\u00f3lo hab\u00eda una hoja firmada por el Dr. Orellana&lt;\/p&gt; \" data-medium-file=\"https:\/\/i0.wp.com\/eltrabajo.cl\/portal\/wp-content\/uploads\/2015\/03\/KARINA-12.jpg?fit=300%2C260&#038;ssl=1\" data-large-file=\"https:\/\/i0.wp.com\/eltrabajo.cl\/portal\/wp-content\/uploads\/2015\/03\/KARINA-12.jpg?fit=529%2C458&#038;ssl=1\" src=\"https:\/\/i0.wp.com\/eltrabajo.cl\/portal\/wp-content\/uploads\/2015\/03\/KARINA-12.jpg?w=223&#038;h=193&#038;ssl=1\" srcset=\"https:\/\/i0.wp.com\/eltrabajo.cl\/portal\/wp-content\/uploads\/2015\/03\/KARINA-12.jpg?w=529&amp;ssl=1 529w, https:\/\/i0.wp.com\/eltrabajo.cl\/portal\/wp-content\/uploads\/2015\/03\/KARINA-12.jpg?resize=173%2C150&amp;ssl=1 173w, https:\/\/i0.wp.com\/eltrabajo.cl\/portal\/wp-content\/uploads\/2015\/03\/KARINA-12.jpg?resize=300%2C260&amp;ssl=1 300w, https:\/\/i0.wp.com\/eltrabajo.cl\/portal\/wp-content\/uploads\/2015\/03\/KARINA-12.jpg?resize=150%2C130&amp;ssl=1 150w, https:\/\/i0.wp.com\/eltrabajo.cl\/portal\/wp-content\/uploads\/2015\/03\/KARINA-12.jpg?resize=400%2C346&amp;ssl=1 400w\" width=\"223\" height=\"193\" loading=\"lazy\" data-original-width=\"223\" data-original-height=\"193\" itemprop=\"http:\/\/schema.org\/image\" title=\"KARINA 1\" alt=\"Tal como lo reconocieron en el San Camilo, cuando este c\u00e1ncer se descubri\u00f3 y Karina empez\u00f3 a pedir respuestas, su ficha m\u00e9dica no solo \u2018desapareci\u00f3\u2019 del fichero com\u00fan, tambi\u00e9n desapareci\u00f3 del mismo policl\u00ednico. Cuando apareci\u00f3, seg\u00fan la denunciante, s\u00f3lo hab\u00eda una hoja firmada por el Dr. Orellana\" style=\"width: 223px; height: 193px;\" \/> <\/a> <div class=\"tiled-gallery-caption\" itemprop=\"caption description\"> Tal como lo reconocieron en el San Camilo, cuando este c\u00e1ncer se descubri\u00f3 y Karina empez\u00f3 a pedir respuestas, su ficha m\u00e9dica no solo \u2018desapareci\u00f3\u2019 del fichero com\u00fan, tambi\u00e9n desapareci\u00f3 del mismo policl\u00ednico. Cuando apareci\u00f3, seg\u00fan la denunciante, s\u00f3lo hab\u00eda una hoja firmada por el Dr. Orellana <\/div> <\/div> <div class=\"tiled-gallery-item tiled-gallery-item-small\" itemprop=\"associatedMedia\" itemscope itemtype=\"http:\/\/schema.org\/ImageObject\"> <a href=\"https:\/\/eltrabajo.cl\/portal\/acusan-a-ginecologo-de-ignorar-sangrado-de-paciente-que-termino-en-cancer\/caso1\/\" border=\"0\" itemprop=\"url\"> <meta itemprop=\"width\" content=\"223\"> <meta itemprop=\"height\" content=\"148\"> <img decoding=\"async\" class=\"\" data-attachment-id=\"56651\" data-orig-file=\"https:\/\/eltrabajo.cl\/portal\/wp-content\/uploads\/2015\/03\/Caso1.jpg\" data-orig-size=\"530,350\" data-comments-opened=\"1\" data-image-meta=\"{&quot;aperture&quot;:&quot;0&quot;,&quot;credit&quot;:&quot;&quot;,&quot;camera&quot;:&quot;&quot;,&quot;caption&quot;:&quot;&quot;,&quot;created_timestamp&quot;:&quot;0&quot;,&quot;copyright&quot;:&quot;&quot;,&quot;focal_length&quot;:&quot;0&quot;,&quot;iso&quot;:&quot;0&quot;,&quot;shutter_speed&quot;:&quot;0&quot;,&quot;title&quot;:&quot;&quot;,&quot;orientation&quot;:&quot;0&quot;}\" data-image-title=\"Caso1\" data-image-description=\"&lt;p&gt;Esta es la boleta que en la Fiscal\u00eda de San Felipe se le entreg\u00f3 a la afectada, caso que deber\u00eda estar investigando el Fiscal Eduardo Fajardo.&lt;\/p&gt; \" data-medium-file=\"https:\/\/i0.wp.com\/eltrabajo.cl\/portal\/wp-content\/uploads\/2015\/03\/Caso1.jpg?fit=300%2C198&#038;ssl=1\" data-large-file=\"https:\/\/i0.wp.com\/eltrabajo.cl\/portal\/wp-content\/uploads\/2015\/03\/Caso1.jpg?fit=530%2C350&#038;ssl=1\" src=\"https:\/\/i0.wp.com\/eltrabajo.cl\/portal\/wp-content\/uploads\/2015\/03\/Caso1.jpg?w=223&#038;h=148&#038;ssl=1\" srcset=\"https:\/\/i0.wp.com\/eltrabajo.cl\/portal\/wp-content\/uploads\/2015\/03\/Caso1.jpg?w=530&amp;ssl=1 530w, https:\/\/i0.wp.com\/eltrabajo.cl\/portal\/wp-content\/uploads\/2015\/03\/Caso1.jpg?resize=200%2C132&amp;ssl=1 200w, https:\/\/i0.wp.com\/eltrabajo.cl\/portal\/wp-content\/uploads\/2015\/03\/Caso1.jpg?resize=300%2C198&amp;ssl=1 300w, https:\/\/i0.wp.com\/eltrabajo.cl\/portal\/wp-content\/uploads\/2015\/03\/Caso1.jpg?resize=150%2C99&amp;ssl=1 150w, https:\/\/i0.wp.com\/eltrabajo.cl\/portal\/wp-content\/uploads\/2015\/03\/Caso1.jpg?resize=400%2C264&amp;ssl=1 400w\" width=\"223\" height=\"148\" loading=\"lazy\" data-original-width=\"223\" data-original-height=\"148\" itemprop=\"http:\/\/schema.org\/image\" title=\"Caso1\" alt=\"Esta es la boleta que en la Fiscal\u00eda de San Felipe se le entreg\u00f3 a la afectada, caso que deber\u00eda estar investigando el Fiscal Eduardo Fajardo.\" style=\"width: 223px; height: 148px;\" \/> <\/a> <div class=\"tiled-gallery-caption\" itemprop=\"caption description\"> Esta es la boleta que en la Fiscal\u00eda de San Felipe se le entreg\u00f3 a la afectada, caso que deber\u00eda estar investigando el Fiscal Eduardo Fajardo. <\/div> <\/div> <\/div> <!-- close group --> <\/div> <!-- close row --> <\/div>\n<p>&nbsp;<\/p>\n","protected":false},"excerpt":{"rendered":"<p>Sin la capacidad de poder tener hijos y ahora enfrentando un agresivo c\u00e1ncer de vejiga, as\u00ed qued\u00f3 una sanfelipe\u00f1a luego que por a\u00f1os su ginec\u00f3logo s\u00f3lo le diera palmaditas en la espalda&#8230;<\/p>\n","protected":false},"author":482,"featured_media":56650,"comment_status":"open","ping_status":"open","sticky":false,"template":"","format":"standard","meta":{"advanced_seo_description":"","jetpack_seo_html_title":"","jetpack_seo_noindex":false,"_jetpack_memberships_contains_paid_content":false,"footnotes":""},"categories":[15],"tags":[],"class_list":["post-56649","post","type-post","status-publish","format-standard","has-post-thumbnail","hentry","category-comunidad"],"jetpack_featured_media_url":"https:\/\/i0.wp.com\/eltrabajo.cl\/portal\/wp-content\/uploads\/2015\/03\/Karina-Leon.jpg?fit=530%2C350&ssl=1","jetpack_sharing_enabled":true,"jetpack_likes_enabled":true,"jetpack-related-posts":[],"_links":{"self":[{"href":"https:\/\/eltrabajo.cl\/portal\/wp-json\/wp\/v2\/posts\/56649","targetHints":{"allow":["GET"]}}],"collection":[{"href":"https:\/\/eltrabajo.cl\/portal\/wp-json\/wp\/v2\/posts"}],"about":[{"href":"https:\/\/eltrabajo.cl\/portal\/wp-json\/wp\/v2\/types\/post"}],"author":[{"embeddable":true,"href":"https:\/\/eltrabajo.cl\/portal\/wp-json\/wp\/v2\/users\/482"}],"replies":[{"embeddable":true,"href":"https:\/\/eltrabajo.cl\/portal\/wp-json\/wp\/v2\/comments?post=56649"}],"version-history":[{"count":0,"href":"https:\/\/eltrabajo.cl\/portal\/wp-json\/wp\/v2\/posts\/56649\/revisions"}],"wp:featuredmedia":[{"embeddable":true,"href":"https:\/\/eltrabajo.cl\/portal\/wp-json\/wp\/v2\/media\/56650"}],"wp:attachment":[{"href":"https:\/\/eltrabajo.cl\/portal\/wp-json\/wp\/v2\/media?parent=56649"}],"wp:term":[{"taxonomy":"category","embeddable":true,"href":"https:\/\/eltrabajo.cl\/portal\/wp-json\/wp\/v2\/categories?post=56649"},{"taxonomy":"post_tag","embeddable":true,"href":"https:\/\/eltrabajo.cl\/portal\/wp-json\/wp\/v2\/tags?post=56649"}],"curies":[{"name":"wp","href":"https:\/\/api.w.org\/{rel}","templated":true}]}}