{"id":56690,"date":"2015-03-12T09:35:06","date_gmt":"2015-03-12T12:35:06","guid":{"rendered":"http:\/\/www.eltrabajo.cl\/portal\/?p=56690"},"modified":"2015-03-12T09:35:06","modified_gmt":"2015-03-12T12:35:06","slug":"la-temperatura-mas-alta-del-ano-se-registro-ayer-en-san-felipe","status":"publish","type":"post","link":"https:\/\/eltrabajo.cl\/portal\/la-temperatura-mas-alta-del-ano-se-registro-ayer-en-san-felipe\/","title":{"rendered":"La temperatura m\u00e1s alta del a\u00f1o se registr\u00f3 ayer en San Felipe"},"content":{"rendered":"<figure id=\"attachment_56691\" aria-describedby=\"caption-attachment-56691\" style=\"width: 530px\" class=\"wp-caption alignnone\"><a href=\"https:\/\/i0.wp.com\/www.eltrabajo.cl\/portal\/wp-content\/uploads\/2015\/03\/Calor1.jpg\"><img data-recalc-dims=\"1\" loading=\"lazy\" decoding=\"async\" class=\"size-full wp-image-56691\" src=\"https:\/\/i0.wp.com\/www.eltrabajo.cl\/portal\/wp-content\/uploads\/2015\/03\/Calor1.jpg?resize=530%2C350\" alt=\"A LA SOMBRA.- Muchos sanfelipe\u00f1os prefirieron este mi\u00e9rcoles buscar la sombra en la Plaza de Armas, para escapar de los intensos calores que golpearon nuestra comuna.\" width=\"530\" height=\"350\" srcset=\"https:\/\/i0.wp.com\/eltrabajo.cl\/portal\/wp-content\/uploads\/2015\/03\/Calor1.jpg?w=530&amp;ssl=1 530w, https:\/\/i0.wp.com\/eltrabajo.cl\/portal\/wp-content\/uploads\/2015\/03\/Calor1.jpg?resize=200%2C132&amp;ssl=1 200w, https:\/\/i0.wp.com\/eltrabajo.cl\/portal\/wp-content\/uploads\/2015\/03\/Calor1.jpg?resize=300%2C198&amp;ssl=1 300w, https:\/\/i0.wp.com\/eltrabajo.cl\/portal\/wp-content\/uploads\/2015\/03\/Calor1.jpg?resize=150%2C99&amp;ssl=1 150w, https:\/\/i0.wp.com\/eltrabajo.cl\/portal\/wp-content\/uploads\/2015\/03\/Calor1.jpg?resize=400%2C264&amp;ssl=1 400w\" sizes=\"auto, (max-width: 530px) 100vw, 530px\" \/><\/a><figcaption id=\"caption-attachment-56691\" class=\"wp-caption-text\">A LA SOMBRA.- Muchos sanfelipe\u00f1os prefirieron este mi\u00e9rcoles buscar la sombra en la Plaza de Armas, para escapar de los intensos calores que golpearon nuestra comuna.<\/figcaption><\/figure>\n<p>Hoy jueves la temperatura m\u00e1s alta ser\u00e1 de 33\u00ba y para ma\u00f1ana viernes ser\u00eda de 30\u00ba. \u2018Solm\u00e1foro\u2019 de la Plaza de Armas es el \u00fanico que existe en la V Regi\u00f3n.<br \/>\nLas altas temperaturas que a nivel regional se est\u00e1n sintiendo en estos primeros d\u00edas de marzo, tiene a los aconcag\u00fcinos sudando literalmente \u2018la gota gorda\u2019. Y es que el pasado lunes el registro reportado por Miguel Cuevas, encargado de la estaci\u00f3n meteorol\u00f3gica de la Escuela Agr\u00edcola, report\u00f3 38,1\u00ba (bajo sombra); el martes hubo cifras de 38,5\u00ba y el reporte oficial de ayer mi\u00e9rcoles fue de 38,6\u00ba.<br \/>\n\u00abLos expertos en este tema no consideran estos calores como una \u2018frente c\u00e1lido\u2019 ni algo fuera de lo com\u00fan, para ellos estos calores simplemente son \u2018normales\u2019 para cualquier estaci\u00f3n de verano. A\u00fan as\u00ed es importante aclarar que a estas cifras hay que agregarle dos o m\u00e1s grados en exteriores\u00bb, explic\u00f3 Cuevas a nuestro medio.<br \/>\nSeg\u00fan Cuevas, \u00abla temperatura pronosticada para este jueves de 33\u00ba y para el viernes ser\u00eda de 30\u00ba. Recomiendo usar manga larga y bloqueador solar, a fin de evitar efectos negativos de los Rayos UV\u00bb.<br \/>\nDiario El Trabajo realiz\u00f3 un recorrido por la ciudad para verificar c\u00f3mo est\u00e1n enfrentando el calor los sanfelipe\u00f1os, en las piscinas municipales del Estadio Fiscal, pero estaban cerradas, hasta la tarde se abrir\u00edan al p\u00fablico. En la Plaza de Armas decenas de personas pernoctaban a la sombra para paliar el calor, ya que tambi\u00e9n la pileta central de la plaza est\u00e1 sin agua.<br \/>\n<strong>\u00abES INSOPORTABLE\u00bb<\/strong><br \/>\n\u00abEstoy muy preocupado, aunque las autoridades digan que este calor es s\u00f3lo el verano, creo que de manera directa tiene que ver con el calentamiento global que enfrentamos\u00bb, coment\u00f3 Marcos Montenegro, vecino de Villa El Se\u00f1orial. Por su parte Elizabett Fern\u00e1ndez, vecina de Quebrada Herrera, Putaendo, coment\u00f3 que \u00abes insoportable, ojala termine pronto este verano, siento bastante incomodidad con las temperaturas y lo que m\u00e1s me alegra, es que las m\u00e1s altas ya pasaron\u00bb.<\/p>\n<p><strong>\u00daNICO SOLM\u00c1FORO<\/strong><br \/>\nCasualmente para poder medir la densidad de los rayos ultravioleta que emanan del sol, el municipio y el IST instalaron el \u00fanico \u2018Solm\u00e1foro\u2019 existente en toda la V Regi\u00f3n. \u00abSe trata de un dispositivo que mide de manera aut\u00f3noma la cantidad de Rayos UV del sol. Ofrece algunas recomendaciones para evitar posibles accidentes y da\u00f1os directos en la piel, tiene un coste aproximado a los $2 millones y est\u00e1 funcionando desde hace dos semanas\u00bb, dijo Vladimir Tapia, Presidente de la Asociaci\u00f3n de Funcionarios Municipales a Diario El Trabajo.<br \/>\nRoberto Gonz\u00e1lez Short<br \/>\nrgonzalez@eltrabajo.cl<\/p>\n<div class=\"tiled-gallery type-rectangular tiled-gallery-unresized\" data-original-width=\"640\" data-carousel-extra='null' itemscope itemtype=\"http:\/\/schema.org\/ImageGallery\" > <div class=\"gallery-row\" style=\"width: 640px; height: 369px;\" data-original-width=\"640\" data-original-height=\"369\" > <div class=\"gallery-group images-1\" style=\"width: 357px; height: 369px;\" data-original-width=\"357\" data-original-height=\"369\" > <div class=\"tiled-gallery-item tiled-gallery-item-large\" itemprop=\"associatedMedia\" itemscope itemtype=\"http:\/\/schema.org\/ImageObject\"> <a href=\"https:\/\/eltrabajo.cl\/portal\/la-temperatura-mas-alta-del-ano-se-registro-ayer-en-san-felipe\/alerta-uv-index-scale\/\" border=\"0\" itemprop=\"url\"> <meta itemprop=\"width\" content=\"353\"> <meta itemprop=\"height\" content=\"365\"> <img decoding=\"async\" class=\"\" data-attachment-id=\"56698\" data-orig-file=\"https:\/\/eltrabajo.cl\/portal\/wp-content\/uploads\/2015\/03\/ALERTA-UV-INDEX-SCALE.jpg\" data-orig-size=\"529,546\" data-comments-opened=\"1\" data-image-meta=\"{&quot;aperture&quot;:&quot;0&quot;,&quot;credit&quot;:&quot;&quot;,&quot;camera&quot;:&quot;&quot;,&quot;caption&quot;:&quot;&quot;,&quot;created_timestamp&quot;:&quot;0&quot;,&quot;copyright&quot;:&quot;&quot;,&quot;focal_length&quot;:&quot;0&quot;,&quot;iso&quot;:&quot;0&quot;,&quot;shutter_speed&quot;:&quot;0&quot;,&quot;title&quot;:&quot;&quot;,&quot;orientation&quot;:&quot;0&quot;}\" data-image-title=\"ALERTA UV INDEX SCALE\" data-image-description=\"&lt;p&gt;RECOMENDACIONES.- Estas son las indicaciones que recomienda el Solm\u00e1foro de la Plaza de Armas, el \u00fanico de la V Regi\u00f3n.&lt;\/p&gt; \" data-medium-file=\"https:\/\/i0.wp.com\/eltrabajo.cl\/portal\/wp-content\/uploads\/2015\/03\/ALERTA-UV-INDEX-SCALE.jpg?fit=291%2C300&#038;ssl=1\" data-large-file=\"https:\/\/i0.wp.com\/eltrabajo.cl\/portal\/wp-content\/uploads\/2015\/03\/ALERTA-UV-INDEX-SCALE.jpg?fit=529%2C546&#038;ssl=1\" src=\"https:\/\/i0.wp.com\/eltrabajo.cl\/portal\/wp-content\/uploads\/2015\/03\/ALERTA-UV-INDEX-SCALE.jpg?w=353&#038;h=365&#038;ssl=1\" srcset=\"https:\/\/i0.wp.com\/eltrabajo.cl\/portal\/wp-content\/uploads\/2015\/03\/ALERTA-UV-INDEX-SCALE.jpg?w=529&amp;ssl=1 529w, https:\/\/i0.wp.com\/eltrabajo.cl\/portal\/wp-content\/uploads\/2015\/03\/ALERTA-UV-INDEX-SCALE.jpg?resize=145%2C150&amp;ssl=1 145w, https:\/\/i0.wp.com\/eltrabajo.cl\/portal\/wp-content\/uploads\/2015\/03\/ALERTA-UV-INDEX-SCALE.jpg?resize=291%2C300&amp;ssl=1 291w, https:\/\/i0.wp.com\/eltrabajo.cl\/portal\/wp-content\/uploads\/2015\/03\/ALERTA-UV-INDEX-SCALE.jpg?resize=400%2C413&amp;ssl=1 400w\" width=\"353\" height=\"365\" loading=\"lazy\" data-original-width=\"353\" data-original-height=\"365\" itemprop=\"http:\/\/schema.org\/image\" title=\"ALERTA UV INDEX SCALE\" alt=\"RECOMENDACIONES.- Estas son las indicaciones que recomienda el Solm\u00e1foro de la Plaza de Armas, el \u00fanico de la V Regi\u00f3n.\" style=\"width: 353px; height: 365px;\" \/> <\/a> <div class=\"tiled-gallery-caption\" itemprop=\"caption description\"> RECOMENDACIONES.- Estas son las indicaciones que recomienda el Solm\u00e1foro de la Plaza de Armas, el \u00fanico de la V Regi\u00f3n. <\/div> <\/div> <\/div> <!-- close group --> <div class=\"gallery-group images-1\" style=\"width: 283px; height: 369px;\" data-original-width=\"283\" data-original-height=\"369\" > <div class=\"tiled-gallery-item tiled-gallery-item-large\" itemprop=\"associatedMedia\" itemscope itemtype=\"http:\/\/schema.org\/ImageObject\"> <a href=\"https:\/\/eltrabajo.cl\/portal\/la-temperatura-mas-alta-del-ano-se-registro-ayer-en-san-felipe\/asolmaforo1\/\" border=\"0\" itemprop=\"url\"> <meta itemprop=\"width\" content=\"279\"> <meta itemprop=\"height\" content=\"365\"> <img decoding=\"async\" class=\"\" data-attachment-id=\"56699\" data-orig-file=\"https:\/\/eltrabajo.cl\/portal\/wp-content\/uploads\/2015\/03\/ASolmaforo1.jpg\" data-orig-size=\"529,692\" data-comments-opened=\"1\" data-image-meta=\"{&quot;aperture&quot;:&quot;0&quot;,&quot;credit&quot;:&quot;&quot;,&quot;camera&quot;:&quot;&quot;,&quot;caption&quot;:&quot;&quot;,&quot;created_timestamp&quot;:&quot;0&quot;,&quot;copyright&quot;:&quot;&quot;,&quot;focal_length&quot;:&quot;0&quot;,&quot;iso&quot;:&quot;0&quot;,&quot;shutter_speed&quot;:&quot;0&quot;,&quot;title&quot;:&quot;&quot;,&quot;orientation&quot;:&quot;0&quot;}\" data-image-title=\"ASolmaforo1\" data-image-description=\"&lt;p&gt;SOLM\u00c1FORO.- Este dispositivo mide de manera aut\u00f3noma la cantidad de Rayos UV del sol. Ofrece algunas recomendaciones para evitar posibles accidentes y da\u00f1os directos en la piel. Ayer, marcaba Alto el impacto de Rayos UV.&lt;\/p&gt; \" data-medium-file=\"https:\/\/i0.wp.com\/eltrabajo.cl\/portal\/wp-content\/uploads\/2015\/03\/ASolmaforo1.jpg?fit=229%2C300&#038;ssl=1\" data-large-file=\"https:\/\/i0.wp.com\/eltrabajo.cl\/portal\/wp-content\/uploads\/2015\/03\/ASolmaforo1.jpg?fit=529%2C692&#038;ssl=1\" src=\"https:\/\/i0.wp.com\/eltrabajo.cl\/portal\/wp-content\/uploads\/2015\/03\/ASolmaforo1.jpg?w=279&#038;h=365&#038;ssl=1\" srcset=\"https:\/\/i0.wp.com\/eltrabajo.cl\/portal\/wp-content\/uploads\/2015\/03\/ASolmaforo1.jpg?w=529&amp;ssl=1 529w, https:\/\/i0.wp.com\/eltrabajo.cl\/portal\/wp-content\/uploads\/2015\/03\/ASolmaforo1.jpg?resize=115%2C150&amp;ssl=1 115w, https:\/\/i0.wp.com\/eltrabajo.cl\/portal\/wp-content\/uploads\/2015\/03\/ASolmaforo1.jpg?resize=229%2C300&amp;ssl=1 229w, https:\/\/i0.wp.com\/eltrabajo.cl\/portal\/wp-content\/uploads\/2015\/03\/ASolmaforo1.jpg?resize=400%2C523&amp;ssl=1 400w\" width=\"279\" height=\"365\" loading=\"lazy\" data-original-width=\"279\" data-original-height=\"365\" itemprop=\"http:\/\/schema.org\/image\" title=\"ASolmaforo1\" alt=\"SOLM\u00c1FORO.- Este dispositivo mide de manera aut\u00f3noma la cantidad de Rayos UV del sol. Ofrece algunas recomendaciones para evitar posibles accidentes y da\u00f1os directos en la piel. Ayer, marcaba Alto el impacto de Rayos UV.\" style=\"width: 279px; height: 365px;\" \/> <\/a> <div class=\"tiled-gallery-caption\" itemprop=\"caption description\"> SOLM\u00c1FORO.- Este dispositivo mide de manera aut\u00f3noma la cantidad de Rayos UV del sol. Ofrece algunas recomendaciones para evitar posibles accidentes y da\u00f1os directos en la piel. Ayer, marcaba Alto el impacto de Rayos UV. <\/div> <\/div> <\/div> <!-- close group --> <\/div> <!-- close row --> <div class=\"gallery-row\" style=\"width: 640px; height: 283px;\" data-original-width=\"640\" data-original-height=\"283\" > <div class=\"gallery-group images-1\" style=\"width: 428px; height: 283px;\" data-original-width=\"428\" data-original-height=\"283\" > <div class=\"tiled-gallery-item tiled-gallery-item-large\" itemprop=\"associatedMedia\" itemscope itemtype=\"http:\/\/schema.org\/ImageObject\"> <a href=\"https:\/\/eltrabajo.cl\/portal\/la-temperatura-mas-alta-del-ano-se-registro-ayer-en-san-felipe\/miguel-cuevas\/\" border=\"0\" itemprop=\"url\"> <meta itemprop=\"width\" content=\"424\"> <meta itemprop=\"height\" content=\"279\"> <img decoding=\"async\" class=\"\" data-attachment-id=\"56694\" data-orig-file=\"https:\/\/eltrabajo.cl\/portal\/wp-content\/uploads\/2015\/03\/Miguel-Cuevas.jpg\" data-orig-size=\"530,349\" data-comments-opened=\"1\" data-image-meta=\"{&quot;aperture&quot;:&quot;0&quot;,&quot;credit&quot;:&quot;&quot;,&quot;camera&quot;:&quot;&quot;,&quot;caption&quot;:&quot;&quot;,&quot;created_timestamp&quot;:&quot;0&quot;,&quot;copyright&quot;:&quot;&quot;,&quot;focal_length&quot;:&quot;0&quot;,&quot;iso&quot;:&quot;0&quot;,&quot;shutter_speed&quot;:&quot;0&quot;,&quot;title&quot;:&quot;&quot;,&quot;orientation&quot;:&quot;0&quot;}\" data-image-title=\"Miguel Cuevas\" data-image-description=\"&lt;p&gt;Miguel Cuevas, encargado de la estaci\u00f3n meteorol\u00f3gica de la Escuela Agr\u00edcola.&lt;\/p&gt; \" data-medium-file=\"https:\/\/i0.wp.com\/eltrabajo.cl\/portal\/wp-content\/uploads\/2015\/03\/Miguel-Cuevas.jpg?fit=300%2C198&#038;ssl=1\" data-large-file=\"https:\/\/i0.wp.com\/eltrabajo.cl\/portal\/wp-content\/uploads\/2015\/03\/Miguel-Cuevas.jpg?fit=530%2C349&#038;ssl=1\" src=\"https:\/\/i0.wp.com\/eltrabajo.cl\/portal\/wp-content\/uploads\/2015\/03\/Miguel-Cuevas.jpg?w=424&#038;h=279&#038;ssl=1\" srcset=\"https:\/\/i0.wp.com\/eltrabajo.cl\/portal\/wp-content\/uploads\/2015\/03\/Miguel-Cuevas.jpg?w=530&amp;ssl=1 530w, https:\/\/i0.wp.com\/eltrabajo.cl\/portal\/wp-content\/uploads\/2015\/03\/Miguel-Cuevas.jpg?resize=200%2C132&amp;ssl=1 200w, https:\/\/i0.wp.com\/eltrabajo.cl\/portal\/wp-content\/uploads\/2015\/03\/Miguel-Cuevas.jpg?resize=300%2C198&amp;ssl=1 300w, https:\/\/i0.wp.com\/eltrabajo.cl\/portal\/wp-content\/uploads\/2015\/03\/Miguel-Cuevas.jpg?resize=150%2C99&amp;ssl=1 150w, https:\/\/i0.wp.com\/eltrabajo.cl\/portal\/wp-content\/uploads\/2015\/03\/Miguel-Cuevas.jpg?resize=400%2C263&amp;ssl=1 400w\" width=\"424\" height=\"279\" loading=\"lazy\" data-original-width=\"424\" data-original-height=\"279\" itemprop=\"http:\/\/schema.org\/image\" title=\"Miguel Cuevas\" alt=\"Miguel Cuevas, encargado de la estaci\u00f3n meteorol\u00f3gica de la Escuela Agr\u00edcola.\" style=\"width: 424px; height: 279px;\" \/> <\/a> <div class=\"tiled-gallery-caption\" itemprop=\"caption description\"> Miguel Cuevas, encargado de la estaci\u00f3n meteorol\u00f3gica de la Escuela Agr\u00edcola. <\/div> <\/div> <\/div> <!-- close group --> <div class=\"gallery-group images-2\" style=\"width: 212px; height: 283px;\" data-original-width=\"212\" data-original-height=\"283\" > <div class=\"tiled-gallery-item tiled-gallery-item-small\" itemprop=\"associatedMedia\" itemscope itemtype=\"http:\/\/schema.org\/ImageObject\"> <a href=\"https:\/\/eltrabajo.cl\/portal\/la-temperatura-mas-alta-del-ano-se-registro-ayer-en-san-felipe\/vladimir-tapia-7\/\" border=\"0\" itemprop=\"url\"> <meta itemprop=\"width\" content=\"208\"> <meta itemprop=\"height\" content=\"138\"> <img decoding=\"async\" class=\"\" data-attachment-id=\"56697\" data-orig-file=\"https:\/\/eltrabajo.cl\/portal\/wp-content\/uploads\/2015\/03\/Vladimir-Tapia.jpg\" data-orig-size=\"530,350\" data-comments-opened=\"1\" data-image-meta=\"{&quot;aperture&quot;:&quot;0&quot;,&quot;credit&quot;:&quot;&quot;,&quot;camera&quot;:&quot;&quot;,&quot;caption&quot;:&quot;&quot;,&quot;created_timestamp&quot;:&quot;0&quot;,&quot;copyright&quot;:&quot;&quot;,&quot;focal_length&quot;:&quot;0&quot;,&quot;iso&quot;:&quot;0&quot;,&quot;shutter_speed&quot;:&quot;0&quot;,&quot;title&quot;:&quot;&quot;,&quot;orientation&quot;:&quot;0&quot;}\" data-image-title=\"Vladimir Tapia\" data-image-description=\"&lt;p&gt;Vladimir Tapia, Presidente de la Asociaci\u00f3n de Funcionarios Municipales.&lt;\/p&gt; \" data-medium-file=\"https:\/\/i0.wp.com\/eltrabajo.cl\/portal\/wp-content\/uploads\/2015\/03\/Vladimir-Tapia.jpg?fit=300%2C198&#038;ssl=1\" data-large-file=\"https:\/\/i0.wp.com\/eltrabajo.cl\/portal\/wp-content\/uploads\/2015\/03\/Vladimir-Tapia.jpg?fit=530%2C350&#038;ssl=1\" src=\"https:\/\/i0.wp.com\/eltrabajo.cl\/portal\/wp-content\/uploads\/2015\/03\/Vladimir-Tapia.jpg?w=208&#038;h=138&#038;ssl=1\" srcset=\"https:\/\/i0.wp.com\/eltrabajo.cl\/portal\/wp-content\/uploads\/2015\/03\/Vladimir-Tapia.jpg?w=530&amp;ssl=1 530w, https:\/\/i0.wp.com\/eltrabajo.cl\/portal\/wp-content\/uploads\/2015\/03\/Vladimir-Tapia.jpg?resize=200%2C132&amp;ssl=1 200w, https:\/\/i0.wp.com\/eltrabajo.cl\/portal\/wp-content\/uploads\/2015\/03\/Vladimir-Tapia.jpg?resize=300%2C198&amp;ssl=1 300w, https:\/\/i0.wp.com\/eltrabajo.cl\/portal\/wp-content\/uploads\/2015\/03\/Vladimir-Tapia.jpg?resize=150%2C99&amp;ssl=1 150w, https:\/\/i0.wp.com\/eltrabajo.cl\/portal\/wp-content\/uploads\/2015\/03\/Vladimir-Tapia.jpg?resize=400%2C264&amp;ssl=1 400w\" width=\"208\" height=\"138\" loading=\"lazy\" data-original-width=\"208\" data-original-height=\"138\" itemprop=\"http:\/\/schema.org\/image\" title=\"Vladimir Tapia\" alt=\"Vladimir Tapia, Presidente de la Asociaci\u00f3n de Funcionarios Municipales.\" style=\"width: 208px; height: 138px;\" \/> <\/a> <div class=\"tiled-gallery-caption\" itemprop=\"caption description\"> Vladimir Tapia, Presidente de la Asociaci\u00f3n de Funcionarios Municipales. <\/div> <\/div> <div class=\"tiled-gallery-item tiled-gallery-item-small\" itemprop=\"associatedMedia\" itemscope itemtype=\"http:\/\/schema.org\/ImageObject\"> <a href=\"https:\/\/eltrabajo.cl\/portal\/la-temperatura-mas-alta-del-ano-se-registro-ayer-en-san-felipe\/elizabett-fernandez\/\" border=\"0\" itemprop=\"url\"> <meta itemprop=\"width\" content=\"208\"> <meta itemprop=\"height\" content=\"137\"> <img decoding=\"async\" class=\"\" data-attachment-id=\"56692\" data-orig-file=\"https:\/\/eltrabajo.cl\/portal\/wp-content\/uploads\/2015\/03\/Elizabett-Fernandez.jpg\" data-orig-size=\"530,350\" data-comments-opened=\"1\" data-image-meta=\"{&quot;aperture&quot;:&quot;0&quot;,&quot;credit&quot;:&quot;&quot;,&quot;camera&quot;:&quot;&quot;,&quot;caption&quot;:&quot;&quot;,&quot;created_timestamp&quot;:&quot;0&quot;,&quot;copyright&quot;:&quot;&quot;,&quot;focal_length&quot;:&quot;0&quot;,&quot;iso&quot;:&quot;0&quot;,&quot;shutter_speed&quot;:&quot;0&quot;,&quot;title&quot;:&quot;&quot;,&quot;orientation&quot;:&quot;0&quot;}\" data-image-title=\"Elizabett Fernandez\" data-image-description=\"&lt;p&gt;Elizabett Fern\u00e1ndez, vecina de Quebrada Herrera, Putaendo.&lt;\/p&gt; \" data-medium-file=\"https:\/\/i0.wp.com\/eltrabajo.cl\/portal\/wp-content\/uploads\/2015\/03\/Elizabett-Fernandez.jpg?fit=300%2C198&#038;ssl=1\" data-large-file=\"https:\/\/i0.wp.com\/eltrabajo.cl\/portal\/wp-content\/uploads\/2015\/03\/Elizabett-Fernandez.jpg?fit=530%2C350&#038;ssl=1\" src=\"https:\/\/i0.wp.com\/eltrabajo.cl\/portal\/wp-content\/uploads\/2015\/03\/Elizabett-Fernandez.jpg?w=208&#038;h=137&#038;ssl=1\" srcset=\"https:\/\/i0.wp.com\/eltrabajo.cl\/portal\/wp-content\/uploads\/2015\/03\/Elizabett-Fernandez.jpg?w=530&amp;ssl=1 530w, https:\/\/i0.wp.com\/eltrabajo.cl\/portal\/wp-content\/uploads\/2015\/03\/Elizabett-Fernandez.jpg?resize=200%2C132&amp;ssl=1 200w, https:\/\/i0.wp.com\/eltrabajo.cl\/portal\/wp-content\/uploads\/2015\/03\/Elizabett-Fernandez.jpg?resize=300%2C198&amp;ssl=1 300w, https:\/\/i0.wp.com\/eltrabajo.cl\/portal\/wp-content\/uploads\/2015\/03\/Elizabett-Fernandez.jpg?resize=150%2C99&amp;ssl=1 150w, https:\/\/i0.wp.com\/eltrabajo.cl\/portal\/wp-content\/uploads\/2015\/03\/Elizabett-Fernandez.jpg?resize=400%2C264&amp;ssl=1 400w\" width=\"208\" height=\"137\" loading=\"lazy\" data-original-width=\"208\" data-original-height=\"137\" itemprop=\"http:\/\/schema.org\/image\" title=\"Elizabett Fernandez\" alt=\"Elizabett Fern\u00e1ndez, vecina de Quebrada Herrera, Putaendo.\" style=\"width: 208px; height: 137px;\" \/> <\/a> <div class=\"tiled-gallery-caption\" itemprop=\"caption description\"> Elizabett Fern\u00e1ndez, vecina de Quebrada Herrera, Putaendo. <\/div> <\/div> <\/div> <!-- close group --> <\/div> <!-- close row --> <div class=\"gallery-row\" style=\"width: 640px; height: 424px;\" data-original-width=\"640\" data-original-height=\"424\" > <div class=\"gallery-group images-1\" style=\"width: 640px; height: 424px;\" data-original-width=\"640\" data-original-height=\"424\" > <div class=\"tiled-gallery-item tiled-gallery-item-large\" itemprop=\"associatedMedia\" itemscope itemtype=\"http:\/\/schema.org\/ImageObject\"> <a href=\"https:\/\/eltrabajo.cl\/portal\/la-temperatura-mas-alta-del-ano-se-registro-ayer-en-san-felipe\/marco-montenegro\/\" border=\"0\" itemprop=\"url\"> <meta itemprop=\"width\" content=\"636\"> <meta itemprop=\"height\" content=\"420\"> <img decoding=\"async\" class=\"\" data-attachment-id=\"56693\" data-orig-file=\"https:\/\/eltrabajo.cl\/portal\/wp-content\/uploads\/2015\/03\/Marco-Montenegro.jpg\" data-orig-size=\"530,350\" data-comments-opened=\"1\" data-image-meta=\"{&quot;aperture&quot;:&quot;0&quot;,&quot;credit&quot;:&quot;&quot;,&quot;camera&quot;:&quot;&quot;,&quot;caption&quot;:&quot;&quot;,&quot;created_timestamp&quot;:&quot;0&quot;,&quot;copyright&quot;:&quot;&quot;,&quot;focal_length&quot;:&quot;0&quot;,&quot;iso&quot;:&quot;0&quot;,&quot;shutter_speed&quot;:&quot;0&quot;,&quot;title&quot;:&quot;&quot;,&quot;orientation&quot;:&quot;0&quot;}\" data-image-title=\"Marco Montenegro\" data-image-description=\"&lt;p&gt;Marcos Montenegro, vecino de Villa El Se\u00f1orial.&lt;\/p&gt; \" data-medium-file=\"https:\/\/i0.wp.com\/eltrabajo.cl\/portal\/wp-content\/uploads\/2015\/03\/Marco-Montenegro.jpg?fit=300%2C198&#038;ssl=1\" data-large-file=\"https:\/\/i0.wp.com\/eltrabajo.cl\/portal\/wp-content\/uploads\/2015\/03\/Marco-Montenegro.jpg?fit=530%2C350&#038;ssl=1\" src=\"https:\/\/i0.wp.com\/eltrabajo.cl\/portal\/wp-content\/uploads\/2015\/03\/Marco-Montenegro.jpg?w=636&#038;h=420&#038;ssl=1\" srcset=\"https:\/\/i0.wp.com\/eltrabajo.cl\/portal\/wp-content\/uploads\/2015\/03\/Marco-Montenegro.jpg?w=530&amp;ssl=1 530w, https:\/\/i0.wp.com\/eltrabajo.cl\/portal\/wp-content\/uploads\/2015\/03\/Marco-Montenegro.jpg?resize=200%2C132&amp;ssl=1 200w, https:\/\/i0.wp.com\/eltrabajo.cl\/portal\/wp-content\/uploads\/2015\/03\/Marco-Montenegro.jpg?resize=300%2C198&amp;ssl=1 300w, https:\/\/i0.wp.com\/eltrabajo.cl\/portal\/wp-content\/uploads\/2015\/03\/Marco-Montenegro.jpg?resize=150%2C99&amp;ssl=1 150w, https:\/\/i0.wp.com\/eltrabajo.cl\/portal\/wp-content\/uploads\/2015\/03\/Marco-Montenegro.jpg?resize=400%2C264&amp;ssl=1 400w\" width=\"636\" height=\"420\" loading=\"lazy\" data-original-width=\"636\" data-original-height=\"420\" itemprop=\"http:\/\/schema.org\/image\" title=\"Marco Montenegro\" alt=\"Marcos Montenegro, vecino de Villa El Se\u00f1orial.\" style=\"width: 636px; height: 420px;\" \/> <\/a> <div class=\"tiled-gallery-caption\" itemprop=\"caption description\"> Marcos Montenegro, vecino de Villa El Se\u00f1orial. <\/div> <\/div> <\/div> <!-- close group --> <\/div> <!-- close row --> <\/div>\n","protected":false},"excerpt":{"rendered":"<p>Hoy jueves la temperatura m\u00e1s alta ser\u00e1 de 33\u00ba y para ma\u00f1ana viernes ser\u00eda de 30\u00ba. \u2018Solm\u00e1foro\u2019 de la Plaza de Armas es el \u00fanico que existe en la V Regi\u00f3n. Las&#8230;<\/p>\n","protected":false},"author":482,"featured_media":56691,"comment_status":"open","ping_status":"open","sticky":false,"template":"","format":"standard","meta":{"advanced_seo_description":"","jetpack_seo_html_title":"","jetpack_seo_noindex":false,"_jetpack_memberships_contains_paid_content":false,"footnotes":""},"categories":[15],"tags":[],"class_list":["post-56690","post","type-post","status-publish","format-standard","has-post-thumbnail","hentry","category-comunidad"],"jetpack_featured_media_url":"https:\/\/i0.wp.com\/eltrabajo.cl\/portal\/wp-content\/uploads\/2015\/03\/Calor1.jpg?fit=530%2C350&ssl=1","jetpack_sharing_enabled":true,"jetpack_likes_enabled":true,"jetpack-related-posts":[],"_links":{"self":[{"href":"https:\/\/eltrabajo.cl\/portal\/wp-json\/wp\/v2\/posts\/56690","targetHints":{"allow":["GET"]}}],"collection":[{"href":"https:\/\/eltrabajo.cl\/portal\/wp-json\/wp\/v2\/posts"}],"about":[{"href":"https:\/\/eltrabajo.cl\/portal\/wp-json\/wp\/v2\/types\/post"}],"author":[{"embeddable":true,"href":"https:\/\/eltrabajo.cl\/portal\/wp-json\/wp\/v2\/users\/482"}],"replies":[{"embeddable":true,"href":"https:\/\/eltrabajo.cl\/portal\/wp-json\/wp\/v2\/comments?post=56690"}],"version-history":[{"count":0,"href":"https:\/\/eltrabajo.cl\/portal\/wp-json\/wp\/v2\/posts\/56690\/revisions"}],"wp:featuredmedia":[{"embeddable":true,"href":"https:\/\/eltrabajo.cl\/portal\/wp-json\/wp\/v2\/media\/56691"}],"wp:attachment":[{"href":"https:\/\/eltrabajo.cl\/portal\/wp-json\/wp\/v2\/media?parent=56690"}],"wp:term":[{"taxonomy":"category","embeddable":true,"href":"https:\/\/eltrabajo.cl\/portal\/wp-json\/wp\/v2\/categories?post=56690"},{"taxonomy":"post_tag","embeddable":true,"href":"https:\/\/eltrabajo.cl\/portal\/wp-json\/wp\/v2\/tags?post=56690"}],"curies":[{"name":"wp","href":"https:\/\/api.w.org\/{rel}","templated":true}]}}