{"id":56715,"date":"2015-03-13T09:24:10","date_gmt":"2015-03-13T12:24:10","guid":{"rendered":"http:\/\/www.eltrabajo.cl\/portal\/?p=56715"},"modified":"2015-03-13T09:24:10","modified_gmt":"2015-03-13T12:24:10","slug":"alcalde-patricio-freire-da-oficialmente-por-iniciado-ano-escolar-2015","status":"publish","type":"post","link":"https:\/\/eltrabajo.cl\/portal\/alcalde-patricio-freire-da-oficialmente-por-iniciado-ano-escolar-2015\/","title":{"rendered":"Alcalde Patricio Freire da oficialmente por iniciado a\u00f1o escolar 2015"},"content":{"rendered":"<figure id=\"attachment_56716\" aria-describedby=\"caption-attachment-56716\" style=\"width: 530px\" class=\"wp-caption alignnone\"><a href=\"https:\/\/i0.wp.com\/www.eltrabajo.cl\/portal\/wp-content\/uploads\/2015\/03\/inicio-a%C3%B1o-escolar-2.jpg\"><img data-recalc-dims=\"1\" loading=\"lazy\" decoding=\"async\" class=\"size-full wp-image-56716\" src=\"https:\/\/i0.wp.com\/www.eltrabajo.cl\/portal\/wp-content\/uploads\/2015\/03\/inicio-a%C3%B1o-escolar-2.jpg?resize=530%2C350\" alt=\"Los m\u00e1s peque\u00f1os y m\u00e1s entusiastas dieron el vamos a este nuevo a\u00f1o escolar en la escuela Carmela Carvajal de Prat ubicada en el sector de Curim\u00f3n.\" width=\"530\" height=\"350\" srcset=\"https:\/\/i0.wp.com\/eltrabajo.cl\/portal\/wp-content\/uploads\/2015\/03\/inicio-a%C3%B1o-escolar-2.jpg?w=530&amp;ssl=1 530w, https:\/\/i0.wp.com\/eltrabajo.cl\/portal\/wp-content\/uploads\/2015\/03\/inicio-a%C3%B1o-escolar-2.jpg?resize=200%2C132&amp;ssl=1 200w, https:\/\/i0.wp.com\/eltrabajo.cl\/portal\/wp-content\/uploads\/2015\/03\/inicio-a%C3%B1o-escolar-2.jpg?resize=300%2C198&amp;ssl=1 300w, https:\/\/i0.wp.com\/eltrabajo.cl\/portal\/wp-content\/uploads\/2015\/03\/inicio-a%C3%B1o-escolar-2.jpg?resize=150%2C99&amp;ssl=1 150w, https:\/\/i0.wp.com\/eltrabajo.cl\/portal\/wp-content\/uploads\/2015\/03\/inicio-a%C3%B1o-escolar-2.jpg?resize=400%2C264&amp;ssl=1 400w\" sizes=\"auto, (max-width: 530px) 100vw, 530px\" \/><\/a><figcaption id=\"caption-attachment-56716\" class=\"wp-caption-text\">Los m\u00e1s peque\u00f1os y m\u00e1s entusiastas dieron el vamos a este nuevo a\u00f1o escolar en la escuela Carmela Carvajal de Prat ubicada en el sector de Curim\u00f3n.<\/figcaption><\/figure>\n<p>Una gran convocatoria tuvo el acto inaugural de la temporada lectiva 2015, la que se realiz\u00f3 en la escuela Carmela Carvajal de Prat ubicada en el sector de Curim\u00f3n.<br \/>\nLa actividad, encabezada por el alcalde Patricio Freire Canto, cont\u00f3 adem\u00e1s con la presencia de los concejales de la comuna, acompa\u00f1ados por los directores de los diferentes establecimientos municipales, docentes, padres y apoderados y una gran cantidad de alumnos, quienes alegremente dieron el vamos a este nuevo a\u00f1o escolar.<\/p>\n<figure id=\"attachment_56717\" aria-describedby=\"caption-attachment-56717\" style=\"width: 400px\" class=\"wp-caption alignright\"><a href=\"https:\/\/i0.wp.com\/www.eltrabajo.cl\/portal\/wp-content\/uploads\/2015\/03\/preescolar.jpg\"><img data-recalc-dims=\"1\" loading=\"lazy\" decoding=\"async\" class=\"wp-image-56717\" src=\"https:\/\/i0.wp.com\/www.eltrabajo.cl\/portal\/wp-content\/uploads\/2015\/03\/preescolar.jpg?resize=400%2C264\" alt=\"En el Jard\u00edn Infantil Conejitos Saltarines de Curim\u00f3n, tambi\u00e9n se realiz\u00f3 la ceremonia de inauguraci\u00f3n de este nuevo a\u00f1o escolar.\" width=\"400\" height=\"264\" srcset=\"https:\/\/i0.wp.com\/eltrabajo.cl\/portal\/wp-content\/uploads\/2015\/03\/preescolar.jpg?w=530&amp;ssl=1 530w, https:\/\/i0.wp.com\/eltrabajo.cl\/portal\/wp-content\/uploads\/2015\/03\/preescolar.jpg?resize=200%2C132&amp;ssl=1 200w, https:\/\/i0.wp.com\/eltrabajo.cl\/portal\/wp-content\/uploads\/2015\/03\/preescolar.jpg?resize=300%2C198&amp;ssl=1 300w, https:\/\/i0.wp.com\/eltrabajo.cl\/portal\/wp-content\/uploads\/2015\/03\/preescolar.jpg?resize=150%2C99&amp;ssl=1 150w, https:\/\/i0.wp.com\/eltrabajo.cl\/portal\/wp-content\/uploads\/2015\/03\/preescolar.jpg?resize=400%2C264&amp;ssl=1 400w\" sizes=\"auto, (max-width: 400px) 100vw, 400px\" \/><\/a><figcaption id=\"caption-attachment-56717\" class=\"wp-caption-text\">En el Jard\u00edn Infantil Conejitos Saltarines de Curim\u00f3n, tambi\u00e9n se realiz\u00f3 la ceremonia de inauguraci\u00f3n de este nuevo a\u00f1o escolar.<\/figcaption><\/figure>\n<p>En la oportunidad, el edil de la comuna de San Felipe destac\u00f3 los avances en materia educativa que han registrado los establecimientos municipalizados, se\u00f1alando que \u201cdespu\u00e9s de mucho tiempo hemos logrado detener el \u00e9xodo de alumnos de nuestro sistema, este a\u00f1o estamos comenzando pr\u00e1cticamente con la misma cantidad de alumnos con los que finalizamos el a\u00f1o 2014, y eso nos pone muy contentos, estamos recibiendo los beneficios del Estado en temas de mejora de infraestructura, lo que nos permiti\u00f3 pintar, por ejemplo, la fachada de cuatro establecimientos educacionales, lo que es agradecido por parte de la comunidad. Estamos trabajando en que nuestros ni\u00f1os y ni\u00f1as se sientan lo m\u00e1s c\u00f3modos posible, y lo estamos logrando, por lo que el llamado es a que los padres y apoderados conf\u00eden en nuestro trabajo, porque apuntamos a una educaci\u00f3n de calidad, inclusiva y participativa\u201d.<br \/>\nPor su parte el Director de Educaci\u00f3n Municipal, Iv\u00e1n Silva Padilla, agreg\u00f3 que \u201cel compromiso de todos nuestros directores, y sus equipos de trabajo, est\u00e1 orientado a que cada d\u00eda nuestros establecimientos sean m\u00e1s modernos, con infraestructura de primer nivel e implementaci\u00f3n de \u00faltima tecnolog\u00eda, y para eso es necesario redoblar esfuerzos, los que al final del camino nos dejar\u00e1n generaciones de exitosos profesionales, orgullosos de la educaci\u00f3n que se les entreg\u00f3 en sus establecimientos municipales\u201d.<\/p>\n<p><strong>LOS M\u00c1S PEQUE\u00d1ITOS TAMBI\u00c9N VAN A CLASES<\/strong><\/p>\n<p>Por otra parte, en el jard\u00edn infantil Conejitos Saltarines, tambi\u00e9n ubicado en el sector de Curim\u00f3n, se realiz\u00f3 la ceremonia de inauguraci\u00f3n de este nuevo a\u00f1o, donde cerca de noventa ni\u00f1os y ni\u00f1as en etapa pre escolar, tambi\u00e9n comenzaron a dar sus primeros pasos hacia la educaci\u00f3n regular.<br \/>\nDe esta actividad, tambi\u00e9n particip\u00f3 el Alcalde Patricio Freire en compa\u00f1\u00eda de los concejales, profesionales del \u00e1rea y una gran cantidad de emocionados padres y apoderados, quienes ve\u00edan como sus hijos e hijas ya se interiorizaban del asombroso mundo de la educaci\u00f3n.<br \/>\nEn la ocasi\u00f3n, la coordinadora de jardines infantiles VTF, Andrea Cerda, destac\u00f3 la importancia que significa para los ni\u00f1os y ni\u00f1as comenzar en edades tempranas con el proceso de aprendizaje, sosteniendo que \u201cen la medida que ellos ingresen de manera temprana a los diferentes jardines infantiles y salas cuna, se podr\u00e1n conseguir m\u00e1s y mejores resultados que les permitan enfrentar de mejor manera el paso a la educaci\u00f3n regular, porque se trabaja en el desarrollo de habilidades cognitivas y motoras, de manera tal que aprendan y entiendan de forma m\u00e1s r\u00e1pida a resolver conflictos b\u00e1sicos y socializar con el entorno en la creaci\u00f3n de h\u00e1bitos, por lo que el llamado es a que los padres consulten e inscriban a sus hijos e hijas en nuestros centros, en donde adem\u00e1s encontrar\u00e1n el trabajo de profesionales preparados para enfrentar este interesante desaf\u00edo, junto a las familias que buscan lo mejor para sus ni\u00f1os y ni\u00f1as\u201d.<\/p>\n","protected":false},"excerpt":{"rendered":"<p>Una gran convocatoria tuvo el acto inaugural de la temporada lectiva 2015, la que se realiz\u00f3 en la escuela Carmela Carvajal de Prat ubicada en el sector de Curim\u00f3n. La actividad, encabezada&#8230;<\/p>\n","protected":false},"author":482,"featured_media":56716,"comment_status":"open","ping_status":"open","sticky":false,"template":"","format":"standard","meta":{"advanced_seo_description":"","jetpack_seo_html_title":"","jetpack_seo_noindex":false,"_jetpack_memberships_contains_paid_content":false,"footnotes":""},"categories":[15],"tags":[],"class_list":["post-56715","post","type-post","status-publish","format-standard","has-post-thumbnail","hentry","category-comunidad"],"jetpack_featured_media_url":"https:\/\/i0.wp.com\/eltrabajo.cl\/portal\/wp-content\/uploads\/2015\/03\/inicio-a%C3%B1o-escolar-2.jpg?fit=530%2C350&ssl=1","jetpack_sharing_enabled":true,"jetpack_likes_enabled":true,"jetpack-related-posts":[],"_links":{"self":[{"href":"https:\/\/eltrabajo.cl\/portal\/wp-json\/wp\/v2\/posts\/56715","targetHints":{"allow":["GET"]}}],"collection":[{"href":"https:\/\/eltrabajo.cl\/portal\/wp-json\/wp\/v2\/posts"}],"about":[{"href":"https:\/\/eltrabajo.cl\/portal\/wp-json\/wp\/v2\/types\/post"}],"author":[{"embeddable":true,"href":"https:\/\/eltrabajo.cl\/portal\/wp-json\/wp\/v2\/users\/482"}],"replies":[{"embeddable":true,"href":"https:\/\/eltrabajo.cl\/portal\/wp-json\/wp\/v2\/comments?post=56715"}],"version-history":[{"count":0,"href":"https:\/\/eltrabajo.cl\/portal\/wp-json\/wp\/v2\/posts\/56715\/revisions"}],"wp:featuredmedia":[{"embeddable":true,"href":"https:\/\/eltrabajo.cl\/portal\/wp-json\/wp\/v2\/media\/56716"}],"wp:attachment":[{"href":"https:\/\/eltrabajo.cl\/portal\/wp-json\/wp\/v2\/media?parent=56715"}],"wp:term":[{"taxonomy":"category","embeddable":true,"href":"https:\/\/eltrabajo.cl\/portal\/wp-json\/wp\/v2\/categories?post=56715"},{"taxonomy":"post_tag","embeddable":true,"href":"https:\/\/eltrabajo.cl\/portal\/wp-json\/wp\/v2\/tags?post=56715"}],"curies":[{"name":"wp","href":"https:\/\/api.w.org\/{rel}","templated":true}]}}