{"id":56733,"date":"2015-03-16T09:06:33","date_gmt":"2015-03-16T12:06:33","guid":{"rendered":"http:\/\/www.eltrabajo.cl\/portal\/?p=56733"},"modified":"2015-03-16T09:06:33","modified_gmt":"2015-03-16T12:06:33","slug":"centro-integral-de-adultos-mayores-celebra-8-anos-de-existencia","status":"publish","type":"post","link":"https:\/\/eltrabajo.cl\/portal\/centro-integral-de-adultos-mayores-celebra-8-anos-de-existencia\/","title":{"rendered":"Centro Integral de Adultos Mayores celebra 8 a\u00f1os de existencia"},"content":{"rendered":"<figure id=\"attachment_56734\" aria-describedby=\"caption-attachment-56734\" style=\"width: 530px\" class=\"wp-caption alignnone\"><a href=\"https:\/\/i0.wp.com\/www.eltrabajo.cl\/portal\/wp-content\/uploads\/2015\/03\/Adultos-mayores.jpg\"><img data-recalc-dims=\"1\" loading=\"lazy\" decoding=\"async\" class=\"size-full wp-image-56734\" src=\"https:\/\/i0.wp.com\/www.eltrabajo.cl\/portal\/wp-content\/uploads\/2015\/03\/Adultos-mayores.jpg?resize=530%2C350\" alt=\"Unos 150 adultos mayores participaron del desayuno aniversario del Centro Integral.\" width=\"530\" height=\"350\" srcset=\"https:\/\/i0.wp.com\/eltrabajo.cl\/portal\/wp-content\/uploads\/2015\/03\/Adultos-mayores.jpg?w=530&amp;ssl=1 530w, https:\/\/i0.wp.com\/eltrabajo.cl\/portal\/wp-content\/uploads\/2015\/03\/Adultos-mayores.jpg?resize=200%2C132&amp;ssl=1 200w, https:\/\/i0.wp.com\/eltrabajo.cl\/portal\/wp-content\/uploads\/2015\/03\/Adultos-mayores.jpg?resize=300%2C198&amp;ssl=1 300w, https:\/\/i0.wp.com\/eltrabajo.cl\/portal\/wp-content\/uploads\/2015\/03\/Adultos-mayores.jpg?resize=150%2C99&amp;ssl=1 150w, https:\/\/i0.wp.com\/eltrabajo.cl\/portal\/wp-content\/uploads\/2015\/03\/Adultos-mayores.jpg?resize=400%2C264&amp;ssl=1 400w\" sizes=\"auto, (max-width: 530px) 100vw, 530px\" \/><\/a><figcaption id=\"caption-attachment-56734\" class=\"wp-caption-text\">Unos 150 adultos mayores participaron del desayuno aniversario del Centro Integral.<\/figcaption><\/figure>\n<p>Con un desayuno, al que asistieron m\u00e1s de 150 beneficiados, se celebr\u00f3 el octavo aniversario del Centro Integral de Mayores de San Felipe, y cont\u00f3 adem\u00e1s con la presencia de autoridades encabezadas por el Alcalde Patricio Freire, profesionales y voluntarios.<br \/>\nSe trata de un espacio que surge de un trabajo conjunto entre la Municipalidad de San Felipe y el Servicio Nacional del Adulto Mayor, que el a\u00f1o 2007 fue inaugurado en San Felipe, en el marco de un programa denominado entonces de Intervenciones Innovadoras para el Adulto Mayor.<br \/>\nHoy este centro es uno de los lugares que da acogida a los adultos mayores, quienes tienen la posibilidad de desarrollar diversas actividades, as\u00ed como acceder a prestaciones y servicios que en su conjunto, apuntan a brindarle una mejor calidad de vida.<br \/>\nSeg\u00fan explic\u00f3 la Coordinadora de la Oficina del Adulto Mayor, del cual depende el Centro Integral, \u201cel d\u00eda 6 de marzo fue inaugurado y entregado a la comunidad este espacio, concebido como un modelo de intervenci\u00f3n que supone la existencia de una infraestructura que permite la atenci\u00f3n y empoderamiento del Adulto Mayor en la construcci\u00f3n de la ciudadan\u00eda en el territorio\u201d.<\/p>\n<figure id=\"attachment_56735\" aria-describedby=\"caption-attachment-56735\" style=\"width: 400px\" class=\"wp-caption alignright\"><a href=\"https:\/\/i0.wp.com\/www.eltrabajo.cl\/portal\/wp-content\/uploads\/2015\/03\/Alcalde-y-adultos-mayores.jpg\"><img data-recalc-dims=\"1\" loading=\"lazy\" decoding=\"async\" class=\"wp-image-56735\" src=\"https:\/\/i0.wp.com\/www.eltrabajo.cl\/portal\/wp-content\/uploads\/2015\/03\/Alcalde-y-adultos-mayores.jpg?resize=400%2C263\" alt=\"El alcalde Patricio Freire aprovech\u00f3 la instancia para compartir con los adultos mayores.\" width=\"400\" height=\"263\" srcset=\"https:\/\/i0.wp.com\/eltrabajo.cl\/portal\/wp-content\/uploads\/2015\/03\/Alcalde-y-adultos-mayores.jpg?w=530&amp;ssl=1 530w, https:\/\/i0.wp.com\/eltrabajo.cl\/portal\/wp-content\/uploads\/2015\/03\/Alcalde-y-adultos-mayores.jpg?resize=200%2C131&amp;ssl=1 200w, https:\/\/i0.wp.com\/eltrabajo.cl\/portal\/wp-content\/uploads\/2015\/03\/Alcalde-y-adultos-mayores.jpg?resize=300%2C197&amp;ssl=1 300w, https:\/\/i0.wp.com\/eltrabajo.cl\/portal\/wp-content\/uploads\/2015\/03\/Alcalde-y-adultos-mayores.jpg?resize=150%2C98&amp;ssl=1 150w, https:\/\/i0.wp.com\/eltrabajo.cl\/portal\/wp-content\/uploads\/2015\/03\/Alcalde-y-adultos-mayores.jpg?resize=400%2C263&amp;ssl=1 400w\" sizes=\"auto, (max-width: 400px) 100vw, 400px\" \/><\/a><figcaption id=\"caption-attachment-56735\" class=\"wp-caption-text\">El alcalde Patricio Freire aprovech\u00f3 la instancia para compartir con los adultos mayores.<\/figcaption><\/figure>\n<p>Precis\u00f3 que el centro sigue siendo un espacio de participaci\u00f3n y entrega de servicios para los Adultos Mayores, adem\u00e1s de informarlos y resolver consultas, fortaleciendo las organizaciones del adulto mayor, implementando acciones de desarrollo integral, recreaci\u00f3n e integraci\u00f3n del adulto mayor.<br \/>\nSe busca tambi\u00e9n con este lugar sensibilizar y consolidar el trabajo en equipo con la red comunal para personas mayores.<br \/>\n\u201cPara el a\u00f1o 2015, el Centro Integral de Mayores cuenta con un equipo de profesionales enfocados en cumplir su objetivo general, basado en pol\u00edticas p\u00fablicas de envejecimiento positivo, objetivo que no tiene una pretensi\u00f3n rom\u00e1ntica de eliminar por completo los aspectos negativos, pero s\u00ed busca incrementar los aspectos positivos y disminuir los aspectos negativos de la experiencia de envejecer\u201d, explic\u00f3 Patricia Opazo.<br \/>\nUno de los objetivos espec\u00edficos para el a\u00f1o 2015, es proteger a las personas mayores v\u00edctimas de abuso, maltrato o violencia intrafamiliar, mediante coordinaciones con las redes locales y regionales, desde una perspectiva integral, psico-socio jur\u00eddica.<\/p>\n","protected":false},"excerpt":{"rendered":"<p>Con un desayuno, al que asistieron m\u00e1s de 150 beneficiados, se celebr\u00f3 el octavo aniversario del Centro Integral de Mayores de San Felipe, y cont\u00f3 adem\u00e1s con la presencia de autoridades encabezadas&#8230;<\/p>\n","protected":false},"author":482,"featured_media":56734,"comment_status":"open","ping_status":"open","sticky":false,"template":"","format":"standard","meta":{"advanced_seo_description":"","jetpack_seo_html_title":"","jetpack_seo_noindex":false,"_jetpack_memberships_contains_paid_content":false,"footnotes":""},"categories":[15],"tags":[],"class_list":["post-56733","post","type-post","status-publish","format-standard","has-post-thumbnail","hentry","category-comunidad"],"jetpack_featured_media_url":"https:\/\/i0.wp.com\/eltrabajo.cl\/portal\/wp-content\/uploads\/2015\/03\/Adultos-mayores.jpg?fit=530%2C350&ssl=1","jetpack_sharing_enabled":true,"jetpack_likes_enabled":true,"jetpack-related-posts":[],"_links":{"self":[{"href":"https:\/\/eltrabajo.cl\/portal\/wp-json\/wp\/v2\/posts\/56733","targetHints":{"allow":["GET"]}}],"collection":[{"href":"https:\/\/eltrabajo.cl\/portal\/wp-json\/wp\/v2\/posts"}],"about":[{"href":"https:\/\/eltrabajo.cl\/portal\/wp-json\/wp\/v2\/types\/post"}],"author":[{"embeddable":true,"href":"https:\/\/eltrabajo.cl\/portal\/wp-json\/wp\/v2\/users\/482"}],"replies":[{"embeddable":true,"href":"https:\/\/eltrabajo.cl\/portal\/wp-json\/wp\/v2\/comments?post=56733"}],"version-history":[{"count":0,"href":"https:\/\/eltrabajo.cl\/portal\/wp-json\/wp\/v2\/posts\/56733\/revisions"}],"wp:featuredmedia":[{"embeddable":true,"href":"https:\/\/eltrabajo.cl\/portal\/wp-json\/wp\/v2\/media\/56734"}],"wp:attachment":[{"href":"https:\/\/eltrabajo.cl\/portal\/wp-json\/wp\/v2\/media?parent=56733"}],"wp:term":[{"taxonomy":"category","embeddable":true,"href":"https:\/\/eltrabajo.cl\/portal\/wp-json\/wp\/v2\/categories?post=56733"},{"taxonomy":"post_tag","embeddable":true,"href":"https:\/\/eltrabajo.cl\/portal\/wp-json\/wp\/v2\/tags?post=56733"}],"curies":[{"name":"wp","href":"https:\/\/api.w.org\/{rel}","templated":true}]}}