{"id":5674,"date":"2011-11-03T08:23:19","date_gmt":"2011-11-03T12:23:19","guid":{"rendered":"http:\/\/www.eltrabajo.cl\/portal\/?p=5674"},"modified":"2011-11-03T08:23:19","modified_gmt":"2011-11-03T12:23:19","slug":"confirman-construccion-de-cuartel-para-2%c2%aa-compania-de-bomberos-de-llay-llay","status":"publish","type":"post","link":"https:\/\/eltrabajo.cl\/portal\/confirman-construccion-de-cuartel-para-2%c2%aa-compania-de-bomberos-de-llay-llay\/","title":{"rendered":"Confirman construcci\u00f3n de cuartel para 2\u00aa Compa\u00f1\u00eda de Bomberos de Llay Llay"},"content":{"rendered":"<figure id=\"attachment_5675\" aria-describedby=\"caption-attachment-5675\" style=\"width: 600px\" class=\"wp-caption alignnone\"><a href=\"http:\/\/www.eltrabajo.cl\/portal\/archives\/5674\/cuartel-llayllay\" rel=\"attachment wp-att-5675\"><img data-recalc-dims=\"1\" loading=\"lazy\" decoding=\"async\" class=\"size-full wp-image-5675\" title=\"cuartel llayllay\" src=\"https:\/\/i0.wp.com\/www.eltrabajo.cl\/portal\/wp-content\/uploads\/2011\/11\/cuartel-llayllay.jpg?resize=600%2C373\" alt=\"\" width=\"600\" height=\"373\" srcset=\"https:\/\/i0.wp.com\/eltrabajo.cl\/portal\/wp-content\/uploads\/2011\/11\/cuartel-llayllay.jpg?w=600&amp;ssl=1 600w, https:\/\/i0.wp.com\/eltrabajo.cl\/portal\/wp-content\/uploads\/2011\/11\/cuartel-llayllay.jpg?resize=200%2C124&amp;ssl=1 200w, https:\/\/i0.wp.com\/eltrabajo.cl\/portal\/wp-content\/uploads\/2011\/11\/cuartel-llayllay.jpg?resize=300%2C186&amp;ssl=1 300w, https:\/\/i0.wp.com\/eltrabajo.cl\/portal\/wp-content\/uploads\/2011\/11\/cuartel-llayllay.jpg?resize=150%2C93&amp;ssl=1 150w, https:\/\/i0.wp.com\/eltrabajo.cl\/portal\/wp-content\/uploads\/2011\/11\/cuartel-llayllay.jpg?resize=400%2C248&amp;ssl=1 400w\" sizes=\"auto, (max-width: 600px) 100vw, 600px\" \/><\/a><figcaption id=\"caption-attachment-5675\" class=\"wp-caption-text\">Esta maqueta digital muestra como se ver\u00e1 el cuartel de la 2\u00aa Compa\u00f1\u00eda de Bomberos de Llay Llay.<\/figcaption><\/figure>\n<p>Con la aprobaci\u00f3n de 341 millones de pesos para su construcci\u00f3n por parte del Consejo Regional, el Alcalde de la comuna de Llay Llay, Mario Marilanca, dio la noticia de que definitivamente la Segunda Compa\u00f1\u00eda de Bomberos de Llay Llay tendr\u00e1 por fin su nuevo cuartel.<\/p>\n<p>El proyecto aprobado, denominado \u201cConstrucci\u00f3n de un Cuartel para la 2\u00aa Compa\u00f1\u00eda de Bomberos de la comuna de Llay-Llay\u201d, contempla la construcci\u00f3n de 691,38 m2, que se emplazar\u00e1n en un terreno de 4.315,50 m2. en Avda. Circunvalaci\u00f3n Ucuquer, al borde del Estero Los Loros, a una cuadra de la Avenida O\u2019Higgins, segunda calle de importancia para la comuna y principal acceso a Llay-Llay.<\/p>\n<p>La construcci\u00f3n viene a dar vida al sector en menci\u00f3n y que ya ha sido intervenido con la construcci\u00f3n del Parque Ucuquer, con el objetivo de convertir el \u00e1rea en una zona residencial.<\/p>\n<p>\u00abQuiero destacar el trabajo profesional de los arquitectos de la Sescplac de la municipalidad, que son quienes desarrollaron el proyecto. Nosotros quer\u00edamos entregar este regalo a la 2\u00aa Compa\u00f1\u00eda por sus 100 a\u00f1os y lo logramos, lo cual se complementar\u00e1 con la compra de 2 carros nuevos, uno para cada compa\u00f1\u00eda\u00bb, agreg\u00f3 el Alcalde, satisfecho por la buena noticia.<\/p>\n","protected":false},"excerpt":{"rendered":"<p>Con la aprobaci\u00f3n de 341 millones de pesos para su construcci\u00f3n por parte del Consejo Regional, el Alcalde de la comuna de Llay Llay, Mario Marilanca, dio la noticia de que definitivamente&#8230;<\/p>\n","protected":false},"author":482,"featured_media":5675,"comment_status":"open","ping_status":"open","sticky":false,"template":"","format":"standard","meta":{"advanced_seo_description":"","jetpack_seo_html_title":"","jetpack_seo_noindex":false,"_jetpack_memberships_contains_paid_content":false,"footnotes":""},"categories":[15],"tags":[],"class_list":["post-5674","post","type-post","status-publish","format-standard","has-post-thumbnail","hentry","category-comunidad"],"jetpack_featured_media_url":"https:\/\/i0.wp.com\/eltrabajo.cl\/portal\/wp-content\/uploads\/2011\/11\/cuartel-llayllay.jpg?fit=600%2C373&ssl=1","jetpack_sharing_enabled":true,"jetpack_likes_enabled":true,"jetpack-related-posts":[],"_links":{"self":[{"href":"https:\/\/eltrabajo.cl\/portal\/wp-json\/wp\/v2\/posts\/5674","targetHints":{"allow":["GET"]}}],"collection":[{"href":"https:\/\/eltrabajo.cl\/portal\/wp-json\/wp\/v2\/posts"}],"about":[{"href":"https:\/\/eltrabajo.cl\/portal\/wp-json\/wp\/v2\/types\/post"}],"author":[{"embeddable":true,"href":"https:\/\/eltrabajo.cl\/portal\/wp-json\/wp\/v2\/users\/482"}],"replies":[{"embeddable":true,"href":"https:\/\/eltrabajo.cl\/portal\/wp-json\/wp\/v2\/comments?post=5674"}],"version-history":[{"count":0,"href":"https:\/\/eltrabajo.cl\/portal\/wp-json\/wp\/v2\/posts\/5674\/revisions"}],"wp:featuredmedia":[{"embeddable":true,"href":"https:\/\/eltrabajo.cl\/portal\/wp-json\/wp\/v2\/media\/5675"}],"wp:attachment":[{"href":"https:\/\/eltrabajo.cl\/portal\/wp-json\/wp\/v2\/media?parent=5674"}],"wp:term":[{"taxonomy":"category","embeddable":true,"href":"https:\/\/eltrabajo.cl\/portal\/wp-json\/wp\/v2\/categories?post=5674"},{"taxonomy":"post_tag","embeddable":true,"href":"https:\/\/eltrabajo.cl\/portal\/wp-json\/wp\/v2\/tags?post=5674"}],"curies":[{"name":"wp","href":"https:\/\/api.w.org\/{rel}","templated":true}]}}