{"id":56758,"date":"2015-03-16T09:28:25","date_gmt":"2015-03-16T12:28:25","guid":{"rendered":"http:\/\/www.eltrabajo.cl\/portal\/?p=56758"},"modified":"2015-03-16T09:28:25","modified_gmt":"2015-03-16T12:28:25","slug":"enfrentamiento-a-balazos-movilizo-a-carabineros-hasta-villa-250-anos","status":"publish","type":"post","link":"https:\/\/eltrabajo.cl\/portal\/enfrentamiento-a-balazos-movilizo-a-carabineros-hasta-villa-250-anos\/","title":{"rendered":"Enfrentamiento a balazos moviliz\u00f3 a Carabineros hasta Villa 250 A\u00f1os"},"content":{"rendered":"<figure id=\"attachment_56759\" aria-describedby=\"caption-attachment-56759\" style=\"width: 530px\" class=\"wp-caption alignnone\"><a href=\"https:\/\/i0.wp.com\/www.eltrabajo.cl\/portal\/wp-content\/uploads\/2015\/03\/oiperativo-balacera.jpg\"><img data-recalc-dims=\"1\" loading=\"lazy\" decoding=\"async\" class=\"size-full wp-image-56759\" src=\"https:\/\/i0.wp.com\/www.eltrabajo.cl\/portal\/wp-content\/uploads\/2015\/03\/oiperativo-balacera.jpg?resize=530%2C349\" alt=\"Un aparente enfrentamiento a balazos en la Villa 250 A\u00f1os gener\u00f3 un amplio operativo de Carabineros, con fiscalizaciones a veh\u00edculos sospechosos en Avenida O\u00b4Higgins esquina Maip\u00fa.\" width=\"530\" height=\"349\" srcset=\"https:\/\/i0.wp.com\/eltrabajo.cl\/portal\/wp-content\/uploads\/2015\/03\/oiperativo-balacera.jpg?w=530&amp;ssl=1 530w, https:\/\/i0.wp.com\/eltrabajo.cl\/portal\/wp-content\/uploads\/2015\/03\/oiperativo-balacera.jpg?resize=200%2C132&amp;ssl=1 200w, https:\/\/i0.wp.com\/eltrabajo.cl\/portal\/wp-content\/uploads\/2015\/03\/oiperativo-balacera.jpg?resize=300%2C198&amp;ssl=1 300w, https:\/\/i0.wp.com\/eltrabajo.cl\/portal\/wp-content\/uploads\/2015\/03\/oiperativo-balacera.jpg?resize=150%2C99&amp;ssl=1 150w, https:\/\/i0.wp.com\/eltrabajo.cl\/portal\/wp-content\/uploads\/2015\/03\/oiperativo-balacera.jpg?resize=400%2C263&amp;ssl=1 400w\" sizes=\"auto, (max-width: 530px) 100vw, 530px\" \/><\/a><figcaption id=\"caption-attachment-56759\" class=\"wp-caption-text\">Un aparente enfrentamiento a balazos en la Villa 250 A\u00f1os gener\u00f3 un amplio operativo de Carabineros, con fiscalizaciones a veh\u00edculos sospechosos en Avenida O\u00b4Higgins esquina Maip\u00fa.<\/figcaption><\/figure>\n<p>Un gran contingente de Carabineros se desplaz\u00f3 hasta las inmediaciones de la Villa 250 A\u00f1os de San Felipe ante las denuncias de vecinos al nivel 133 que alertaban sobre la ocurrencia de balazos a primeras horas del pasado viernes, presumiendo un nuevo enfrentamiento entre familias en ese sector; sin embargo, no se registraron personas detenidas.<br \/>\nA ra\u00edz de estos antecedentes, los efectivos policiales se desplegaron por distintas arterias de la localidad en b\u00fasqueda de los protagonistas que habr\u00edan estado manipulando armas de fuego en ese sector conmocionando a los residentes, sin que se lograra establecer el origen de estas percusiones.<br \/>\nLos patrullajes policiales se extendieron por el interior de esta villa, buscando reunir m\u00e1s informaci\u00f3n por parte de vecinos que pudiesen brindar antecedentes a Carabineros para capturar a los autores de los disparos. Aparentemente, se tratar\u00eda de un enfrentamiento entre dos familias del sector.<br \/>\nLas diligencias requirieron que la polic\u00eda uniformada realizara fiscalizaciones a los veh\u00edculos que circulaban por la Villa 250 A\u00f1os, desplaz\u00e1ndose hacia la Avenida O\u00b4Higgins esquina Maip\u00fa, de manera preventiva para el resguardo de la ciudadan\u00eda.<br \/>\n\u00abPersonal de esta dotaci\u00f3n junto con personal de civil, concurrieron a fin de lograr la incautaci\u00f3n de armas o alg\u00fan detenido asociado a estos disparos, sin lograr resultados positivos. Se est\u00e1n realizando diligencias investigativas atribuibles estos hechos a personas que son conocidas en el lugar\u00bb, inform\u00f3 la Comisario de Carabineros, Mayor Maureen Espinoza.<br \/>\nPablo Salinas Sald\u00edas<\/p>\n","protected":false},"excerpt":{"rendered":"<p>Un gran contingente de Carabineros se desplaz\u00f3 hasta las inmediaciones de la Villa 250 A\u00f1os de San Felipe ante las denuncias de vecinos al nivel 133 que alertaban sobre la ocurrencia de&#8230;<\/p>\n","protected":false},"author":482,"featured_media":56759,"comment_status":"open","ping_status":"open","sticky":false,"template":"","format":"standard","meta":{"advanced_seo_description":"","jetpack_seo_html_title":"","jetpack_seo_noindex":false,"_jetpack_memberships_contains_paid_content":false,"footnotes":""},"categories":[21],"tags":[],"class_list":["post-56758","post","type-post","status-publish","format-standard","has-post-thumbnail","hentry","category-policial"],"jetpack_featured_media_url":"https:\/\/i0.wp.com\/eltrabajo.cl\/portal\/wp-content\/uploads\/2015\/03\/oiperativo-balacera.jpg?fit=530%2C349&ssl=1","jetpack_sharing_enabled":true,"jetpack_likes_enabled":true,"jetpack-related-posts":[],"_links":{"self":[{"href":"https:\/\/eltrabajo.cl\/portal\/wp-json\/wp\/v2\/posts\/56758","targetHints":{"allow":["GET"]}}],"collection":[{"href":"https:\/\/eltrabajo.cl\/portal\/wp-json\/wp\/v2\/posts"}],"about":[{"href":"https:\/\/eltrabajo.cl\/portal\/wp-json\/wp\/v2\/types\/post"}],"author":[{"embeddable":true,"href":"https:\/\/eltrabajo.cl\/portal\/wp-json\/wp\/v2\/users\/482"}],"replies":[{"embeddable":true,"href":"https:\/\/eltrabajo.cl\/portal\/wp-json\/wp\/v2\/comments?post=56758"}],"version-history":[{"count":0,"href":"https:\/\/eltrabajo.cl\/portal\/wp-json\/wp\/v2\/posts\/56758\/revisions"}],"wp:featuredmedia":[{"embeddable":true,"href":"https:\/\/eltrabajo.cl\/portal\/wp-json\/wp\/v2\/media\/56759"}],"wp:attachment":[{"href":"https:\/\/eltrabajo.cl\/portal\/wp-json\/wp\/v2\/media?parent=56758"}],"wp:term":[{"taxonomy":"category","embeddable":true,"href":"https:\/\/eltrabajo.cl\/portal\/wp-json\/wp\/v2\/categories?post=56758"},{"taxonomy":"post_tag","embeddable":true,"href":"https:\/\/eltrabajo.cl\/portal\/wp-json\/wp\/v2\/tags?post=56758"}],"curies":[{"name":"wp","href":"https:\/\/api.w.org\/{rel}","templated":true}]}}