{"id":56765,"date":"2015-03-17T09:30:26","date_gmt":"2015-03-17T12:30:26","guid":{"rendered":"http:\/\/www.eltrabajo.cl\/portal\/?p=56765"},"modified":"2015-03-17T09:30:26","modified_gmt":"2015-03-17T12:30:26","slug":"desvio-vehicular-por-el-senorial-genera-caos-y-peligro-a-los-vecinos","status":"publish","type":"post","link":"https:\/\/eltrabajo.cl\/portal\/desvio-vehicular-por-el-senorial-genera-caos-y-peligro-a-los-vecinos\/","title":{"rendered":"Desv\u00edo vehicular por El Se\u00f1orial genera caos y peligro a los vecinos"},"content":{"rendered":"<figure id=\"attachment_56766\" aria-describedby=\"caption-attachment-56766\" style=\"width: 530px\" class=\"wp-caption alignnone\"><a href=\"https:\/\/i0.wp.com\/www.eltrabajo.cl\/portal\/wp-content\/uploads\/2015\/03\/Prohibido1.jpg\"><img data-recalc-dims=\"1\" loading=\"lazy\" decoding=\"async\" class=\"size-full wp-image-56766\" src=\"https:\/\/i0.wp.com\/www.eltrabajo.cl\/portal\/wp-content\/uploads\/2015\/03\/Prohibido1.jpg?resize=530%2C350\" alt=\"CLARO COMO EL AGUA.- Tal como lo muestra este letrero, la se\u00f1al\u00e9tica est\u00e1 bien clara, pero al no haber supervisi\u00f3n de ning\u00fan tipo, es como si no existiera la prohibici\u00f3n.\" width=\"530\" height=\"350\" srcset=\"https:\/\/i0.wp.com\/eltrabajo.cl\/portal\/wp-content\/uploads\/2015\/03\/Prohibido1.jpg?w=530&amp;ssl=1 530w, https:\/\/i0.wp.com\/eltrabajo.cl\/portal\/wp-content\/uploads\/2015\/03\/Prohibido1.jpg?resize=200%2C132&amp;ssl=1 200w, https:\/\/i0.wp.com\/eltrabajo.cl\/portal\/wp-content\/uploads\/2015\/03\/Prohibido1.jpg?resize=300%2C198&amp;ssl=1 300w, https:\/\/i0.wp.com\/eltrabajo.cl\/portal\/wp-content\/uploads\/2015\/03\/Prohibido1.jpg?resize=150%2C99&amp;ssl=1 150w, https:\/\/i0.wp.com\/eltrabajo.cl\/portal\/wp-content\/uploads\/2015\/03\/Prohibido1.jpg?resize=400%2C264&amp;ssl=1 400w\" sizes=\"auto, (max-width: 530px) 100vw, 530px\" \/><\/a><figcaption id=\"caption-attachment-56766\" class=\"wp-caption-text\">CLARO COMO EL AGUA.- Tal como lo muestra este letrero, la se\u00f1al\u00e9tica est\u00e1 bien clara, pero al no haber supervisi\u00f3n de ning\u00fan tipo, es como si no existiera la prohibici\u00f3n.<\/figcaption><\/figure>\n<p>M\u00e1s que molestos, muy preocupados est\u00e1n los vecinos de Villa El Se\u00f1orial por el caos que impera al interior de su poblaci\u00f3n tras el desv\u00edo que se hizo en la peque\u00f1a rotonda para los conductores que ingresan por Michimalongo hacia San Felipe, cierre ocasionado por las mejoras que est\u00e1n realizando a las calzadas de calle Cherc\u00e1n Tapia (sector Sodimac). As\u00ed lo expres\u00f3 \u00c9rika \u00c1lvarez, presidenta de la Junta Vecinal de El Se\u00f1orial, en una visita que hizo a nuestra Sala de Redacci\u00f3n en compa\u00f1\u00eda de varios vecinos tambi\u00e9n molestos y afectados.<\/p>\n<p><strong>INSOPORTABLE<\/strong><br \/>\n\u00abEstamos ya que no aguantamos m\u00e1s. Es insoportable todos los camiones, micros y autos en general que han invadido nuestros pasajes, han matado perros, chocan autos estacionados y se dan a la fuga, conducen a gran velocidad por calle Manuel Caballero\u00bb, dijo la dirigente.<br \/>\nEl problema se suscita, seg\u00fan explicaron los mismos vecinos, porque aunque hay letreros en donde se anuncia la prohibici\u00f3n para el paso de camiones por Avenida Julio Montero, los conductores no los respetan en virtud de la nula supervisi\u00f3n de las autoridades de Tr\u00e1nsito.<br \/>\n\u00abNosotros pedimos por favor, como lo hicimos este lunes al Gobernador Eduardo Le\u00f3n, que regulen la cantidad de veh\u00edculos que entran a nuestra villa, no dudaremos en bloquear la calle si pasados unos d\u00edas no resuelven, aqu\u00ed tenemos ni\u00f1os de todas las edades, mascotas, adultos mayores y cualquiera de nosotros podr\u00edamos ser atropellados\u00bb, agreg\u00f3 \u00c1lvarez a Diario El Trabajo.<\/p>\n<p><strong>GOBERNADOR LE\u00d3N \u00a0OFRECE SOLUCI\u00d3N<\/strong><br \/>\nNuestro medio habl\u00f3 ayer mismo, luego de la reuni\u00f3n que \u00e9l sostuvo con la dirigente y vecinos, y nos respondi\u00f3 que \u00abnosotros tuvimos una reuni\u00f3n con los vecinos y con la direcci\u00f3n de Tr\u00e1nsito del municipio, vamos a reunirnos con Carabineros para hacer una buena fiscalizaci\u00f3n de las medidas, ya que estamos al tanto de la preocupaci\u00f3n que existe por este tema. Los vecinos est\u00e1n conscientes del asunto, lo \u00fanico que requieren es que la fiscalizaci\u00f3n se haga y se cumpla con el plan de contingencia de tr\u00e1nsito y eso vamos a hacer\u00bb.<br \/>\nRoberto Gonz\u00e1lez Short<br \/>\nrgonzalez@eltrabajo.cl<\/p>\n<div class=\"tiled-gallery type-rectangular tiled-gallery-unresized\" data-original-width=\"640\" data-carousel-extra='null' itemscope itemtype=\"http:\/\/schema.org\/ImageGallery\" > <div class=\"gallery-row\" style=\"width: 640px; height: 284px;\" data-original-width=\"640\" data-original-height=\"284\" > <div class=\"gallery-group images-1\" style=\"width: 428px; height: 284px;\" data-original-width=\"428\" data-original-height=\"284\" > <div class=\"tiled-gallery-item tiled-gallery-item-large\" itemprop=\"associatedMedia\" itemscope itemtype=\"http:\/\/schema.org\/ImageObject\"> <a href=\"https:\/\/eltrabajo.cl\/portal\/desvio-vehicular-por-el-senorial-genera-caos-y-peligro-a-los-vecinos\/cerrado1\/\" border=\"0\" itemprop=\"url\"> <meta itemprop=\"width\" content=\"424\"> <meta itemprop=\"height\" content=\"280\"> <img decoding=\"async\" class=\"\" data-attachment-id=\"56767\" data-orig-file=\"https:\/\/eltrabajo.cl\/portal\/wp-content\/uploads\/2015\/03\/Cerrado1.jpg\" data-orig-size=\"530,350\" data-comments-opened=\"1\" data-image-meta=\"{&quot;aperture&quot;:&quot;0&quot;,&quot;credit&quot;:&quot;&quot;,&quot;camera&quot;:&quot;&quot;,&quot;caption&quot;:&quot;&quot;,&quot;created_timestamp&quot;:&quot;0&quot;,&quot;copyright&quot;:&quot;&quot;,&quot;focal_length&quot;:&quot;0&quot;,&quot;iso&quot;:&quot;0&quot;,&quot;shutter_speed&quot;:&quot;0&quot;,&quot;title&quot;:&quot;&quot;,&quot;orientation&quot;:&quot;0&quot;}\" data-image-title=\"Cerrado1\" data-image-description=\"&lt;p&gt;CHERC\u00c1N TAPIA.- As\u00ed luce calle Cherc\u00e1n Tapia actualmente, raz\u00f3n que justifica el desv\u00edo por Avenida Julio Montero, por lo que los vecinos piden supervisi\u00f3n en el sector.&lt;\/p&gt; \" data-medium-file=\"https:\/\/i0.wp.com\/eltrabajo.cl\/portal\/wp-content\/uploads\/2015\/03\/Cerrado1.jpg?fit=300%2C198&#038;ssl=1\" data-large-file=\"https:\/\/i0.wp.com\/eltrabajo.cl\/portal\/wp-content\/uploads\/2015\/03\/Cerrado1.jpg?fit=530%2C350&#038;ssl=1\" src=\"https:\/\/i0.wp.com\/eltrabajo.cl\/portal\/wp-content\/uploads\/2015\/03\/Cerrado1.jpg?w=424&#038;h=280&#038;ssl=1\" srcset=\"https:\/\/i0.wp.com\/eltrabajo.cl\/portal\/wp-content\/uploads\/2015\/03\/Cerrado1.jpg?w=530&amp;ssl=1 530w, https:\/\/i0.wp.com\/eltrabajo.cl\/portal\/wp-content\/uploads\/2015\/03\/Cerrado1.jpg?resize=200%2C132&amp;ssl=1 200w, https:\/\/i0.wp.com\/eltrabajo.cl\/portal\/wp-content\/uploads\/2015\/03\/Cerrado1.jpg?resize=300%2C198&amp;ssl=1 300w, https:\/\/i0.wp.com\/eltrabajo.cl\/portal\/wp-content\/uploads\/2015\/03\/Cerrado1.jpg?resize=150%2C99&amp;ssl=1 150w, https:\/\/i0.wp.com\/eltrabajo.cl\/portal\/wp-content\/uploads\/2015\/03\/Cerrado1.jpg?resize=400%2C264&amp;ssl=1 400w\" width=\"424\" height=\"280\" loading=\"lazy\" data-original-width=\"424\" data-original-height=\"280\" itemprop=\"http:\/\/schema.org\/image\" title=\"Cerrado1\" alt=\"CHERC\u00c1N TAPIA.- As\u00ed luce calle Cherc\u00e1n Tapia actualmente, raz\u00f3n que justifica el desv\u00edo por Avenida Julio Montero, por lo que los vecinos piden supervisi\u00f3n en el sector.\" style=\"width: 424px; height: 280px;\" \/> <\/a> <div class=\"tiled-gallery-caption\" itemprop=\"caption description\"> CHERC\u00c1N TAPIA.- As\u00ed luce calle Cherc\u00e1n Tapia actualmente, raz\u00f3n que justifica el desv\u00edo por Avenida Julio Montero, por lo que los vecinos piden supervisi\u00f3n en el sector. <\/div> <\/div> <\/div> <!-- close group --> <div class=\"gallery-group images-2\" style=\"width: 212px; height: 284px;\" data-original-width=\"212\" data-original-height=\"284\" > <div class=\"tiled-gallery-item tiled-gallery-item-small\" itemprop=\"associatedMedia\" itemscope itemtype=\"http:\/\/schema.org\/ImageObject\"> <a href=\"https:\/\/eltrabajo.cl\/portal\/desvio-vehicular-por-el-senorial-genera-caos-y-peligro-a-los-vecinos\/vecinos1-8\/\" border=\"0\" itemprop=\"url\"> <meta itemprop=\"width\" content=\"208\"> <meta itemprop=\"height\" content=\"138\"> <img decoding=\"async\" class=\"\" data-attachment-id=\"56769\" data-orig-file=\"https:\/\/eltrabajo.cl\/portal\/wp-content\/uploads\/2015\/03\/Vecinos1.jpg\" data-orig-size=\"530,350\" data-comments-opened=\"1\" data-image-meta=\"{&quot;aperture&quot;:&quot;0&quot;,&quot;credit&quot;:&quot;&quot;,&quot;camera&quot;:&quot;&quot;,&quot;caption&quot;:&quot;&quot;,&quot;created_timestamp&quot;:&quot;0&quot;,&quot;copyright&quot;:&quot;&quot;,&quot;focal_length&quot;:&quot;0&quot;,&quot;iso&quot;:&quot;0&quot;,&quot;shutter_speed&quot;:&quot;0&quot;,&quot;title&quot;:&quot;&quot;,&quot;orientation&quot;:&quot;0&quot;}\" data-image-title=\"Vecinos1\" data-image-description=\"&lt;p&gt;VECINOS MOLESTOS.- Ellos son los vecinos de Villa El Se\u00f1orial Roberto Far\u00edas, \u00c9rika \u00c1lvarez y Luis Henr\u00edquez, quienes visitaron Diario El Trabajo para pedir que se escuchen sus voces.&lt;\/p&gt; \" data-medium-file=\"https:\/\/i0.wp.com\/eltrabajo.cl\/portal\/wp-content\/uploads\/2015\/03\/Vecinos1.jpg?fit=300%2C198&#038;ssl=1\" data-large-file=\"https:\/\/i0.wp.com\/eltrabajo.cl\/portal\/wp-content\/uploads\/2015\/03\/Vecinos1.jpg?fit=530%2C350&#038;ssl=1\" src=\"https:\/\/i0.wp.com\/eltrabajo.cl\/portal\/wp-content\/uploads\/2015\/03\/Vecinos1.jpg?w=208&#038;h=138&#038;ssl=1\" srcset=\"https:\/\/i0.wp.com\/eltrabajo.cl\/portal\/wp-content\/uploads\/2015\/03\/Vecinos1.jpg?w=530&amp;ssl=1 530w, https:\/\/i0.wp.com\/eltrabajo.cl\/portal\/wp-content\/uploads\/2015\/03\/Vecinos1.jpg?resize=200%2C132&amp;ssl=1 200w, https:\/\/i0.wp.com\/eltrabajo.cl\/portal\/wp-content\/uploads\/2015\/03\/Vecinos1.jpg?resize=300%2C198&amp;ssl=1 300w, https:\/\/i0.wp.com\/eltrabajo.cl\/portal\/wp-content\/uploads\/2015\/03\/Vecinos1.jpg?resize=150%2C99&amp;ssl=1 150w, https:\/\/i0.wp.com\/eltrabajo.cl\/portal\/wp-content\/uploads\/2015\/03\/Vecinos1.jpg?resize=400%2C264&amp;ssl=1 400w\" width=\"208\" height=\"138\" loading=\"lazy\" data-original-width=\"208\" data-original-height=\"138\" itemprop=\"http:\/\/schema.org\/image\" title=\"Vecinos1\" alt=\"VECINOS MOLESTOS.- Ellos son los vecinos de Villa El Se\u00f1orial Roberto Far\u00edas, \u00c9rika \u00c1lvarez y Luis Henr\u00edquez, quienes visitaron Diario El Trabajo para pedir que se escuchen sus voces.\" style=\"width: 208px; height: 138px;\" \/> <\/a> <div class=\"tiled-gallery-caption\" itemprop=\"caption description\"> VECINOS MOLESTOS.- Ellos son los vecinos de Villa El Se\u00f1orial Roberto Far\u00edas, \u00c9rika \u00c1lvarez y Luis Henr\u00edquez, quienes visitaron Diario El Trabajo para pedir que se escuchen sus voces. <\/div> <\/div> <div class=\"tiled-gallery-item tiled-gallery-item-small\" itemprop=\"associatedMedia\" itemscope itemtype=\"http:\/\/schema.org\/ImageObject\"> <a href=\"https:\/\/eltrabajo.cl\/portal\/desvio-vehicular-por-el-senorial-genera-caos-y-peligro-a-los-vecinos\/erika-alvarez\/\" border=\"0\" itemprop=\"url\"> <meta itemprop=\"width\" content=\"208\"> <meta itemprop=\"height\" content=\"138\"> <img decoding=\"async\" class=\"\" data-attachment-id=\"56768\" data-orig-file=\"https:\/\/eltrabajo.cl\/portal\/wp-content\/uploads\/2015\/03\/Erika-Alvarez.jpg\" data-orig-size=\"528,350\" data-comments-opened=\"1\" data-image-meta=\"{&quot;aperture&quot;:&quot;0&quot;,&quot;credit&quot;:&quot;&quot;,&quot;camera&quot;:&quot;&quot;,&quot;caption&quot;:&quot;&quot;,&quot;created_timestamp&quot;:&quot;0&quot;,&quot;copyright&quot;:&quot;&quot;,&quot;focal_length&quot;:&quot;0&quot;,&quot;iso&quot;:&quot;0&quot;,&quot;shutter_speed&quot;:&quot;0&quot;,&quot;title&quot;:&quot;&quot;,&quot;orientation&quot;:&quot;0&quot;}\" data-image-title=\"Erika Alvarez\" data-image-description=\"&lt;p&gt;\u00c9rika \u00c1lvarez, presidenta de la Junta Vecinal de El Se\u00f1orial.&lt;\/p&gt; \" data-medium-file=\"https:\/\/i0.wp.com\/eltrabajo.cl\/portal\/wp-content\/uploads\/2015\/03\/Erika-Alvarez.jpg?fit=300%2C199&#038;ssl=1\" data-large-file=\"https:\/\/i0.wp.com\/eltrabajo.cl\/portal\/wp-content\/uploads\/2015\/03\/Erika-Alvarez.jpg?fit=528%2C350&#038;ssl=1\" src=\"https:\/\/i0.wp.com\/eltrabajo.cl\/portal\/wp-content\/uploads\/2015\/03\/Erika-Alvarez.jpg?w=208&#038;h=138&#038;ssl=1\" srcset=\"https:\/\/i0.wp.com\/eltrabajo.cl\/portal\/wp-content\/uploads\/2015\/03\/Erika-Alvarez.jpg?w=528&amp;ssl=1 528w, https:\/\/i0.wp.com\/eltrabajo.cl\/portal\/wp-content\/uploads\/2015\/03\/Erika-Alvarez.jpg?resize=200%2C133&amp;ssl=1 200w, https:\/\/i0.wp.com\/eltrabajo.cl\/portal\/wp-content\/uploads\/2015\/03\/Erika-Alvarez.jpg?resize=300%2C199&amp;ssl=1 300w, https:\/\/i0.wp.com\/eltrabajo.cl\/portal\/wp-content\/uploads\/2015\/03\/Erika-Alvarez.jpg?resize=150%2C99&amp;ssl=1 150w, https:\/\/i0.wp.com\/eltrabajo.cl\/portal\/wp-content\/uploads\/2015\/03\/Erika-Alvarez.jpg?resize=400%2C265&amp;ssl=1 400w\" width=\"208\" height=\"138\" loading=\"lazy\" data-original-width=\"208\" data-original-height=\"138\" itemprop=\"http:\/\/schema.org\/image\" title=\"Erika Alvarez\" alt=\"\u00c9rika \u00c1lvarez, presidenta de la Junta Vecinal de El Se\u00f1orial.\" style=\"width: 208px; height: 138px;\" \/> <\/a> <div class=\"tiled-gallery-caption\" itemprop=\"caption description\"> \u00c9rika \u00c1lvarez, presidenta de la Junta Vecinal de El Se\u00f1orial. <\/div> <\/div> <\/div> <!-- close group --> <\/div> <!-- close row --> <\/div>\n","protected":false},"excerpt":{"rendered":"<p>M\u00e1s que molestos, muy preocupados est\u00e1n los vecinos de Villa El Se\u00f1orial por el caos que impera al interior de su poblaci\u00f3n tras el desv\u00edo que se hizo en la peque\u00f1a rotonda&#8230;<\/p>\n","protected":false},"author":482,"featured_media":56766,"comment_status":"open","ping_status":"open","sticky":false,"template":"","format":"standard","meta":{"advanced_seo_description":"","jetpack_seo_html_title":"","jetpack_seo_noindex":false,"_jetpack_memberships_contains_paid_content":false,"footnotes":""},"categories":[15],"tags":[],"class_list":["post-56765","post","type-post","status-publish","format-standard","has-post-thumbnail","hentry","category-comunidad"],"jetpack_featured_media_url":"https:\/\/i0.wp.com\/eltrabajo.cl\/portal\/wp-content\/uploads\/2015\/03\/Prohibido1.jpg?fit=530%2C350&ssl=1","jetpack_sharing_enabled":true,"jetpack_likes_enabled":true,"jetpack-related-posts":[],"_links":{"self":[{"href":"https:\/\/eltrabajo.cl\/portal\/wp-json\/wp\/v2\/posts\/56765","targetHints":{"allow":["GET"]}}],"collection":[{"href":"https:\/\/eltrabajo.cl\/portal\/wp-json\/wp\/v2\/posts"}],"about":[{"href":"https:\/\/eltrabajo.cl\/portal\/wp-json\/wp\/v2\/types\/post"}],"author":[{"embeddable":true,"href":"https:\/\/eltrabajo.cl\/portal\/wp-json\/wp\/v2\/users\/482"}],"replies":[{"embeddable":true,"href":"https:\/\/eltrabajo.cl\/portal\/wp-json\/wp\/v2\/comments?post=56765"}],"version-history":[{"count":0,"href":"https:\/\/eltrabajo.cl\/portal\/wp-json\/wp\/v2\/posts\/56765\/revisions"}],"wp:featuredmedia":[{"embeddable":true,"href":"https:\/\/eltrabajo.cl\/portal\/wp-json\/wp\/v2\/media\/56766"}],"wp:attachment":[{"href":"https:\/\/eltrabajo.cl\/portal\/wp-json\/wp\/v2\/media?parent=56765"}],"wp:term":[{"taxonomy":"category","embeddable":true,"href":"https:\/\/eltrabajo.cl\/portal\/wp-json\/wp\/v2\/categories?post=56765"},{"taxonomy":"post_tag","embeddable":true,"href":"https:\/\/eltrabajo.cl\/portal\/wp-json\/wp\/v2\/tags?post=56765"}],"curies":[{"name":"wp","href":"https:\/\/api.w.org\/{rel}","templated":true}]}}