{"id":5682,"date":"2011-11-03T08:26:55","date_gmt":"2011-11-03T12:26:55","guid":{"rendered":"http:\/\/www.eltrabajo.cl\/portal\/?p=5682"},"modified":"2011-11-03T08:26:56","modified_gmt":"2011-11-03T12:26:56","slug":"peques-lo-pasan-%e2%80%9cchancho%e2%80%9d-en-jardin-infantil-nuevo-algarrobal","status":"publish","type":"post","link":"https:\/\/eltrabajo.cl\/portal\/peques-lo-pasan-%e2%80%9cchancho%e2%80%9d-en-jardin-infantil-nuevo-algarrobal\/","title":{"rendered":"Peques lo pasan \u201cChancho\u201d en jard\u00edn infantil Nuevo Algarrobal"},"content":{"rendered":"<figure id=\"attachment_5683\" aria-describedby=\"caption-attachment-5683\" style=\"width: 600px\" class=\"wp-caption alignnone\"><a href=\"http:\/\/www.eltrabajo.cl\/portal\/archives\/5682\/duendes2\" rel=\"attachment wp-att-5683\"><img data-recalc-dims=\"1\" loading=\"lazy\" decoding=\"async\" class=\"size-full wp-image-5683\" title=\"Duendes2\" src=\"https:\/\/i0.wp.com\/www.eltrabajo.cl\/portal\/wp-content\/uploads\/2011\/11\/Duendes2.jpg?resize=600%2C353\" alt=\"\" width=\"600\" height=\"353\" srcset=\"https:\/\/i0.wp.com\/eltrabajo.cl\/portal\/wp-content\/uploads\/2011\/11\/Duendes2.jpg?w=600&amp;ssl=1 600w, https:\/\/i0.wp.com\/eltrabajo.cl\/portal\/wp-content\/uploads\/2011\/11\/Duendes2.jpg?resize=200%2C117&amp;ssl=1 200w, https:\/\/i0.wp.com\/eltrabajo.cl\/portal\/wp-content\/uploads\/2011\/11\/Duendes2.jpg?resize=300%2C176&amp;ssl=1 300w, https:\/\/i0.wp.com\/eltrabajo.cl\/portal\/wp-content\/uploads\/2011\/11\/Duendes2.jpg?resize=150%2C88&amp;ssl=1 150w, https:\/\/i0.wp.com\/eltrabajo.cl\/portal\/wp-content\/uploads\/2011\/11\/Duendes2.jpg?resize=400%2C235&amp;ssl=1 400w\" sizes=\"auto, (max-width: 600px) 100vw, 600px\" \/><\/a><figcaption id=\"caption-attachment-5683\" class=\"wp-caption-text\">Duendecitos abre sus puertas desde las 8:30 hasta las 16:30 horas y en ocasiones especiales hasta las 19:30 horas. Es indudable que estos peque\u00f1os disfrutan a lo grande de una divertida y c\u00f3moda educaci\u00f3n psicomotora.<\/figcaption><\/figure>\n<p><strong>Estos 67 peques est\u00e1n como locos de alegr\u00eda, durante todo el mes de octubre han disfrutado el doble de actividades para pasarla en grande, el centro infantil en que pernoctan est\u00e1 de aniversario y ellos son los m\u00e1s felices de ser las estrellas de la pel\u00edcula.<\/strong><\/p>\n<p>Roberto Gonz\u00e1lez Short<\/p>\n<p>rgonzalez@eltrabajo.cl<\/p>\n<p>Este once de noviembre el Jard\u00edn Infantil Duendecitos coronar\u00e1 a su Reina y Rey Feo 2011 tras un mes lleno de celebraciones dentro del marco del Octavo Aniversario de este centro parvulario de Villa Nuevo Algarrobal.<\/p>\n<p>Duendecitos es una filial de la Fundaci\u00f3n Integra de Chile, esta entidad opera como uno de los principales impulsores de la educaci\u00f3n inicial en Chile, est\u00e1 presente en todo el pa\u00eds a trav\u00e9s de 1000 jardines infantiles y salas cuna a los que asisten diariamente 72.000 ni\u00f1os, en la Quinta Regi\u00f3n Integra mantiene al menos 89 centros infantiles en funcionamiento.<\/p>\n<p>Centros como Duendecitos existen en las 15 regiones del pa\u00eds, sus establecimientos gratuitos constituyen un apoyo real a las familias que viven en situaci\u00f3n de pobreza y vulnerabilidad social, ofreciendo un espacio seguro y un programa educativo de excelencia a sus hijos e hijas desde los tres meses a los cuatros a\u00f1os de edad.<\/p>\n<p><strong>APOYO EXTRA<\/strong><\/p>\n<p>Pero los aportes que este centro infantil recibe de Integra no es todo lo aprovechable que cuenta. En el Liceo Roberto Humeres decidieron dedicar un d\u00eda completo a desarrollar actividades en este lugar, el Programa Responsabilidad Social Liceana a cargo del profesor Juan Carlos Parada decidieron pintar, con 15 estudiantes, el jard\u00edn de infantes y reparar algunas aver\u00edas existentes en la planta f\u00edsica.<\/p>\n<p>Muchos juegos, teatro, m\u00fasica y actividades deportivas est\u00e1n siendo desarrolladas desde hace semanas, tanto los padres de familia como sus hijos la han pasado \u201cchancho\u201d en Duendecitos. Este centro es atendido por 19 personas o \u201ct\u00edos\u201d que se encargan de todas las atenciones a los infantes. En el lugar ellos reciben tres comidas, son aseados e insertados en un ambiente de juegos educativos como preparaci\u00f3n para su futura vida escolar.<\/p>\n","protected":false},"excerpt":{"rendered":"<p>Estos 67 peques est\u00e1n como locos de alegr\u00eda, durante todo el mes de octubre han disfrutado el doble de actividades para pasarla en grande, el centro infantil en que pernoctan est\u00e1 de&#8230;<\/p>\n","protected":false},"author":482,"featured_media":5683,"comment_status":"open","ping_status":"open","sticky":false,"template":"","format":"standard","meta":{"advanced_seo_description":"","jetpack_seo_html_title":"","jetpack_seo_noindex":false,"_jetpack_memberships_contains_paid_content":false,"footnotes":""},"categories":[15],"tags":[],"class_list":["post-5682","post","type-post","status-publish","format-standard","has-post-thumbnail","hentry","category-comunidad"],"jetpack_featured_media_url":"https:\/\/i0.wp.com\/eltrabajo.cl\/portal\/wp-content\/uploads\/2011\/11\/Duendes2.jpg?fit=600%2C353&ssl=1","jetpack_sharing_enabled":true,"jetpack_likes_enabled":true,"jetpack-related-posts":[],"_links":{"self":[{"href":"https:\/\/eltrabajo.cl\/portal\/wp-json\/wp\/v2\/posts\/5682","targetHints":{"allow":["GET"]}}],"collection":[{"href":"https:\/\/eltrabajo.cl\/portal\/wp-json\/wp\/v2\/posts"}],"about":[{"href":"https:\/\/eltrabajo.cl\/portal\/wp-json\/wp\/v2\/types\/post"}],"author":[{"embeddable":true,"href":"https:\/\/eltrabajo.cl\/portal\/wp-json\/wp\/v2\/users\/482"}],"replies":[{"embeddable":true,"href":"https:\/\/eltrabajo.cl\/portal\/wp-json\/wp\/v2\/comments?post=5682"}],"version-history":[{"count":0,"href":"https:\/\/eltrabajo.cl\/portal\/wp-json\/wp\/v2\/posts\/5682\/revisions"}],"wp:featuredmedia":[{"embeddable":true,"href":"https:\/\/eltrabajo.cl\/portal\/wp-json\/wp\/v2\/media\/5683"}],"wp:attachment":[{"href":"https:\/\/eltrabajo.cl\/portal\/wp-json\/wp\/v2\/media?parent=5682"}],"wp:term":[{"taxonomy":"category","embeddable":true,"href":"https:\/\/eltrabajo.cl\/portal\/wp-json\/wp\/v2\/categories?post=5682"},{"taxonomy":"post_tag","embeddable":true,"href":"https:\/\/eltrabajo.cl\/portal\/wp-json\/wp\/v2\/tags?post=5682"}],"curies":[{"name":"wp","href":"https:\/\/api.w.org\/{rel}","templated":true}]}}