{"id":5701,"date":"2011-11-03T08:38:57","date_gmt":"2011-11-03T12:38:57","guid":{"rendered":"http:\/\/www.eltrabajo.cl\/portal\/?p=5701"},"modified":"2011-11-03T08:38:57","modified_gmt":"2011-11-03T12:38:57","slug":"con-millonaria-inversion-se-inicia-mejoramiento-en-liceo-bicentenario-cordillera","status":"publish","type":"post","link":"https:\/\/eltrabajo.cl\/portal\/con-millonaria-inversion-se-inicia-mejoramiento-en-liceo-bicentenario-cordillera\/","title":{"rendered":"Con millonaria inversi\u00f3n se inicia mejoramiento en Liceo Bicentenario Cordillera"},"content":{"rendered":"<figure id=\"attachment_5702\" aria-describedby=\"caption-attachment-5702\" style=\"width: 600px\" class=\"wp-caption alignnone\"><a href=\"http:\/\/www.eltrabajo.cl\/portal\/archives\/5701\/obras\" rel=\"attachment wp-att-5702\"><img data-recalc-dims=\"1\" loading=\"lazy\" decoding=\"async\" class=\"size-full wp-image-5702\" title=\"Obras\" src=\"https:\/\/i0.wp.com\/www.eltrabajo.cl\/portal\/wp-content\/uploads\/2011\/11\/Obras.jpg?resize=600%2C400\" alt=\"\" width=\"600\" height=\"400\" srcset=\"https:\/\/i0.wp.com\/eltrabajo.cl\/portal\/wp-content\/uploads\/2011\/11\/Obras.jpg?w=600&amp;ssl=1 600w, https:\/\/i0.wp.com\/eltrabajo.cl\/portal\/wp-content\/uploads\/2011\/11\/Obras.jpg?resize=200%2C133&amp;ssl=1 200w, https:\/\/i0.wp.com\/eltrabajo.cl\/portal\/wp-content\/uploads\/2011\/11\/Obras.jpg?resize=300%2C200&amp;ssl=1 300w, https:\/\/i0.wp.com\/eltrabajo.cl\/portal\/wp-content\/uploads\/2011\/11\/Obras.jpg?resize=150%2C100&amp;ssl=1 150w, https:\/\/i0.wp.com\/eltrabajo.cl\/portal\/wp-content\/uploads\/2011\/11\/Obras.jpg?resize=400%2C266&amp;ssl=1 400w\" sizes=\"auto, (max-width: 600px) 100vw, 600px\" \/><\/a><figcaption id=\"caption-attachment-5702\" class=\"wp-caption-text\">El director del establecimiento, Ibo Araya, junto al alcalde de San Felipe, Jaime Amar, entregaron la informaci\u00f3n.<\/figcaption><\/figure>\n<p>Dentro de los pr\u00f3ximos quince d\u00edas comenzar\u00e1 la ejecuci\u00f3n de obras de mejoramiento de infraestructura en el Liceo Bicentenario Cordillera de San Felipe, con una inversi\u00f3n que supera los 300 millones de pesos.<\/p>\n<p>La informaci\u00f3n la dio a conocer el alcalde de la comuna Jaime Amar, junto al director del establecimiento, Ibo Araya.<\/p>\n<p>El jefe comunal explic\u00f3 que ya fue adjudicada la empresa que estar\u00e1 a cargo de estas obras, que consisten en dos aulas tem\u00e1ticas o de asignatura, adem\u00e1s de una sala multi activa, una biblioteca y un amplio comedor, considerando las proyecciones de aumento de la matr\u00edcula a partir del pr\u00f3ximo a\u00f1o. Estas obras representan una inversi\u00f3n de 210 millones de pesos.<\/p>\n<p>\u00abEsto ya fue adjudicado a la empresa V\u00edctor Venegas, las obras se inician en las pr\u00f3ximas dos semanas y la empresa cuenta con un plazo de 85 d\u00edas corridos, lo que significa que esta infraestructura estar\u00e1 en funcionamiento a partir de marzo del pr\u00f3ximo a\u00f1o. Actualmente estamos en la etapa de firma de los convenios para iniciar las obras\u00bb, explic\u00f3 el alcalde.<\/p>\n<p>Otro proyecto, que al igual que el anterior cuenta con financiamiento del Ministerio de Educaci\u00f3n, corresponde a un patio cubierto para el establecimiento, el que tendr\u00e1 30 metros de largo por 19 de ancho y que representa una inversi\u00f3n de 49 millones de pesos. \u00abA todo esto debemos sumar una inversi\u00f3n de casi 50 millones de pesos para todo el equipamiento de las salas tem\u00e1ticas, laboratorios y la biblioteca, adem\u00e1s de equipamiento para el comedor. Toda esta inversi\u00f3n es parte del proceso de los liceos bicentenario y por lo tanto, a partir del pr\u00f3ximo a\u00f1o tendremos un liceo con todo el equipamiento y la infraestructura necesaria para las proyecciones que tiene este establecimiento, que tienen que ver con un aumento de la matr\u00edcula y el cumplimiento de las metas acad\u00e9micas que contempla este tipo de liceos\u00bb, explic\u00f3 el alcalde.<\/p>\n<p>A\u00f1adi\u00f3 que \u00abesto es un gran avance, en momentos en que mucha gente se pregunta qu\u00e9 se est\u00e1 haciendo en educaci\u00f3n en la comuna. Y esto es lo que estamos haciendo, una gran inversi\u00f3n que va acompa\u00f1ada con los planes de acci\u00f3n que tiene la direcci\u00f3n del establecimiento\u00bb.<\/p>\n<p>El director del Liceo Bicentenario Cordillera, Ibo Araya, expres\u00f3 que \u00abesto est\u00e1 dentro del proyecto de liceo bicentenario y para nosotros como comunidad educativa es un tremendo logro, porque estas mejoras las est\u00e1bamos anhelando y saber que vamos a contar con ellas a partir de marzo del pr\u00f3ximo a\u00f1o, es una tremenda satisfacci\u00f3n\u00bb.<\/p>\n<p>El director agreg\u00f3 que actualmente el liceo cuenta con una muy buena biblioteca, que est\u00e1 a nivel de universidad, pero est\u00e1 siendo usada en una infraestructura de biblioteca b\u00e1sica \u00aby ahora vamos a poder disponer del espacio f\u00edsico adecuado para implementarla\u00bb.<\/p>\n<p>El alcalde Jaime Amar, junto a funcionarios de la Secretar\u00eda de Planificaci\u00f3n del municipio, visit\u00f3 el establecimiento y realiz\u00f3 un recorrido junto al director por los sectores donde se desarrollar\u00e1n las obras.<\/p>\n","protected":false},"excerpt":{"rendered":"<p>Dentro de los pr\u00f3ximos quince d\u00edas comenzar\u00e1 la ejecuci\u00f3n de obras de mejoramiento de infraestructura en el Liceo Bicentenario Cordillera de San Felipe, con una inversi\u00f3n que supera los 300 millones de&#8230;<\/p>\n","protected":false},"author":482,"featured_media":5702,"comment_status":"open","ping_status":"open","sticky":false,"template":"","format":"standard","meta":{"advanced_seo_description":"","jetpack_seo_html_title":"","jetpack_seo_noindex":false,"_jetpack_memberships_contains_paid_content":false,"footnotes":""},"categories":[17],"tags":[],"class_list":["post-5701","post","type-post","status-publish","format-standard","has-post-thumbnail","hentry","category-educacion"],"jetpack_featured_media_url":"https:\/\/i0.wp.com\/eltrabajo.cl\/portal\/wp-content\/uploads\/2011\/11\/Obras.jpg?fit=600%2C400&ssl=1","jetpack_sharing_enabled":true,"jetpack_likes_enabled":true,"jetpack-related-posts":[],"_links":{"self":[{"href":"https:\/\/eltrabajo.cl\/portal\/wp-json\/wp\/v2\/posts\/5701","targetHints":{"allow":["GET"]}}],"collection":[{"href":"https:\/\/eltrabajo.cl\/portal\/wp-json\/wp\/v2\/posts"}],"about":[{"href":"https:\/\/eltrabajo.cl\/portal\/wp-json\/wp\/v2\/types\/post"}],"author":[{"embeddable":true,"href":"https:\/\/eltrabajo.cl\/portal\/wp-json\/wp\/v2\/users\/482"}],"replies":[{"embeddable":true,"href":"https:\/\/eltrabajo.cl\/portal\/wp-json\/wp\/v2\/comments?post=5701"}],"version-history":[{"count":0,"href":"https:\/\/eltrabajo.cl\/portal\/wp-json\/wp\/v2\/posts\/5701\/revisions"}],"wp:featuredmedia":[{"embeddable":true,"href":"https:\/\/eltrabajo.cl\/portal\/wp-json\/wp\/v2\/media\/5702"}],"wp:attachment":[{"href":"https:\/\/eltrabajo.cl\/portal\/wp-json\/wp\/v2\/media?parent=5701"}],"wp:term":[{"taxonomy":"category","embeddable":true,"href":"https:\/\/eltrabajo.cl\/portal\/wp-json\/wp\/v2\/categories?post=5701"},{"taxonomy":"post_tag","embeddable":true,"href":"https:\/\/eltrabajo.cl\/portal\/wp-json\/wp\/v2\/tags?post=5701"}],"curies":[{"name":"wp","href":"https:\/\/api.w.org\/{rel}","templated":true}]}}