{"id":57547,"date":"2015-04-24T09:44:09","date_gmt":"2015-04-24T12:44:09","guid":{"rendered":"http:\/\/www.eltrabajo.cl\/portal\/?p=57547"},"modified":"2015-04-24T09:58:37","modified_gmt":"2015-04-24T12:58:37","slug":"deportista-iquiquena-se-prepara-en-putaendo-para-clasificar-a-los-juegos-panamericanos-en-tiro-con-arco","status":"publish","type":"post","link":"https:\/\/eltrabajo.cl\/portal\/deportista-iquiquena-se-prepara-en-putaendo-para-clasificar-a-los-juegos-panamericanos-en-tiro-con-arco\/","title":{"rendered":"Deportista iquique\u00f1a se prepara en Putaendo para clasificar a los Juegos Panamericanos en tiro con arco"},"content":{"rendered":"<figure id=\"attachment_57548\" aria-describedby=\"caption-attachment-57548\" style=\"width: 400px\" class=\"wp-caption alignleft\"><a href=\"https:\/\/i0.wp.com\/www.eltrabajo.cl\/portal\/wp-content\/uploads\/2015\/04\/DEPORTISTA-IQUIQUE-2.jpg\"><img data-recalc-dims=\"1\" loading=\"lazy\" decoding=\"async\" class=\"wp-image-57548\" src=\"https:\/\/i0.wp.com\/www.eltrabajo.cl\/portal\/wp-content\/uploads\/2015\/04\/DEPORTISTA-IQUIQUE-2.jpg?resize=400%2C263\" alt=\"Se trata de Fernanda Lagos, joven deportista iquique\u00f1a de tiro con arco que se est\u00e1 preparando en nuestra comuna para los clasificatorios de los Juegos Panamericanos.\" width=\"400\" height=\"263\" srcset=\"https:\/\/i0.wp.com\/eltrabajo.cl\/portal\/wp-content\/uploads\/2015\/04\/DEPORTISTA-IQUIQUE-2.jpg?w=530&amp;ssl=1 530w, https:\/\/i0.wp.com\/eltrabajo.cl\/portal\/wp-content\/uploads\/2015\/04\/DEPORTISTA-IQUIQUE-2.jpg?resize=200%2C132&amp;ssl=1 200w, https:\/\/i0.wp.com\/eltrabajo.cl\/portal\/wp-content\/uploads\/2015\/04\/DEPORTISTA-IQUIQUE-2.jpg?resize=300%2C198&amp;ssl=1 300w, https:\/\/i0.wp.com\/eltrabajo.cl\/portal\/wp-content\/uploads\/2015\/04\/DEPORTISTA-IQUIQUE-2.jpg?resize=150%2C99&amp;ssl=1 150w, https:\/\/i0.wp.com\/eltrabajo.cl\/portal\/wp-content\/uploads\/2015\/04\/DEPORTISTA-IQUIQUE-2.jpg?resize=400%2C263&amp;ssl=1 400w\" sizes=\"auto, (max-width: 400px) 100vw, 400px\" \/><\/a><figcaption id=\"caption-attachment-57548\" class=\"wp-caption-text\">Se trata de Fernanda Lagos, joven deportista iquique\u00f1a de tiro con arco que se est\u00e1 preparando en nuestra comuna para los clasificatorios de los Juegos Panamericanos.<\/figcaption><\/figure>\n<p><strong>PUTAENDO.<\/strong>&#8211; Una joven deportista iquique\u00f1a se encuentra desarrollando en la comuna de Putaendo su preparaci\u00f3n para los clasificatorios de los Juegos Panamericanos en la modalidad de tiro con arco.<br \/>\nSe trata de Fernanda Lagos P\u00e9rez, quien este mes cumplir\u00e1 15 de a\u00f1os de edad y es una reconocida deportista de la I Regi\u00f3n que incluso ya cuenta con dos medallas de oro a nivel internacional en la categor\u00eda cadete de tiro con arco.<br \/>\nEsta joven deportista se encuentra hace varios d\u00edas en Putaendo realizando un acondicionamiento f\u00edsico y tambi\u00e9n de t\u00e9cnicas para participar durante este fin de semana en lo que ser\u00e1n los clasificatorios de los Juegos Panamericanos y pr\u00f3ximamente los clasificatorios al mundial de esa disciplina.<br \/>\nLa ma\u00f1ana de ayer jueves, Fernanda Lagos recorri\u00f3 la plaza de Putaendo y nos mostr\u00f3 parte de su equipamiento como el arco con el cual dispara sus flechas a una velocidad superior a los 300 km\/h, lo que no pas\u00f3 desapercibido para quienes a esa hora transitaban por el centro putaendino.<br \/>\nLa deportista nos cuenta que estudiaba en un colegio particular, pero decidi\u00f3 cambiarse a un liceo deportivo que tiene la Municipalidad de Iquique para dedicarse en un 100% en su pasi\u00f3n de tiro con arco, y adelant\u00f3 que conf\u00eda plenamente en clasificar a los Juegos Panamericanos y tambi\u00e9n al pr\u00f3ximo mundial.<br \/>\nA pesar de su corta edad, se toma muy en serio su carrera y realiza un estricto r\u00e9gimen de entrenamiento, concentraci\u00f3n e incluso de apoyo con psic\u00f3logos, ya que seg\u00fan asegur\u00f3, el tiro con arco es una disciplina que tiene que ver con la fuerza y con la concentraci\u00f3n.<br \/>\nEsta joven deportista est\u00e1 acompa\u00f1ada en todo momento por el destacado entrenador profesional de tiro con arco, Carlos Olivares Rojas, quien sostuvo que para \u00e9l es una doble responsabilidad, pues representan a Iquique y los padres de Fernanda han depositado su confianza en todo lo relacionado con el entrenamiento y el cuidado de esta joven, que asegur\u00f3, tiene 15 a\u00f1os pero la madurez de una persona adulta, sabiendo que hoy est\u00e1 en un nivel de alta competencia.<br \/>\nCarlos Olivares mantiene familia en Putaendo y por esa raz\u00f3n decidi\u00f3 crear en nuestra comuna su cuartel general de entrenamiento y acondicionamiento, tomando en cuenta adem\u00e1s la cercan\u00eda con la ciudad de Santiago, e indic\u00f3 que espera tomar contacto con las autoridades locales para llevar una propuesta al Alcalde de Iquique, Jorge Soria, quien apoya mucho el intercambio de deportistas con comunas peque\u00f1as como Putaendo, lo que espera poder concretar.<br \/>\n<strong>Patricio Gallardo M<\/strong>.<\/p>\n","protected":false},"excerpt":{"rendered":"<p>PUTAENDO.&#8211; Una joven deportista iquique\u00f1a se encuentra desarrollando en la comuna de Putaendo su preparaci\u00f3n para los clasificatorios de los Juegos Panamericanos en la modalidad de tiro con arco. Se trata de&#8230;<\/p>\n","protected":false},"author":482,"featured_media":57548,"comment_status":"open","ping_status":"open","sticky":false,"template":"","format":"standard","meta":{"advanced_seo_description":"","jetpack_seo_html_title":"","jetpack_seo_noindex":false,"_jetpack_memberships_contains_paid_content":false,"footnotes":""},"categories":[15],"tags":[],"class_list":["post-57547","post","type-post","status-publish","format-standard","has-post-thumbnail","hentry","category-comunidad"],"jetpack_featured_media_url":"https:\/\/i0.wp.com\/eltrabajo.cl\/portal\/wp-content\/uploads\/2015\/04\/DEPORTISTA-IQUIQUE-2.jpg?fit=530%2C349&ssl=1","jetpack_sharing_enabled":true,"jetpack_likes_enabled":true,"jetpack-related-posts":[],"_links":{"self":[{"href":"https:\/\/eltrabajo.cl\/portal\/wp-json\/wp\/v2\/posts\/57547","targetHints":{"allow":["GET"]}}],"collection":[{"href":"https:\/\/eltrabajo.cl\/portal\/wp-json\/wp\/v2\/posts"}],"about":[{"href":"https:\/\/eltrabajo.cl\/portal\/wp-json\/wp\/v2\/types\/post"}],"author":[{"embeddable":true,"href":"https:\/\/eltrabajo.cl\/portal\/wp-json\/wp\/v2\/users\/482"}],"replies":[{"embeddable":true,"href":"https:\/\/eltrabajo.cl\/portal\/wp-json\/wp\/v2\/comments?post=57547"}],"version-history":[{"count":0,"href":"https:\/\/eltrabajo.cl\/portal\/wp-json\/wp\/v2\/posts\/57547\/revisions"}],"wp:featuredmedia":[{"embeddable":true,"href":"https:\/\/eltrabajo.cl\/portal\/wp-json\/wp\/v2\/media\/57548"}],"wp:attachment":[{"href":"https:\/\/eltrabajo.cl\/portal\/wp-json\/wp\/v2\/media?parent=57547"}],"wp:term":[{"taxonomy":"category","embeddable":true,"href":"https:\/\/eltrabajo.cl\/portal\/wp-json\/wp\/v2\/categories?post=57547"},{"taxonomy":"post_tag","embeddable":true,"href":"https:\/\/eltrabajo.cl\/portal\/wp-json\/wp\/v2\/tags?post=57547"}],"curies":[{"name":"wp","href":"https:\/\/api.w.org\/{rel}","templated":true}]}}