{"id":57573,"date":"2015-04-27T09:53:34","date_gmt":"2015-04-27T12:53:34","guid":{"rendered":"http:\/\/www.eltrabajo.cl\/portal\/?p=57573"},"modified":"2015-04-27T10:01:22","modified_gmt":"2015-04-27T13:01:22","slug":"hondo-pesar-desata-la-muerte-del-pequeno-benjamin-gonzalez-herrera","status":"publish","type":"post","link":"https:\/\/eltrabajo.cl\/portal\/hondo-pesar-desata-la-muerte-del-pequeno-benjamin-gonzalez-herrera\/","title":{"rendered":"Hondo pesar desata la muerte del peque\u00f1o Benjam\u00edn Gonz\u00e1lez Herrera"},"content":{"rendered":"<figure id=\"attachment_57574\" aria-describedby=\"caption-attachment-57574\" style=\"width: 300px\" class=\"wp-caption alignleft\"><a href=\"https:\/\/i0.wp.com\/www.eltrabajo.cl\/portal\/wp-content\/uploads\/2015\/04\/BENJAMIN-GONZALEZ-HERRERA.jpg\"><img data-recalc-dims=\"1\" loading=\"lazy\" decoding=\"async\" class=\"wp-image-57574 size-medium\" src=\"https:\/\/i0.wp.com\/www.eltrabajo.cl\/portal\/wp-content\/uploads\/2015\/04\/BENJAMIN-GONZALEZ-HERRERA-300x198.jpg?resize=300%2C198\" alt=\"Hoy se efectuar\u00e1 el funeral del peque\u00f1o Benjam\u00edn Gonz\u00e1lez Herrera en el Cementerio Parroquial de Putaendo.\" width=\"300\" height=\"198\" srcset=\"https:\/\/i0.wp.com\/eltrabajo.cl\/portal\/wp-content\/uploads\/2015\/04\/BENJAMIN-GONZALEZ-HERRERA.jpg?resize=300%2C198&amp;ssl=1 300w, https:\/\/i0.wp.com\/eltrabajo.cl\/portal\/wp-content\/uploads\/2015\/04\/BENJAMIN-GONZALEZ-HERRERA.jpg?resize=200%2C132&amp;ssl=1 200w, https:\/\/i0.wp.com\/eltrabajo.cl\/portal\/wp-content\/uploads\/2015\/04\/BENJAMIN-GONZALEZ-HERRERA.jpg?resize=150%2C99&amp;ssl=1 150w, https:\/\/i0.wp.com\/eltrabajo.cl\/portal\/wp-content\/uploads\/2015\/04\/BENJAMIN-GONZALEZ-HERRERA.jpg?resize=400%2C263&amp;ssl=1 400w, https:\/\/i0.wp.com\/eltrabajo.cl\/portal\/wp-content\/uploads\/2015\/04\/BENJAMIN-GONZALEZ-HERRERA.jpg?w=530&amp;ssl=1 530w\" sizes=\"auto, (max-width: 300px) 100vw, 300px\" \/><\/a><figcaption id=\"caption-attachment-57574\" class=\"wp-caption-text\">Hoy se efectuar\u00e1 el funeral del peque\u00f1o Benjam\u00edn Gonz\u00e1lez Herrera en el Cementerio Parroquial de Putaendo.<\/figcaption><\/figure>\n<p><strong>PUTAENDO<\/strong>.- La ma\u00f1ana de este s\u00e1bado y a la edad de 1 a\u00f1o 4 meses falleci\u00f3 el peque\u00f1o Benjam\u00edn Gonz\u00e1lez Herrera, quien por mucho tiempo dio una dura lucha contra un agresivo tumor cerebral.<br \/>\nBenjam\u00edn lamentablemente a muy temprana edad fue diagnosticado con un tumor cerebral que lo llev\u00f3 a ser intervenido quir\u00fargicamente y permanecer mucho tiempo internado en el Hospital Gustavo Fricke de Vi\u00f1a del Mar.<br \/>\nLos diagn\u00f3sticos m\u00e9dicos con posterioridad fueron lapidarios, e incluso hace ya m\u00e1s de ocho meses que los m\u00e9dicos no daban al peque\u00f1o m\u00e1s de 2 d\u00edas de vida.<br \/>\nCon una fuerza tremenda, e incluso inexplicable para los m\u00e9dicos, este peque\u00f1o comenz\u00f3 a presentar mejor\u00edas que a todos sorprendieron, recibiendo el cari\u00f1o y afecto incondicional de sus padres Cristian Gonz\u00e1lez Trivi\u00f1o y Fernanda Herrera L\u00f3pez.<br \/>\nCristian y Fernanda sab\u00edan que exist\u00eda una alta probabilidad que su hijo pudiese fallecer en cualquier momento, y como una joven pareja lo asumieron y se prepararon, pero ciertamente lo vivido este s\u00e1bado ha sido un golpe duro para ellos, su familia, amigos y para quienes de una u otra forma ayudaron y colaboraron en varias campa\u00f1as tendientes a reunir recursos para costear los gastos de la enfermedad del peque\u00f1o Benjam\u00edn.<br \/>\nEl peque\u00f1o Benjam\u00edn Gonz\u00e1lez Herrera fue velado en la vivienda de sus abuelos en el sector Las Compuertas de Quebrada Herrera, muy cerca del ingreso al sector El Arenal, y su funeral se realizar\u00e1 hoy lunes 27 de Abril, a las 11:00 horas en el Cementerio Parroquial de Putaendo, despu\u00e9s de una misa que ser\u00e1 oficiada por el eterno descanso de su alma en la Parroquia San Antonio de Padua.<br \/>\nEn estos momentos de dolor que atraviesa la familia de Benjam\u00edn, nos sumamos a las cientos de oraciones que muchas personas est\u00e1n realizando por el descanso eterno de este peque\u00f1o, y como medio nos adherimos a las condolencias de toda una comuna para Cristian y Fernanda.<br \/>\n<strong>Patricio Gallardo M.<\/strong><\/p>\n","protected":false},"excerpt":{"rendered":"<p>PUTAENDO.- La ma\u00f1ana de este s\u00e1bado y a la edad de 1 a\u00f1o 4 meses falleci\u00f3 el peque\u00f1o Benjam\u00edn Gonz\u00e1lez Herrera, quien por mucho tiempo dio una dura lucha contra un agresivo&#8230;<\/p>\n","protected":false},"author":482,"featured_media":57574,"comment_status":"open","ping_status":"open","sticky":false,"template":"","format":"standard","meta":{"advanced_seo_description":"","jetpack_seo_html_title":"","jetpack_seo_noindex":false,"_jetpack_memberships_contains_paid_content":false,"footnotes":""},"categories":[15],"tags":[],"class_list":["post-57573","post","type-post","status-publish","format-standard","has-post-thumbnail","hentry","category-comunidad"],"jetpack_featured_media_url":"https:\/\/i0.wp.com\/eltrabajo.cl\/portal\/wp-content\/uploads\/2015\/04\/BENJAMIN-GONZALEZ-HERRERA.jpg?fit=530%2C349&ssl=1","jetpack_sharing_enabled":true,"jetpack_likes_enabled":true,"jetpack-related-posts":[],"_links":{"self":[{"href":"https:\/\/eltrabajo.cl\/portal\/wp-json\/wp\/v2\/posts\/57573","targetHints":{"allow":["GET"]}}],"collection":[{"href":"https:\/\/eltrabajo.cl\/portal\/wp-json\/wp\/v2\/posts"}],"about":[{"href":"https:\/\/eltrabajo.cl\/portal\/wp-json\/wp\/v2\/types\/post"}],"author":[{"embeddable":true,"href":"https:\/\/eltrabajo.cl\/portal\/wp-json\/wp\/v2\/users\/482"}],"replies":[{"embeddable":true,"href":"https:\/\/eltrabajo.cl\/portal\/wp-json\/wp\/v2\/comments?post=57573"}],"version-history":[{"count":0,"href":"https:\/\/eltrabajo.cl\/portal\/wp-json\/wp\/v2\/posts\/57573\/revisions"}],"wp:featuredmedia":[{"embeddable":true,"href":"https:\/\/eltrabajo.cl\/portal\/wp-json\/wp\/v2\/media\/57574"}],"wp:attachment":[{"href":"https:\/\/eltrabajo.cl\/portal\/wp-json\/wp\/v2\/media?parent=57573"}],"wp:term":[{"taxonomy":"category","embeddable":true,"href":"https:\/\/eltrabajo.cl\/portal\/wp-json\/wp\/v2\/categories?post=57573"},{"taxonomy":"post_tag","embeddable":true,"href":"https:\/\/eltrabajo.cl\/portal\/wp-json\/wp\/v2\/tags?post=57573"}],"curies":[{"name":"wp","href":"https:\/\/api.w.org\/{rel}","templated":true}]}}