{"id":57603,"date":"2015-04-29T09:35:52","date_gmt":"2015-04-29T12:35:52","guid":{"rendered":"http:\/\/www.eltrabajo.cl\/portal\/?p=57603"},"modified":"2015-04-29T09:35:52","modified_gmt":"2015-04-29T12:35:52","slug":"artesanos-acusan-discriminacion-al-no-poder-instalarse-en-la-plaza-de-armas","status":"publish","type":"post","link":"https:\/\/eltrabajo.cl\/portal\/artesanos-acusan-discriminacion-al-no-poder-instalarse-en-la-plaza-de-armas\/","title":{"rendered":"Artesanos acusan discriminaci\u00f3n al no poder instalarse en la plaza de armas"},"content":{"rendered":"<figure id=\"attachment_57604\" aria-describedby=\"caption-attachment-57604\" style=\"width: 530px\" class=\"wp-caption alignnone\"><a href=\"https:\/\/i0.wp.com\/www.eltrabajo.cl\/portal\/wp-content\/uploads\/2015\/04\/artvalle.jpg\"><img data-recalc-dims=\"1\" loading=\"lazy\" decoding=\"async\" class=\"size-full wp-image-57604\" src=\"https:\/\/i0.wp.com\/www.eltrabajo.cl\/portal\/wp-content\/uploads\/2015\/04\/artvalle.jpg?resize=530%2C349\" alt=\"Son 22 artesanos los que exigen al municipio que les permitan vender sus productos en la plaza de armas, considerando que otras dos agrupaciones de artesanos s\u00ed lo podr\u00e1n hacer.\" width=\"530\" height=\"349\" srcset=\"https:\/\/i0.wp.com\/eltrabajo.cl\/portal\/wp-content\/uploads\/2015\/04\/artvalle.jpg?w=530&amp;ssl=1 530w, https:\/\/i0.wp.com\/eltrabajo.cl\/portal\/wp-content\/uploads\/2015\/04\/artvalle.jpg?resize=200%2C132&amp;ssl=1 200w, https:\/\/i0.wp.com\/eltrabajo.cl\/portal\/wp-content\/uploads\/2015\/04\/artvalle.jpg?resize=300%2C198&amp;ssl=1 300w, https:\/\/i0.wp.com\/eltrabajo.cl\/portal\/wp-content\/uploads\/2015\/04\/artvalle.jpg?resize=150%2C99&amp;ssl=1 150w, https:\/\/i0.wp.com\/eltrabajo.cl\/portal\/wp-content\/uploads\/2015\/04\/artvalle.jpg?resize=400%2C263&amp;ssl=1 400w\" sizes=\"auto, (max-width: 530px) 100vw, 530px\" \/><\/a><figcaption id=\"caption-attachment-57604\" class=\"wp-caption-text\">Son 22 artesanos los que exigen al municipio que les permitan vender sus productos en la plaza de armas, considerando que otras dos agrupaciones de artesanos s\u00ed lo podr\u00e1n hacer.<\/figcaption><\/figure>\n<ul>\n<li><strong>Protestaron en las afueras del municipio exigiendo el otorgamiento de los permisos correspondientes.<\/strong><\/li>\n<\/ul>\n<p><strong>LOS ANDES<\/strong>.- Integrantes de la Agrupaci\u00f3n de Artesanos Artvalle efectuaron una protesta en el frontis del municipio por neg\u00e1rseles la posibilidad de instalarse en la plaza de armas a ofrecer sus productos con motivo del d\u00eda de la madre.<br \/>\nPaola Cabrera, Presidenta de ArtValle, dijo que se trata de una discriminaci\u00f3n abierta del municipio en contra de su organizaci\u00f3n, ya que otras dos agrupaciones de artesanos si fueron autorizados a instalar sus puestos en la plaza.<br \/>\nSe quejaron que el alcalde les comunic\u00f3 que se si quer\u00edan estar en la plaza deber\u00edan pedirlo a las otras organizaciones de artesanos, \u201cpero eso es deslindar responsabilidad y atribuciones a otras instituciones, pues nosotros ingresamos una carta formal al municipio solicitando este espacio y todos los a\u00f1os siempre hemos funcionado juntos, entonces en esta oportunidad ellos est\u00e1n diciendo que no quieren competencia, lo que yo encuentro comprensible, pero aqu\u00ed es el alcalde el que tiene que velar por la equidad para todas las organizaciones que est\u00e1n involucradas\u201d.<br \/>\nRemarc\u00f3 que Artvalle est\u00e1 solicitando un permiso para poder exponer en la plaza de armas con motivo del d\u00eda de la madre al igual que las otras agrupaciones, \u201cpues somos 22 artesanos que representamos a 22 familias y que vivimos de esto, nuestros hijos viven de esto, tenemos adultos mayores, gente con discapacidad y todos ellos viven de los ingresos que generemos de esta feria en la cual participamos todos los a\u00f1os\u201d.<br \/>\nAgreg\u00f3 que es incomprensible que el acalde cree diferencias entre las agrupaciones, \u201cya que con ello se genera conflicto y en vez de crear inclusi\u00f3n crea una divisi\u00f3n\u201d.<br \/>\nPaola Cabrera dijo que cuentan con el respaldo un\u00e1nime de todo el concejo municipal y por eso esperan que el alcalde Navarro reconsidere esta decisi\u00f3n.<\/p>\n","protected":false},"excerpt":{"rendered":"<p>Protestaron en las afueras del municipio exigiendo el otorgamiento de los permisos correspondientes. LOS ANDES.- Integrantes de la Agrupaci\u00f3n de Artesanos Artvalle efectuaron una protesta en el frontis del municipio por neg\u00e1rseles&#8230;<\/p>\n","protected":false},"author":482,"featured_media":57604,"comment_status":"open","ping_status":"open","sticky":false,"template":"","format":"standard","meta":{"advanced_seo_description":"","jetpack_seo_html_title":"","jetpack_seo_noindex":false,"_jetpack_memberships_contains_paid_content":false,"footnotes":""},"categories":[15],"tags":[],"class_list":["post-57603","post","type-post","status-publish","format-standard","has-post-thumbnail","hentry","category-comunidad"],"jetpack_featured_media_url":"https:\/\/i0.wp.com\/eltrabajo.cl\/portal\/wp-content\/uploads\/2015\/04\/artvalle.jpg?fit=530%2C349&ssl=1","jetpack_sharing_enabled":true,"jetpack_likes_enabled":true,"jetpack-related-posts":[],"_links":{"self":[{"href":"https:\/\/eltrabajo.cl\/portal\/wp-json\/wp\/v2\/posts\/57603","targetHints":{"allow":["GET"]}}],"collection":[{"href":"https:\/\/eltrabajo.cl\/portal\/wp-json\/wp\/v2\/posts"}],"about":[{"href":"https:\/\/eltrabajo.cl\/portal\/wp-json\/wp\/v2\/types\/post"}],"author":[{"embeddable":true,"href":"https:\/\/eltrabajo.cl\/portal\/wp-json\/wp\/v2\/users\/482"}],"replies":[{"embeddable":true,"href":"https:\/\/eltrabajo.cl\/portal\/wp-json\/wp\/v2\/comments?post=57603"}],"version-history":[{"count":0,"href":"https:\/\/eltrabajo.cl\/portal\/wp-json\/wp\/v2\/posts\/57603\/revisions"}],"wp:featuredmedia":[{"embeddable":true,"href":"https:\/\/eltrabajo.cl\/portal\/wp-json\/wp\/v2\/media\/57604"}],"wp:attachment":[{"href":"https:\/\/eltrabajo.cl\/portal\/wp-json\/wp\/v2\/media?parent=57603"}],"wp:term":[{"taxonomy":"category","embeddable":true,"href":"https:\/\/eltrabajo.cl\/portal\/wp-json\/wp\/v2\/categories?post=57603"},{"taxonomy":"post_tag","embeddable":true,"href":"https:\/\/eltrabajo.cl\/portal\/wp-json\/wp\/v2\/tags?post=57603"}],"curies":[{"name":"wp","href":"https:\/\/api.w.org\/{rel}","templated":true}]}}