{"id":57606,"date":"2015-04-29T09:37:26","date_gmt":"2015-04-29T12:37:26","guid":{"rendered":"http:\/\/www.eltrabajo.cl\/portal\/?p=57606"},"modified":"2015-04-29T09:37:26","modified_gmt":"2015-04-29T12:37:26","slug":"mas-de-cien-familias-del-valle-de-aconcagua-beneficiadas-con-subsidios-minvu","status":"publish","type":"post","link":"https:\/\/eltrabajo.cl\/portal\/mas-de-cien-familias-del-valle-de-aconcagua-beneficiadas-con-subsidios-minvu\/","title":{"rendered":"M\u00e1s de cien familias del Valle de Aconcagua beneficiadas con Subsidios Minvu"},"content":{"rendered":"<figure id=\"attachment_57607\" aria-describedby=\"caption-attachment-57607\" style=\"width: 530px\" class=\"wp-caption alignnone\"><a href=\"https:\/\/i0.wp.com\/www.eltrabajo.cl\/portal\/wp-content\/uploads\/2015\/04\/Subsidios-San-Felipe-Los-Andes-01.jpg\"><img data-recalc-dims=\"1\" loading=\"lazy\" decoding=\"async\" class=\"size-full wp-image-57607\" src=\"https:\/\/i0.wp.com\/www.eltrabajo.cl\/portal\/wp-content\/uploads\/2015\/04\/Subsidios-San-Felipe-Los-Andes-01.jpg?resize=530%2C348\" alt=\"Diversas autoridades asistieron a la ceremonia de entrega de Subsidios Minvu a 114 familias de todo el Valle de Aconcagua, lo que les permitir\u00e1 construir, comprar o arreglar sus viviendas.\" width=\"530\" height=\"348\" srcset=\"https:\/\/i0.wp.com\/eltrabajo.cl\/portal\/wp-content\/uploads\/2015\/04\/Subsidios-San-Felipe-Los-Andes-01.jpg?w=530&amp;ssl=1 530w, https:\/\/i0.wp.com\/eltrabajo.cl\/portal\/wp-content\/uploads\/2015\/04\/Subsidios-San-Felipe-Los-Andes-01.jpg?resize=200%2C131&amp;ssl=1 200w, https:\/\/i0.wp.com\/eltrabajo.cl\/portal\/wp-content\/uploads\/2015\/04\/Subsidios-San-Felipe-Los-Andes-01.jpg?resize=300%2C197&amp;ssl=1 300w, https:\/\/i0.wp.com\/eltrabajo.cl\/portal\/wp-content\/uploads\/2015\/04\/Subsidios-San-Felipe-Los-Andes-01.jpg?resize=150%2C98&amp;ssl=1 150w, https:\/\/i0.wp.com\/eltrabajo.cl\/portal\/wp-content\/uploads\/2015\/04\/Subsidios-San-Felipe-Los-Andes-01.jpg?resize=400%2C263&amp;ssl=1 400w\" sizes=\"auto, (max-width: 530px) 100vw, 530px\" \/><\/a><figcaption id=\"caption-attachment-57607\" class=\"wp-caption-text\">Diversas autoridades asistieron a la ceremonia de entrega de Subsidios Minvu a 114 familias de todo el Valle de Aconcagua, lo que les permitir\u00e1 construir, comprar o arreglar sus viviendas.<\/figcaption><\/figure>\n<ul>\n<li><strong>La entrega de subsidios se enmarcan en postulaciones individuales o colectivas que realizaron en diversas modalidades habitacionales.<\/strong><\/li>\n<\/ul>\n<p>Felices con su subsidio en la mano se fueron 114 familias de San Felipe, Putaendo, Santa Mar\u00eda, Panquehue, Llay Llay, Catemu, Los Andes y San Esteban, los que a contar del pasado lunes podr\u00e1n hacer efectivo el beneficio habitacional entregado por el Ministerio de Vivienda y Urbanismo. Se trata de apoyos estatales de diversas modalidades, que permitir\u00e1n a las familias construir, comprar o arreglar sus viviendas.<br \/>\nTras la ceremonia de entrega de estos beneficios, el Director Regional de Serviu, Nelson Basaes, se\u00f1al\u00f3 que con estos subsidios, las familias \u201cvan a poder prontamente adquirir sus viviendas, o empezar a construir de acuerdo a sus propias caracter\u00edsticas, o en algunos otros casos poder mejorar o ampliar las viviendas que ya les son propias\u201d.<br \/>\nEfectivamente, una de las iniciativas de los subsidios entregados en la ceremonia es la l\u00ednea Adquisici\u00f3n de Vivienda Construida, la que permite que las familias puedan comprar una vivienda nueva o usada, en zona rural o urbana, que est\u00e9 en el mercado inmobiliario. Bajo esta modalidad, 74 familias recibieron subsidios, de las cuales 51 son de la comuna de San Felipe, 7 de Llay Llay, 5 de Los Andes, 4 de Catemu, 2 de Putaendo, 2 de Santa Mar\u00eda, 2 de Panquehue u 1 de San Esteban. Todas estas postularon al llamado que se abri\u00f3 en noviembre y diciembre del 2014.<br \/>\nEn el caso de la modalidad Construcci\u00f3n en Sitio Propio, 13 familias resultaron favorecidas, de las cuales 2 postularon de manera Individual y 11 Colectiva, bajo el Comit\u00e9 Habitacional Nuestra Esperanza de San Felipe.<br \/>\nEn tanto, las otras 27 familias recibieron subsidios del Programa de Protecci\u00f3n al Patrimonio Familiar, plan que permite ampliar las viviendas, repararlas o mejorar los espacios comunes de un conjunto habitacional. De \u00e9stas, 26 pertenecen al comit\u00e9 Ampliaci\u00f3n Los Vecinos de los Vi\u00f1edos, de Santa Mar\u00eda.<\/p>\n","protected":false},"excerpt":{"rendered":"<p>La entrega de subsidios se enmarcan en postulaciones individuales o colectivas que realizaron en diversas modalidades habitacionales. Felices con su subsidio en la mano se fueron 114 familias de San Felipe, Putaendo,&#8230;<\/p>\n","protected":false},"author":482,"featured_media":57607,"comment_status":"open","ping_status":"open","sticky":false,"template":"","format":"standard","meta":{"advanced_seo_description":"","jetpack_seo_html_title":"","jetpack_seo_noindex":false,"_jetpack_memberships_contains_paid_content":false,"footnotes":""},"categories":[1],"tags":[],"class_list":["post-57606","post","type-post","status-publish","format-standard","has-post-thumbnail","hentry","category-cronica"],"jetpack_featured_media_url":"https:\/\/i0.wp.com\/eltrabajo.cl\/portal\/wp-content\/uploads\/2015\/04\/Subsidios-San-Felipe-Los-Andes-01.jpg?fit=530%2C348&ssl=1","jetpack_sharing_enabled":true,"jetpack_likes_enabled":true,"jetpack-related-posts":[],"_links":{"self":[{"href":"https:\/\/eltrabajo.cl\/portal\/wp-json\/wp\/v2\/posts\/57606","targetHints":{"allow":["GET"]}}],"collection":[{"href":"https:\/\/eltrabajo.cl\/portal\/wp-json\/wp\/v2\/posts"}],"about":[{"href":"https:\/\/eltrabajo.cl\/portal\/wp-json\/wp\/v2\/types\/post"}],"author":[{"embeddable":true,"href":"https:\/\/eltrabajo.cl\/portal\/wp-json\/wp\/v2\/users\/482"}],"replies":[{"embeddable":true,"href":"https:\/\/eltrabajo.cl\/portal\/wp-json\/wp\/v2\/comments?post=57606"}],"version-history":[{"count":0,"href":"https:\/\/eltrabajo.cl\/portal\/wp-json\/wp\/v2\/posts\/57606\/revisions"}],"wp:featuredmedia":[{"embeddable":true,"href":"https:\/\/eltrabajo.cl\/portal\/wp-json\/wp\/v2\/media\/57607"}],"wp:attachment":[{"href":"https:\/\/eltrabajo.cl\/portal\/wp-json\/wp\/v2\/media?parent=57606"}],"wp:term":[{"taxonomy":"category","embeddable":true,"href":"https:\/\/eltrabajo.cl\/portal\/wp-json\/wp\/v2\/categories?post=57606"},{"taxonomy":"post_tag","embeddable":true,"href":"https:\/\/eltrabajo.cl\/portal\/wp-json\/wp\/v2\/tags?post=57606"}],"curies":[{"name":"wp","href":"https:\/\/api.w.org\/{rel}","templated":true}]}}