{"id":57610,"date":"2015-04-29T09:42:09","date_gmt":"2015-04-29T12:42:09","guid":{"rendered":"http:\/\/www.eltrabajo.cl\/portal\/?p=57610"},"modified":"2015-04-29T09:42:09","modified_gmt":"2015-04-29T12:42:09","slug":"con-turnos-eticos-garantizan-atencion-en-los-cesfam-municipales-adheridos-a-la-paralizacion","status":"publish","type":"post","link":"https:\/\/eltrabajo.cl\/portal\/con-turnos-eticos-garantizan-atencion-en-los-cesfam-municipales-adheridos-a-la-paralizacion\/","title":{"rendered":"Con turnos \u00e9ticos garantizan atenci\u00f3n en los Cesfam municipales adheridos a la paralizaci\u00f3n"},"content":{"rendered":"<figure id=\"attachment_57611\" aria-describedby=\"caption-attachment-57611\" style=\"width: 400px\" class=\"wp-caption alignleft\"><a href=\"https:\/\/i0.wp.com\/www.eltrabajo.cl\/portal\/wp-content\/uploads\/2015\/04\/Paro-Confusam-2.jpg\"><img data-recalc-dims=\"1\" loading=\"lazy\" decoding=\"async\" class=\"wp-image-57611\" src=\"https:\/\/i0.wp.com\/www.eltrabajo.cl\/portal\/wp-content\/uploads\/2015\/04\/Paro-Confusam-2.jpg?resize=400%2C263\" alt=\"Dra. Vilma Olave, Directora del Servicio de Salud Aconcagua supervisando en terreno el cumplimiento de los turnos \u00e9ticos durante el paro.\" width=\"400\" height=\"263\" srcset=\"https:\/\/i0.wp.com\/eltrabajo.cl\/portal\/wp-content\/uploads\/2015\/04\/Paro-Confusam-2.jpg?w=530&amp;ssl=1 530w, https:\/\/i0.wp.com\/eltrabajo.cl\/portal\/wp-content\/uploads\/2015\/04\/Paro-Confusam-2.jpg?resize=200%2C132&amp;ssl=1 200w, https:\/\/i0.wp.com\/eltrabajo.cl\/portal\/wp-content\/uploads\/2015\/04\/Paro-Confusam-2.jpg?resize=300%2C198&amp;ssl=1 300w, https:\/\/i0.wp.com\/eltrabajo.cl\/portal\/wp-content\/uploads\/2015\/04\/Paro-Confusam-2.jpg?resize=150%2C99&amp;ssl=1 150w, https:\/\/i0.wp.com\/eltrabajo.cl\/portal\/wp-content\/uploads\/2015\/04\/Paro-Confusam-2.jpg?resize=400%2C263&amp;ssl=1 400w\" sizes=\"auto, (max-width: 400px) 100vw, 400px\" \/><\/a><figcaption id=\"caption-attachment-57611\" class=\"wp-caption-text\">Dra. Vilma Olave, Directora del Servicio de Salud Aconcagua supervisando en terreno el cumplimiento de los turnos \u00e9ticos durante el paro.<\/figcaption><\/figure>\n<p>\u201cLa entrega de medicamentos y vacunaci\u00f3n son servicios m\u00ednimos que no pueden suspenderse por una paralizaci\u00f3n de actividades\u201d, agreg\u00f3 la profesional.<\/p>\n<p>La Directora del Servicio de Salud Aconcagua, Dra. Vilma Olave, luego de que el 60% de los Centros de Salud Familiar municipales de la zona adhirieran a la paralizaci\u00f3n convocada por la Confederaci\u00f3n Nacional de Funcionarios de la Salud Municipal, Confusam, supervis\u00f3 en terreno que se estuvieran cumpliendo los turnos \u00e9ticos, la entrega de medicamentos y se asegurara la continuidad de la campa\u00f1a de vacunaci\u00f3n contra la influenza, principalmente para los adultos mayores y menores entre seis meses a cinco a\u00f1os.<br \/>\nEn su visita al Cesfam Segismundo Iturra de la comuna de San Felipe, pudo comprobar que los equipos de salud estaban cumpliendo con los protocolos de acuerdo asegurando la atenci\u00f3n de los usuarios. En reuni\u00f3n sostenida adem\u00e1s con el equipo directivo y funcionarios del establecimiento pudo informar tambi\u00e9n sobre los avances que el Ministerio de Salud ha tenido en las demandas sostenidas por la Confusam.<br \/>\n\u201cEl Ministerio de Salud ha cumplido los compromisos acordados y actualmente se encuentra en tramitaci\u00f3n el proyecto de ley que traspasa a los t\u00e9cnicos de la categor\u00eda E a la C. As\u00ed mismo se cancel\u00f3 en marzo el bono convenido en el acuerdo y en el parlamento se modific\u00f3 la ley de trato usuario para la atenci\u00f3n primaria municipal. A su vez, se mantiene una mesa de trabajo en donde se est\u00e1n discutiendo la ley sobre incentivo al retiro y financiamiento de los Servicios de Atenci\u00f3n Primaria de Urgencia, Sapu\u201d.<br \/>\n\u201cEn nuestra jurisdicci\u00f3n solo seis de diez Cesfam municipales adhirieron a esta paralizaci\u00f3n de dos d\u00edas que esperamos termine lo m\u00e1s pronto para que se normalice la atenci\u00f3n en la red de salud primaria y as\u00ed retomar lo antes posible el di\u00e1logo y las mesas de trabajo que el Ministerio de Salud ha dispuesto para encontrar una soluci\u00f3n integral y definitiva a los problemas presentados. Lo importante es que la comunidad sea la menos perjudicada y reciba la atenci\u00f3n que necesita en el tiempo que le corresponda\u201d, concluy\u00f3 la Directora del Servicio.<\/p>\n","protected":false},"excerpt":{"rendered":"<p>\u201cLa entrega de medicamentos y vacunaci\u00f3n son servicios m\u00ednimos que no pueden suspenderse por una paralizaci\u00f3n de actividades\u201d, agreg\u00f3 la profesional. La Directora del Servicio de Salud Aconcagua, Dra. Vilma Olave, luego&#8230;<\/p>\n","protected":false},"author":482,"featured_media":57611,"comment_status":"open","ping_status":"open","sticky":false,"template":"","format":"standard","meta":{"advanced_seo_description":"","jetpack_seo_html_title":"","jetpack_seo_noindex":false,"_jetpack_memberships_contains_paid_content":false,"footnotes":""},"categories":[1],"tags":[],"class_list":["post-57610","post","type-post","status-publish","format-standard","has-post-thumbnail","hentry","category-cronica"],"jetpack_featured_media_url":"https:\/\/i0.wp.com\/eltrabajo.cl\/portal\/wp-content\/uploads\/2015\/04\/Paro-Confusam-2.jpg?fit=530%2C349&ssl=1","jetpack_sharing_enabled":true,"jetpack_likes_enabled":true,"jetpack-related-posts":[],"_links":{"self":[{"href":"https:\/\/eltrabajo.cl\/portal\/wp-json\/wp\/v2\/posts\/57610","targetHints":{"allow":["GET"]}}],"collection":[{"href":"https:\/\/eltrabajo.cl\/portal\/wp-json\/wp\/v2\/posts"}],"about":[{"href":"https:\/\/eltrabajo.cl\/portal\/wp-json\/wp\/v2\/types\/post"}],"author":[{"embeddable":true,"href":"https:\/\/eltrabajo.cl\/portal\/wp-json\/wp\/v2\/users\/482"}],"replies":[{"embeddable":true,"href":"https:\/\/eltrabajo.cl\/portal\/wp-json\/wp\/v2\/comments?post=57610"}],"version-history":[{"count":0,"href":"https:\/\/eltrabajo.cl\/portal\/wp-json\/wp\/v2\/posts\/57610\/revisions"}],"wp:featuredmedia":[{"embeddable":true,"href":"https:\/\/eltrabajo.cl\/portal\/wp-json\/wp\/v2\/media\/57611"}],"wp:attachment":[{"href":"https:\/\/eltrabajo.cl\/portal\/wp-json\/wp\/v2\/media?parent=57610"}],"wp:term":[{"taxonomy":"category","embeddable":true,"href":"https:\/\/eltrabajo.cl\/portal\/wp-json\/wp\/v2\/categories?post=57610"},{"taxonomy":"post_tag","embeddable":true,"href":"https:\/\/eltrabajo.cl\/portal\/wp-json\/wp\/v2\/tags?post=57610"}],"curies":[{"name":"wp","href":"https:\/\/api.w.org\/{rel}","templated":true}]}}