{"id":57639,"date":"2015-04-30T09:37:26","date_gmt":"2015-04-30T12:37:26","guid":{"rendered":"http:\/\/www.eltrabajo.cl\/portal\/?p=57639"},"modified":"2015-04-30T09:37:26","modified_gmt":"2015-04-30T12:37:26","slug":"alumnos-de-la-industrial-ganan-v-campeonato-nacional-de-folclore-en-duao","status":"publish","type":"post","link":"https:\/\/eltrabajo.cl\/portal\/alumnos-de-la-industrial-ganan-v-campeonato-nacional-de-folclore-en-duao\/","title":{"rendered":"Alumnos de la Industrial ganan V Campeonato Nacional de Folclore en Duao"},"content":{"rendered":"<figure id=\"attachment_57640\" aria-describedby=\"caption-attachment-57640\" style=\"width: 530px\" class=\"wp-caption alignnone\"><a href=\"https:\/\/i0.wp.com\/www.eltrabajo.cl\/portal\/wp-content\/uploads\/2015\/04\/Panoramica1.jpg\"><img data-recalc-dims=\"1\" loading=\"lazy\" decoding=\"async\" class=\"size-full wp-image-57640\" src=\"https:\/\/i0.wp.com\/www.eltrabajo.cl\/portal\/wp-content\/uploads\/2015\/04\/Panoramica1.jpg?resize=530%2C349\" alt=\"LOS PROTAGONISTAS.- J\u00f3venes sanfelipe\u00f1os lograron el primer lugar en la 5\u00aa Competencia Nacional Folcl\u00f3rica desarrollada en Duao.\" width=\"530\" height=\"349\" srcset=\"https:\/\/i0.wp.com\/eltrabajo.cl\/portal\/wp-content\/uploads\/2015\/04\/Panoramica1.jpg?w=530&amp;ssl=1 530w, https:\/\/i0.wp.com\/eltrabajo.cl\/portal\/wp-content\/uploads\/2015\/04\/Panoramica1.jpg?resize=200%2C132&amp;ssl=1 200w, https:\/\/i0.wp.com\/eltrabajo.cl\/portal\/wp-content\/uploads\/2015\/04\/Panoramica1.jpg?resize=300%2C198&amp;ssl=1 300w, https:\/\/i0.wp.com\/eltrabajo.cl\/portal\/wp-content\/uploads\/2015\/04\/Panoramica1.jpg?resize=150%2C99&amp;ssl=1 150w, https:\/\/i0.wp.com\/eltrabajo.cl\/portal\/wp-content\/uploads\/2015\/04\/Panoramica1.jpg?resize=400%2C263&amp;ssl=1 400w\" sizes=\"auto, (max-width: 530px) 100vw, 530px\" \/><\/a><figcaption id=\"caption-attachment-57640\" class=\"wp-caption-text\">LOS PROTAGONISTAS.- J\u00f3venes sanfelipe\u00f1os lograron el primer lugar en la 5\u00aa Competencia Nacional Folcl\u00f3rica desarrollada en Duao.<\/figcaption><\/figure>\n<p>Un gran aire triunfal se respira en las aulas de la Escuela Industrial Guillermo Richards Cuevas de San Felipe, luego de la excelente participaci\u00f3n que sus alumnos tuvieron en la 5\u00aa Competencia Folcl\u00f3rica y 7\u00ba Rodeo Nacional del SNA Educa en la Escuela Agr\u00edcola de San Jos\u00e9 de Duao.<br \/>\nY al decir \u2018excelente participaci\u00f3n\u2019, nos referimos a que nuestros industrialinos se quedaron con el primer lugar en Folclore a nivel nacional. En este caso fueron doce alumnos de los 50 que conforman Pasi\u00f3n Industrialina, grupo de la Industrial que dirige la instructora Gisel Sep\u00falveda Libbrecht, quien alab\u00f3 el desempe\u00f1o de sus pupilos.<br \/>\n\u00abEsto no se logr\u00f3 sin el apoyo de la Direcci\u00f3n de nuestra escuela, los chicos se esforzaron mucho y ensayamos durante seis meses para poder llegar a la Final y ganarla, \u00e9ramos 20 grupos, todos buen\u00edsimos y muy competitivos, sin embargo lo hicimos mejor nosotros\u00bb, explic\u00f3 Sep\u00falveda a Diario El Trabajo.<br \/>\nUno de los cuadros folcl\u00f3ricos que influy\u00f3 en este campeonato, presentado por los sanfelipe\u00f1os, fue Ruego y gozos del Pueblo Diaguita. Tambi\u00e9n se presentaron el \u2018Ritual ancestral Plegaria del pueblo invocando a la lluvia\u2019 y \u2018Danza del C\u00f3ndor Canqui\u2019, con la que el Pueblo Diaguita celebra con alegr\u00eda los favores recibidos.<br \/>\nA cada escuela le correspond\u00eda desarrollar bailes y presentaciones de otras regiones distintas, as\u00ed, los sanfelipe\u00f1os ganaron no s\u00f3lo el t\u00edtulo nacional, sino tambi\u00e9n la suma de $340.000.<\/p>\n<p><strong>LAS COLLERAS<\/strong><br \/>\nEn la parte deportiva y tradicional, la Escuela Industrial tambi\u00e9n hizo lo suyo, pues las dos colleras industrialinas se colocaron en el 5\u00ba y 8\u00ba lugar a nivel nacional, entre unas 45 que participaron en Duao. Estas colleras estaban conformadas por Felipe Gald\u00e1mez y Jazhiel Osorio, montando a \u2018Guayacolina\u2019 y \u2018Hurac\u00e1n\u2019. La segunda collera era Ignacio Ortega con \u2018Acampao\u2019 y su hermano Mario con \u2018El Estacazo\u2019, con quienes ganaron sus respectivas y merecidas escarapelas.<br \/>\nTanto los folcloristas como las colleras, llenan de orgullo a toda la comunidad Industrialina, pues el nombre de San Felipe gana puntos a nivel nacional en cada propuesta desarrollada en esta direcci\u00f3n. Por los \u00e9xitos obtenidos en tierras lejanas y por la gallard\u00eda mostrada en esta jornada folcl\u00f3rica y deportiva, quienes laboramos en Diario El Trabajo felicitamos p\u00fablicamente a cada uno de estos estudiantes e instructora.<br \/>\n<strong>Roberto Gonz\u00e1lez Short<\/strong><br \/>\nrgonzalez@eltrabajo.cl<\/p>\n<div class=\"tiled-gallery type-rectangular tiled-gallery-unresized\" data-original-width=\"640\" data-carousel-extra='null' itemscope itemtype=\"http:\/\/schema.org\/ImageGallery\" > <div class=\"gallery-row\" style=\"width: 640px; height: 284px;\" data-original-width=\"640\" data-original-height=\"284\" > <div class=\"gallery-group images-1\" style=\"width: 426px; height: 284px;\" data-original-width=\"426\" data-original-height=\"284\" > <div class=\"tiled-gallery-item tiled-gallery-item-large\" itemprop=\"associatedMedia\" itemscope itemtype=\"http:\/\/schema.org\/ImageObject\"> <a href=\"https:\/\/eltrabajo.cl\/portal\/alumnos-de-la-industrial-ganan-v-campeonato-nacional-de-folclore-en-duao\/colleras1\/\" border=\"0\" itemprop=\"url\"> <meta itemprop=\"width\" content=\"422\"> <meta itemprop=\"height\" content=\"280\"> <img decoding=\"async\" class=\"\" data-attachment-id=\"57641\" data-orig-file=\"https:\/\/eltrabajo.cl\/portal\/wp-content\/uploads\/2015\/04\/Colleras1.jpg\" data-orig-size=\"528,350\" data-comments-opened=\"1\" data-image-meta=\"{&quot;aperture&quot;:&quot;0&quot;,&quot;credit&quot;:&quot;&quot;,&quot;camera&quot;:&quot;&quot;,&quot;caption&quot;:&quot;&quot;,&quot;created_timestamp&quot;:&quot;0&quot;,&quot;copyright&quot;:&quot;Copyright 2014&quot;,&quot;focal_length&quot;:&quot;0&quot;,&quot;iso&quot;:&quot;0&quot;,&quot;shutter_speed&quot;:&quot;0&quot;,&quot;title&quot;:&quot;&quot;,&quot;orientation&quot;:&quot;0&quot;}\" data-image-title=\"Colleras1\" data-image-description=\"&lt;p&gt;ORGULLO INDUSTRIALINO.- Las colleras sanfelipe\u00f1as tambi\u00e9n representaron muy bien a la Escuela Industrial de San Felipe.&lt;\/p&gt; \" data-medium-file=\"https:\/\/i0.wp.com\/eltrabajo.cl\/portal\/wp-content\/uploads\/2015\/04\/Colleras1.jpg?fit=300%2C199&#038;ssl=1\" data-large-file=\"https:\/\/i0.wp.com\/eltrabajo.cl\/portal\/wp-content\/uploads\/2015\/04\/Colleras1.jpg?fit=528%2C350&#038;ssl=1\" src=\"https:\/\/i0.wp.com\/eltrabajo.cl\/portal\/wp-content\/uploads\/2015\/04\/Colleras1.jpg?w=422&#038;h=280&#038;ssl=1\" srcset=\"https:\/\/i0.wp.com\/eltrabajo.cl\/portal\/wp-content\/uploads\/2015\/04\/Colleras1.jpg?w=528&amp;ssl=1 528w, https:\/\/i0.wp.com\/eltrabajo.cl\/portal\/wp-content\/uploads\/2015\/04\/Colleras1.jpg?resize=200%2C133&amp;ssl=1 200w, https:\/\/i0.wp.com\/eltrabajo.cl\/portal\/wp-content\/uploads\/2015\/04\/Colleras1.jpg?resize=300%2C199&amp;ssl=1 300w, https:\/\/i0.wp.com\/eltrabajo.cl\/portal\/wp-content\/uploads\/2015\/04\/Colleras1.jpg?resize=150%2C99&amp;ssl=1 150w, https:\/\/i0.wp.com\/eltrabajo.cl\/portal\/wp-content\/uploads\/2015\/04\/Colleras1.jpg?resize=400%2C265&amp;ssl=1 400w\" width=\"422\" height=\"280\" loading=\"lazy\" data-original-width=\"422\" data-original-height=\"280\" itemprop=\"http:\/\/schema.org\/image\" title=\"Colleras1\" alt=\"ORGULLO INDUSTRIALINO.- Las colleras sanfelipe\u00f1as tambi\u00e9n representaron muy bien a la Escuela Industrial de San Felipe.\" style=\"width: 422px; height: 280px;\" \/> <\/a> <div class=\"tiled-gallery-caption\" itemprop=\"caption description\"> ORGULLO INDUSTRIALINO.- Las colleras sanfelipe\u00f1as tambi\u00e9n representaron muy bien a la Escuela Industrial de San Felipe. <\/div> <\/div> <\/div> <!-- close group --> <div class=\"gallery-group images-2\" style=\"width: 214px; height: 284px;\" data-original-width=\"214\" data-original-height=\"284\" > <div class=\"tiled-gallery-item tiled-gallery-item-small\" itemprop=\"associatedMedia\" itemscope itemtype=\"http:\/\/schema.org\/ImageObject\"> <a href=\"https:\/\/eltrabajo.cl\/portal\/alumnos-de-la-industrial-ganan-v-campeonato-nacional-de-folclore-en-duao\/colleras2\/\" border=\"0\" itemprop=\"url\"> <meta itemprop=\"width\" content=\"210\"> <meta itemprop=\"height\" content=\"138\"> <img decoding=\"async\" class=\"\" data-attachment-id=\"57642\" data-orig-file=\"https:\/\/eltrabajo.cl\/portal\/wp-content\/uploads\/2015\/04\/Colleras2.jpg\" data-orig-size=\"530,348\" data-comments-opened=\"1\" data-image-meta=\"{&quot;aperture&quot;:&quot;0&quot;,&quot;credit&quot;:&quot;&quot;,&quot;camera&quot;:&quot;&quot;,&quot;caption&quot;:&quot;&quot;,&quot;created_timestamp&quot;:&quot;0&quot;,&quot;copyright&quot;:&quot;Copyright 2014&quot;,&quot;focal_length&quot;:&quot;0&quot;,&quot;iso&quot;:&quot;0&quot;,&quot;shutter_speed&quot;:&quot;0&quot;,&quot;title&quot;:&quot;&quot;,&quot;orientation&quot;:&quot;0&quot;}\" data-image-title=\"Colleras2\" data-image-description=\"&lt;p&gt;IMPONENTES.- Estas colleras estaban conformadas por Felipe Gald\u00e1mes y Jazhiel Osorio, montando a \u2018Guayacolina\u2019 y \u2018Hurac\u00e1n\u2019. La segunda collera eran Ignacio Ortega con \u2018Acampao\u2019 y su hermano Mario con \u2018El Estacazo\u2019.&lt;\/p&gt; \" data-medium-file=\"https:\/\/i0.wp.com\/eltrabajo.cl\/portal\/wp-content\/uploads\/2015\/04\/Colleras2.jpg?fit=300%2C197&#038;ssl=1\" data-large-file=\"https:\/\/i0.wp.com\/eltrabajo.cl\/portal\/wp-content\/uploads\/2015\/04\/Colleras2.jpg?fit=530%2C348&#038;ssl=1\" src=\"https:\/\/i0.wp.com\/eltrabajo.cl\/portal\/wp-content\/uploads\/2015\/04\/Colleras2.jpg?w=210&#038;h=138&#038;ssl=1\" srcset=\"https:\/\/i0.wp.com\/eltrabajo.cl\/portal\/wp-content\/uploads\/2015\/04\/Colleras2.jpg?w=530&amp;ssl=1 530w, https:\/\/i0.wp.com\/eltrabajo.cl\/portal\/wp-content\/uploads\/2015\/04\/Colleras2.jpg?resize=200%2C131&amp;ssl=1 200w, https:\/\/i0.wp.com\/eltrabajo.cl\/portal\/wp-content\/uploads\/2015\/04\/Colleras2.jpg?resize=300%2C197&amp;ssl=1 300w, https:\/\/i0.wp.com\/eltrabajo.cl\/portal\/wp-content\/uploads\/2015\/04\/Colleras2.jpg?resize=150%2C98&amp;ssl=1 150w, https:\/\/i0.wp.com\/eltrabajo.cl\/portal\/wp-content\/uploads\/2015\/04\/Colleras2.jpg?resize=400%2C263&amp;ssl=1 400w\" width=\"210\" height=\"138\" loading=\"lazy\" data-original-width=\"210\" data-original-height=\"138\" itemprop=\"http:\/\/schema.org\/image\" title=\"Colleras2\" alt=\"IMPONENTES.- Estas colleras estaban conformadas por Felipe Gald\u00e1mes y Jazhiel Osorio, montando a \u2018Guayacolina\u2019 y \u2018Hurac\u00e1n\u2019. La segunda collera eran Ignacio Ortega con \u2018Acampao\u2019 y su hermano Mario con \u2018El Estacazo\u2019.\" style=\"width: 210px; height: 138px;\" \/> <\/a> <div class=\"tiled-gallery-caption\" itemprop=\"caption description\"> IMPONENTES.- Estas colleras estaban conformadas por Felipe Gald\u00e1mes y Jazhiel Osorio, montando a \u2018Guayacolina\u2019 y \u2018Hurac\u00e1n\u2019. La segunda collera eran Ignacio Ortega con \u2018Acampao\u2019 y su hermano Mario con \u2018El Estacazo\u2019. <\/div> <\/div> <div class=\"tiled-gallery-item tiled-gallery-item-small\" itemprop=\"associatedMedia\" itemscope itemtype=\"http:\/\/schema.org\/ImageObject\"> <a href=\"https:\/\/eltrabajo.cl\/portal\/alumnos-de-la-industrial-ganan-v-campeonato-nacional-de-folclore-en-duao\/diaguitas1\/\" border=\"0\" itemprop=\"url\"> <meta itemprop=\"width\" content=\"210\"> <meta itemprop=\"height\" content=\"138\"> <img decoding=\"async\" class=\"\" data-attachment-id=\"57643\" data-orig-file=\"https:\/\/eltrabajo.cl\/portal\/wp-content\/uploads\/2015\/04\/Diaguitas1.jpg\" data-orig-size=\"530,349\" data-comments-opened=\"1\" data-image-meta=\"{&quot;aperture&quot;:&quot;0&quot;,&quot;credit&quot;:&quot;&quot;,&quot;camera&quot;:&quot;&quot;,&quot;caption&quot;:&quot;&quot;,&quot;created_timestamp&quot;:&quot;0&quot;,&quot;copyright&quot;:&quot;Copyright 2014&quot;,&quot;focal_length&quot;:&quot;0&quot;,&quot;iso&quot;:&quot;0&quot;,&quot;shutter_speed&quot;:&quot;0&quot;,&quot;title&quot;:&quot;&quot;,&quot;orientation&quot;:&quot;0&quot;}\" data-image-title=\"Diaguitas1\" data-image-description=\"&lt;p&gt;CAMPEONES NACIONALES SNA EDUCA.- Ellos son nuestros j\u00f3venes industrialinos, ganadores a nivel nacional con el \u2018Ritual ancestral Plegaria del pueblo invocando a la lluvia\u2019 y \u2018Danza del C\u00f3ndor Canqui\u2019.&lt;\/p&gt; \" data-medium-file=\"https:\/\/i0.wp.com\/eltrabajo.cl\/portal\/wp-content\/uploads\/2015\/04\/Diaguitas1.jpg?fit=300%2C198&#038;ssl=1\" data-large-file=\"https:\/\/i0.wp.com\/eltrabajo.cl\/portal\/wp-content\/uploads\/2015\/04\/Diaguitas1.jpg?fit=530%2C349&#038;ssl=1\" src=\"https:\/\/i0.wp.com\/eltrabajo.cl\/portal\/wp-content\/uploads\/2015\/04\/Diaguitas1.jpg?w=210&#038;h=138&#038;ssl=1\" srcset=\"https:\/\/i0.wp.com\/eltrabajo.cl\/portal\/wp-content\/uploads\/2015\/04\/Diaguitas1.jpg?w=530&amp;ssl=1 530w, https:\/\/i0.wp.com\/eltrabajo.cl\/portal\/wp-content\/uploads\/2015\/04\/Diaguitas1.jpg?resize=200%2C132&amp;ssl=1 200w, https:\/\/i0.wp.com\/eltrabajo.cl\/portal\/wp-content\/uploads\/2015\/04\/Diaguitas1.jpg?resize=300%2C198&amp;ssl=1 300w, https:\/\/i0.wp.com\/eltrabajo.cl\/portal\/wp-content\/uploads\/2015\/04\/Diaguitas1.jpg?resize=150%2C99&amp;ssl=1 150w, https:\/\/i0.wp.com\/eltrabajo.cl\/portal\/wp-content\/uploads\/2015\/04\/Diaguitas1.jpg?resize=400%2C263&amp;ssl=1 400w\" width=\"210\" height=\"138\" loading=\"lazy\" data-original-width=\"210\" data-original-height=\"138\" itemprop=\"http:\/\/schema.org\/image\" title=\"Diaguitas1\" alt=\"CAMPEONES NACIONALES SNA EDUCA.- Ellos son nuestros j\u00f3venes industrialinos, ganadores a nivel nacional con el \u2018Ritual ancestral Plegaria del pueblo invocando a la lluvia\u2019 y \u2018Danza del C\u00f3ndor Canqui\u2019.\" style=\"width: 210px; height: 138px;\" \/> <\/a> <div class=\"tiled-gallery-caption\" itemprop=\"caption description\"> CAMPEONES NACIONALES SNA EDUCA.- Ellos son nuestros j\u00f3venes industrialinos, ganadores a nivel nacional con el \u2018Ritual ancestral Plegaria del pueblo invocando a la lluvia\u2019 y \u2018Danza del C\u00f3ndor Canqui\u2019. <\/div> <\/div> <\/div> <!-- close group --> <\/div> <!-- close row --> <div class=\"gallery-row\" style=\"width: 640px; height: 424px;\" data-original-width=\"640\" data-original-height=\"424\" > <div class=\"gallery-group images-1\" style=\"width: 640px; height: 424px;\" data-original-width=\"640\" data-original-height=\"424\" > <div class=\"tiled-gallery-item tiled-gallery-item-large\" itemprop=\"associatedMedia\" itemscope itemtype=\"http:\/\/schema.org\/ImageObject\"> <a href=\"https:\/\/eltrabajo.cl\/portal\/alumnos-de-la-industrial-ganan-v-campeonato-nacional-de-folclore-en-duao\/gisel-sepulveda\/\" border=\"0\" itemprop=\"url\"> <meta itemprop=\"width\" content=\"636\"> <meta itemprop=\"height\" content=\"420\"> <img decoding=\"async\" class=\"\" data-attachment-id=\"57644\" data-orig-file=\"https:\/\/eltrabajo.cl\/portal\/wp-content\/uploads\/2015\/04\/Gisel-Sepulveda.jpg\" data-orig-size=\"530,350\" data-comments-opened=\"1\" data-image-meta=\"{&quot;aperture&quot;:&quot;0&quot;,&quot;credit&quot;:&quot;&quot;,&quot;camera&quot;:&quot;&quot;,&quot;caption&quot;:&quot;&quot;,&quot;created_timestamp&quot;:&quot;0&quot;,&quot;copyright&quot;:&quot;&quot;,&quot;focal_length&quot;:&quot;0&quot;,&quot;iso&quot;:&quot;0&quot;,&quot;shutter_speed&quot;:&quot;0&quot;,&quot;title&quot;:&quot;&quot;,&quot;orientation&quot;:&quot;0&quot;}\" data-image-title=\"Gisel Sepulveda\" data-image-description=\"&lt;p&gt;Gisel Sep\u00falveda Libbrecht, instructora de Folclore en la Escuela Industrial.&lt;\/p&gt; \" data-medium-file=\"https:\/\/i0.wp.com\/eltrabajo.cl\/portal\/wp-content\/uploads\/2015\/04\/Gisel-Sepulveda.jpg?fit=300%2C198&#038;ssl=1\" data-large-file=\"https:\/\/i0.wp.com\/eltrabajo.cl\/portal\/wp-content\/uploads\/2015\/04\/Gisel-Sepulveda.jpg?fit=530%2C350&#038;ssl=1\" src=\"https:\/\/i0.wp.com\/eltrabajo.cl\/portal\/wp-content\/uploads\/2015\/04\/Gisel-Sepulveda.jpg?w=636&#038;h=420&#038;ssl=1\" srcset=\"https:\/\/i0.wp.com\/eltrabajo.cl\/portal\/wp-content\/uploads\/2015\/04\/Gisel-Sepulveda.jpg?w=530&amp;ssl=1 530w, https:\/\/i0.wp.com\/eltrabajo.cl\/portal\/wp-content\/uploads\/2015\/04\/Gisel-Sepulveda.jpg?resize=200%2C132&amp;ssl=1 200w, https:\/\/i0.wp.com\/eltrabajo.cl\/portal\/wp-content\/uploads\/2015\/04\/Gisel-Sepulveda.jpg?resize=300%2C198&amp;ssl=1 300w, https:\/\/i0.wp.com\/eltrabajo.cl\/portal\/wp-content\/uploads\/2015\/04\/Gisel-Sepulveda.jpg?resize=150%2C99&amp;ssl=1 150w, https:\/\/i0.wp.com\/eltrabajo.cl\/portal\/wp-content\/uploads\/2015\/04\/Gisel-Sepulveda.jpg?resize=400%2C264&amp;ssl=1 400w\" width=\"636\" height=\"420\" loading=\"lazy\" data-original-width=\"636\" data-original-height=\"420\" itemprop=\"http:\/\/schema.org\/image\" title=\"Gisel Sepulveda\" alt=\"Gisel Sep\u00falveda Libbrecht, instructora de Folclore en la Escuela Industrial.\" style=\"width: 636px; height: 420px;\" \/> <\/a> <div class=\"tiled-gallery-caption\" itemprop=\"caption description\"> Gisel Sep\u00falveda Libbrecht, instructora de Folclore en la Escuela Industrial. <\/div> <\/div> <\/div> <!-- close group --> <\/div> <!-- close row --> <\/div>\n","protected":false},"excerpt":{"rendered":"<p>Un gran aire triunfal se respira en las aulas de la Escuela Industrial Guillermo Richards Cuevas de San Felipe, luego de la excelente participaci\u00f3n que sus alumnos tuvieron en la 5\u00aa Competencia&#8230;<\/p>\n","protected":false},"author":482,"featured_media":57640,"comment_status":"open","ping_status":"open","sticky":false,"template":"","format":"standard","meta":{"advanced_seo_description":"","jetpack_seo_html_title":"","jetpack_seo_noindex":false,"_jetpack_memberships_contains_paid_content":false,"footnotes":""},"categories":[15],"tags":[],"class_list":["post-57639","post","type-post","status-publish","format-standard","has-post-thumbnail","hentry","category-comunidad"],"jetpack_featured_media_url":"https:\/\/i0.wp.com\/eltrabajo.cl\/portal\/wp-content\/uploads\/2015\/04\/Panoramica1.jpg?fit=530%2C349&ssl=1","jetpack_sharing_enabled":true,"jetpack_likes_enabled":true,"jetpack-related-posts":[],"_links":{"self":[{"href":"https:\/\/eltrabajo.cl\/portal\/wp-json\/wp\/v2\/posts\/57639","targetHints":{"allow":["GET"]}}],"collection":[{"href":"https:\/\/eltrabajo.cl\/portal\/wp-json\/wp\/v2\/posts"}],"about":[{"href":"https:\/\/eltrabajo.cl\/portal\/wp-json\/wp\/v2\/types\/post"}],"author":[{"embeddable":true,"href":"https:\/\/eltrabajo.cl\/portal\/wp-json\/wp\/v2\/users\/482"}],"replies":[{"embeddable":true,"href":"https:\/\/eltrabajo.cl\/portal\/wp-json\/wp\/v2\/comments?post=57639"}],"version-history":[{"count":0,"href":"https:\/\/eltrabajo.cl\/portal\/wp-json\/wp\/v2\/posts\/57639\/revisions"}],"wp:featuredmedia":[{"embeddable":true,"href":"https:\/\/eltrabajo.cl\/portal\/wp-json\/wp\/v2\/media\/57640"}],"wp:attachment":[{"href":"https:\/\/eltrabajo.cl\/portal\/wp-json\/wp\/v2\/media?parent=57639"}],"wp:term":[{"taxonomy":"category","embeddable":true,"href":"https:\/\/eltrabajo.cl\/portal\/wp-json\/wp\/v2\/categories?post=57639"},{"taxonomy":"post_tag","embeddable":true,"href":"https:\/\/eltrabajo.cl\/portal\/wp-json\/wp\/v2\/tags?post=57639"}],"curies":[{"name":"wp","href":"https:\/\/api.w.org\/{rel}","templated":true}]}}