{"id":57651,"date":"2015-05-04T09:31:33","date_gmt":"2015-05-04T12:31:33","guid":{"rendered":"http:\/\/www.eltrabajo.cl\/portal\/?p=57651"},"modified":"2015-05-04T09:35:19","modified_gmt":"2015-05-04T12:35:19","slug":"criticas-a-la-reforma-laboral-y-exigencia-de-nueva-constitucion-marcaron-conmemoracion-del-1o-de-mayo-en-la-provincia-evento-culmino-con-un-acto-cultural-en-la-plaza-de-la-comuna-de-calle-larga","status":"publish","type":"post","link":"https:\/\/eltrabajo.cl\/portal\/criticas-a-la-reforma-laboral-y-exigencia-de-nueva-constitucion-marcaron-conmemoracion-del-1o-de-mayo-en-la-provincia-evento-culmino-con-un-acto-cultural-en-la-plaza-de-la-comuna-de-calle-larga\/","title":{"rendered":"Cr\u00edticas a la reforma laboral y exigencia de nueva constituci\u00f3n marcaron conmemoraci\u00f3n del 1\u00ba de mayo en la provincia"},"content":{"rendered":"<figure id=\"attachment_57652\" aria-describedby=\"caption-attachment-57652\" style=\"width: 530px\" class=\"wp-caption alignnone\"><a href=\"https:\/\/i0.wp.com\/www.eltrabajo.cl\/portal\/wp-content\/uploads\/2015\/05\/primero_mayo_calle1.jpg\"><img data-recalc-dims=\"1\" loading=\"lazy\" decoding=\"async\" class=\"size-full wp-image-57652\" src=\"https:\/\/i0.wp.com\/www.eltrabajo.cl\/portal\/wp-content\/uploads\/2015\/05\/primero_mayo_calle1.jpg?resize=530%2C350\" alt=\"Con gran participaci\u00f3n se desarroll\u00f3 el acto de conmemoraci\u00f3n del d\u00eda del Trabajador, que por primera se llev\u00f3 a cabo en la plaza de la comuna de Calle Larga.\" width=\"530\" height=\"350\" srcset=\"https:\/\/i0.wp.com\/eltrabajo.cl\/portal\/wp-content\/uploads\/2015\/05\/primero_mayo_calle1.jpg?w=530&amp;ssl=1 530w, https:\/\/i0.wp.com\/eltrabajo.cl\/portal\/wp-content\/uploads\/2015\/05\/primero_mayo_calle1.jpg?resize=200%2C132&amp;ssl=1 200w, https:\/\/i0.wp.com\/eltrabajo.cl\/portal\/wp-content\/uploads\/2015\/05\/primero_mayo_calle1.jpg?resize=300%2C198&amp;ssl=1 300w, https:\/\/i0.wp.com\/eltrabajo.cl\/portal\/wp-content\/uploads\/2015\/05\/primero_mayo_calle1.jpg?resize=150%2C99&amp;ssl=1 150w, https:\/\/i0.wp.com\/eltrabajo.cl\/portal\/wp-content\/uploads\/2015\/05\/primero_mayo_calle1.jpg?resize=400%2C264&amp;ssl=1 400w\" sizes=\"auto, (max-width: 530px) 100vw, 530px\" \/><\/a><figcaption id=\"caption-attachment-57652\" class=\"wp-caption-text\">Con gran participaci\u00f3n se desarroll\u00f3 el acto de conmemoraci\u00f3n del d\u00eda del Trabajador, que por primera se llev\u00f3 a cabo en la plaza de la comuna de Calle Larga.<\/figcaption><\/figure>\n<ul>\n<li><strong>Evento culmin\u00f3 con un acto cultural en la plaza de la comuna de Calle Larga<\/strong>.<\/li>\n<\/ul>\n<p><strong>LOS ANDES.<\/strong>&#8211; Con una gran participaci\u00f3n de trabajadores y sus familias se desarroll\u00f3 el acto de conmemoraci\u00f3n del 1\u00ba de Mayo, que por primera se llev\u00f3 a cabo en la plaza de la comuna de Calle Larga.<br \/>\nTrabajadores y representantes de diversos sindicatos se dieron cita en esta acto, en donde el \u00e9nfasis en los discursos estuvo marcado por las cr\u00edticas a la reforma laboral y al hecho que las demandas de los trabajadores queden plasmados en ese cuerpo legal.<br \/>\nAsimismo, se plante\u00f3 la necesidad de llevar adelante un profundo cambio a la constituci\u00f3n o la creaci\u00f3n de una nueva carta magna que legitime los procesos pol\u00edticos y sociales que permitan realizar los cambios estructurales que todo el pa\u00eds espera.<br \/>\nEn esa l\u00ednea los dirigentes de la CUT local, encabezados por su presidente Guillermo Candia, plantearon que todos estos cambios que se han traducido en proyectos de ley enviados desde el ejecutivo al congreso deben hacerse con los trabajadores y no a espaldas de ellos.<br \/>\nDe esta manera, abogaron por una profunda reforma al sistema educacional que garantice la gratuidad y el acceso a la educaci\u00f3n superior de todos los chilenos.<br \/>\nGuillermo Candia destac\u00f3 la relevancia de poder haber descentralizado el acto del 1\u00ba mayo llev\u00e1ndolo hasta la comuna de Calle Larga en donde contaron con todo el apoyo de las autoridades locales.<br \/>\nRemarc\u00f3 que hoy d\u00eda los trabajadores deben hacer valer sus demandas sobre todo en cuanto a la aprobaci\u00f3n de la reforma laboral en los t\u00e9rminos en que los trabajadores esperan, \u201cporque nos parece muy extra\u00f1o que la reforma haya sido enviada entre gallos y medianoche al congreso y la lecci\u00f3n que sacamos es que los trabajadores tenemos que estar firmes y no podemos permitir que la huelga se criminalice, pues es un derecho fundamental que los trabajadores vamos a utilizar cada vez que sea necesaria para exigir nuestras demandas\u201d.<br \/>\nEl dirigente sostuvo adem\u00e1s que se debe llevar adelante una profunda reforma al sistema previsional chileno que garantice pensiones dignas y no el negociado que hoy existe por parte de las AFP.<br \/>\nPor su parte, el Presidente de la Confederaci\u00f3n de Trabajadores del Cobre, Manuel Ahumada, sostuvo que este 1\u00ba de mayo es una fecha para demostrar que los trabajadores deben seguir empujando las reformas laborales que la clase trabajadora de Chile requiere.<br \/>\n\u201cTenemos que hacer los esfuerzos para que los trabajadores de alguna manera nos manifestemos y empecemos a construir la articulaci\u00f3n de la gran movilizaci\u00f3n nacional que fue anunciada por la presidenta de la CUT para la primera semana de junio\u201d, expreso.<br \/>\nAhumada reiter\u00f3 que los argumentos de sus demandas ya fueron entregadas al gobierno y al parlamento y ahora solo cabe el espacio para la movilizaci\u00f3n como medida de presi\u00f3n.<br \/>\nEn cuanto al acuerdo marco que los contratistas deben llevar a cabo con Codelco, el presidente de la CTC afirm\u00f3 que este a\u00f1o debe quedar firmado si o si, \u201cpor lo que los trabajadores deben estar tranquilos y se avisar\u00e1 cuando se presente la propuesta de mejoramiento\u201d.<\/p>\n","protected":false},"excerpt":{"rendered":"<p>Evento culmin\u00f3 con un acto cultural en la plaza de la comuna de Calle Larga. LOS ANDES.&#8211; Con una gran participaci\u00f3n de trabajadores y sus familias se desarroll\u00f3 el acto de conmemoraci\u00f3n&#8230;<\/p>\n","protected":false},"author":482,"featured_media":57652,"comment_status":"open","ping_status":"open","sticky":false,"template":"","format":"standard","meta":{"advanced_seo_description":"","jetpack_seo_html_title":"","jetpack_seo_noindex":false,"_jetpack_memberships_contains_paid_content":false,"footnotes":""},"categories":[1],"tags":[],"class_list":["post-57651","post","type-post","status-publish","format-standard","has-post-thumbnail","hentry","category-cronica"],"jetpack_featured_media_url":"https:\/\/i0.wp.com\/eltrabajo.cl\/portal\/wp-content\/uploads\/2015\/05\/primero_mayo_calle1.jpg?fit=530%2C350&ssl=1","jetpack_sharing_enabled":true,"jetpack_likes_enabled":true,"jetpack-related-posts":[],"_links":{"self":[{"href":"https:\/\/eltrabajo.cl\/portal\/wp-json\/wp\/v2\/posts\/57651","targetHints":{"allow":["GET"]}}],"collection":[{"href":"https:\/\/eltrabajo.cl\/portal\/wp-json\/wp\/v2\/posts"}],"about":[{"href":"https:\/\/eltrabajo.cl\/portal\/wp-json\/wp\/v2\/types\/post"}],"author":[{"embeddable":true,"href":"https:\/\/eltrabajo.cl\/portal\/wp-json\/wp\/v2\/users\/482"}],"replies":[{"embeddable":true,"href":"https:\/\/eltrabajo.cl\/portal\/wp-json\/wp\/v2\/comments?post=57651"}],"version-history":[{"count":0,"href":"https:\/\/eltrabajo.cl\/portal\/wp-json\/wp\/v2\/posts\/57651\/revisions"}],"wp:featuredmedia":[{"embeddable":true,"href":"https:\/\/eltrabajo.cl\/portal\/wp-json\/wp\/v2\/media\/57652"}],"wp:attachment":[{"href":"https:\/\/eltrabajo.cl\/portal\/wp-json\/wp\/v2\/media?parent=57651"}],"wp:term":[{"taxonomy":"category","embeddable":true,"href":"https:\/\/eltrabajo.cl\/portal\/wp-json\/wp\/v2\/categories?post=57651"},{"taxonomy":"post_tag","embeddable":true,"href":"https:\/\/eltrabajo.cl\/portal\/wp-json\/wp\/v2\/tags?post=57651"}],"curies":[{"name":"wp","href":"https:\/\/api.w.org\/{rel}","templated":true}]}}